{"id":134670,"date":"2022-08-29T16:47:51","date_gmt":"2022-08-29T19:47:51","guid":{"rendered":"https:\/\/portalpopmais.com.br\/?p=134670"},"modified":"2022-08-29T16:53:05","modified_gmt":"2022-08-29T19:53:05","slug":"debate-band-lider-globo-fantastico-ibope","status":"publish","type":"post","link":"https:\/\/portalpopmais.com.br\/en\/debate-band-lider-globo-fantastico-ibope\/","title":{"rendered":"Primeiro debate com presidenci\u00e1veis faz Band liderar e Globo tem pior desempenho no &#8220;Fant\u00e1stico&#8221;"},"content":{"rendered":"<p class=\"wp-block-paragraph\">O primeiro debate com os candidatos \u00e0 presid\u00eancia da rep\u00fablica fez a <strong><a href=\"https:\/\/band.com.br\" data-type=\"URL\" data-id=\"https:\/\/band.com.br\" target=\"_blank\" rel=\"noopener\">Band <\/a><\/strong>sair na frente e ser <a href=\"https:\/\/portalpopmais.com.br\/en\/debate-band-sucesso-internet-youtube-twitter\/\" data-type=\"post\" data-id=\"134538\">um sucesso nas m\u00eddias digitais<\/a> e tamb\u00e9m na TV. O \u201c<strong>Fant\u00e1stico<\/strong>\u201d obteve seu pior desempenho no ano no confronto com a emissora do Morumbi, com apenas 15 pontos de m\u00e9dia.<\/p>\n\n\n\n<p class=\"wp-block-paragraph\">Al\u00e9m de ter sido um encontro que marcou a presen\u00e7a dos candidatos Jair Bolsonaro (PL) e Luiz In\u00e1cio Lula da Silva (PT), novos rostos foram conhecidos pelo p\u00fablico que acompanhavam o debate, como \u00e9 o caso de Soraya Thronicke (UB) e Felipe D\u2019\u00c1vila (NOVO).<\/p>\n\n\n\n<p class=\"wp-block-paragraph\">A Band cravou a lideran\u00e7a, fechando o encontro com m\u00e9dia de 13,7 pontos na maior metr\u00f3pole do pa\u00eds, contra 13,6 pontos do canal carioca. Apesar da diferen\u00e7a muito pequena, por diversas vezes o debate abriu vantagem sobre a revista eletr\u00f4nica de Maju Coutinho e Poliana Abritta.<\/p>\n\n\n\n<p class=\"wp-block-paragraph\">Mas n\u00e3o foi s\u00f3 a Globo que saiu perdendo. A RedeTV! perdeu a vez e a TV Cultura, emissora participante do pool da Band, pontuou 1,2 de m\u00e9dia, o suficiente para a emissora da Funda\u00e7\u00e3o Padre Anchieta ocupar o 5\u00ba lugar na Grande S\u00e3o Paulo.<\/p>\n\n\n\n<p class=\"wp-block-paragraph\">O bate-boca se estendeu al\u00e9m do est\u00fadio do debate. Com acusa\u00e7\u00f5es envolvendo Jair Bolsonaro, Lula, as candidatas Simone Tebet (MDB) e Soraya Thronicke foram os destaques do encontro. Al\u00e9m disso, o atual presidente atacou a jornalista Vera Magalh\u00e3es da TV Cultura.<\/p>\n\n\n\n<p class=\"wp-block-paragraph\">Internautas ainda interrogaram a organizadora do embate se Vera teria ou n\u00e3o um direito de resposta para defesa do coment\u00e1rio feito pelo candidato do Partido Liberal. O Portal UOL e a TV Cultura cederam um espa\u00e7o ap\u00f3s o debate para que a jornalista fizesse sua defesa.<\/p>\n\n\n\n<p class=\"wp-block-paragraph\">Os <a href=\"https:\/\/portalpopmais.com.br\/en\/janones-parte-pra-cima-salles-ministro-debate\/\" data-type=\"post\" data-id=\"134450\">apoiadores de Lula e Bolsonaro precisaram ser contidos<\/a> por seguran\u00e7as, ap\u00f3s discuss\u00f5es que foram se acalorando ainda no primeiro bloco do debate. O deputado Andr\u00e9 Janones (AVANTE), apoiador do petista, e o ex-ministro Ricardo Salles, na gest\u00e3o de Bolsonaro, trocaram acusa\u00e7\u00f5es na sala reservada aos assessores.<\/p>","protected":false},"excerpt":{"rendered":"<p>O primeiro debate com os candidatos \u00e0 presid\u00eancia da rep\u00fablica fez a Band sair na frente e ser um sucesso nas m\u00eddias digitais e tamb\u00e9m na TV. O \u201cFant\u00e1stico\u201d obteve seu pior desempenho no ano no confronto com a emissora do Morumbi, com apenas 15 pontos de m\u00e9dia. Al\u00e9m de ter sido um encontro que [&hellip;]<\/p>\n","protected":false},"author":2,"featured_media":134669,"comment_status":"closed","ping_status":"open","sticky":false,"template":"","format":"standard","meta":{"footnotes":""},"categories":[181],"tags":[],"class_list":["post-134670","post","type-post","status-publish","format-standard","has-post-thumbnail","hentry","category-televisao"],"_links":{"self":[{"href":"https:\/\/portalpopmais.com.br\/en\/wp-json\/wp\/v2\/posts\/134670","targetHints":{"allow":["GET"]}}],"collection":[{"href":"https:\/\/portalpopmais.com.br\/en\/wp-json\/wp\/v2\/posts"}],"about":[{"href":"https:\/\/portalpopmais.com.br\/en\/wp-json\/wp\/v2\/types\/post"}],"author":[{"embeddable":true,"href":"https:\/\/portalpopmais.com.br\/en\/wp-json\/wp\/v2\/users\/2"}],"replies":[{"embeddable":true,"href":"https:\/\/portalpopmais.com.br\/en\/wp-json\/wp\/v2\/comments?post=134670"}],"version-history":[{"count":0,"href":"https:\/\/portalpopmais.com.br\/en\/wp-json\/wp\/v2\/posts\/134670\/revisions"}],"wp:featuredmedia":[{"embeddable":true,"href":"https:\/\/portalpopmais.com.br\/en\/wp-json\/wp\/v2\/media\/134669"}],"wp:attachment":[{"href":"https:\/\/portalpopmais.com.br\/en\/wp-json\/wp\/v2\/media?parent=134670"}],"wp:term":[{"taxonomy":"category","embeddable":true,"href":"https:\/\/portalpopmais.com.br\/en\/wp-json\/wp\/v2\/categories?post=134670"},{"taxonomy":"post_tag","embeddable":true,"href":"https:\/\/portalpopmais.com.br\/en\/wp-json\/wp\/v2\/tags?post=134670"}],"curies":[{"name":"wp","href":"https:\/\/api.w.org\/{rel}","templated":true}]}}