{"id":13515,"date":"2018-12-10T13:26:27","date_gmt":"2018-12-10T13:26:27","guid":{"rendered":"http:\/\/popmais.com.br\/?p=13515"},"modified":"2018-12-10T13:26:27","modified_gmt":"2018-12-10T13:26:27","slug":"camila-cabello-anuncia-pausa-na-carreira-vou-me-inspirar-para-a-nova-era","status":"publish","type":"post","link":"https:\/\/portalpopmais.com.br\/en\/camila-cabello-anuncia-pausa-na-carreira-vou-me-inspirar-para-a-nova-era\/","title":{"rendered":"Camila Cabello anuncia pausa na carreira: \u2018Vou me inspirar para a nova era\u2019"},"content":{"rendered":"<p>Que os \u00faltimos dois anos foram intensos para<strong> Camila Cabello<\/strong>\u00a0ningu\u00e9m duvida. Turn\u00ea, performances em festivais, pr\u00eamios, \u00e1lbum de sucesso, UFA! Bom, o cristal cubano est\u00e1 pronto para ter um merecido descanso.<\/p>\n<p>Na \u00faltima semana, ela tocou em v\u00e1rios shows no <strong>iHeartRadio Jingle Ball<\/strong> e ainda ficou sabendo que\u00a0foi indicada a dois Grammys. Depois da rotina intensa, ela usou o Twitter para anunciar uma pausa para os feriados de fim de ano.<\/p>\n<p>\u201cVou ter o primeiro descanso real em 6 anos \u2013 vou descansar e me inspirar para a pr\u00f3xima era, MAL POSSO ESPERAR\u201d, escreveu Camila. Ela j\u00e1 est\u00e1 preparando o seu segundo disco da carreira solo, ainda sem data de estreia.<\/p>\n<blockquote class=\"twitter-tweet\" data-width=\"550\" data-dnt=\"true\">\n<p lang=\"en\" dir=\"ltr\">taking my first real break in 6 years &#8211; gonna get some rest and inspiration for the next era, I CAN\u2019T WAIT \u2728\u2728\u2728\u2728<\/p>\n<p>&mdash; camila (@Camila_Cabello) <a href=\"https:\/\/twitter.com\/Camila_Cabello\/status\/1071765170718957568?ref_src=twsrc%5Etfw\" target=\"_blank\" rel=\"noopener\">December 9, 2018<\/a><\/p><\/blockquote>\n<p><script async src=\"https:\/\/platform.twitter.com\/widgets.js\" charset=\"utf-8\"><\/script><\/p>","protected":false},"excerpt":{"rendered":"<p>Que os \u00faltimos dois anos foram intensos para Camila Cabello\u00a0ningu\u00e9m duvida. Turn\u00ea, performances em festivais, pr\u00eamios, \u00e1lbum de sucesso, UFA! Bom, o cristal cubano est\u00e1 pronto para ter um merecido descanso. Na \u00faltima semana, ela tocou em v\u00e1rios shows no iHeartRadio Jingle Ball e ainda ficou sabendo que\u00a0foi indicada a dois Grammys. Depois da rotina [&hellip;]<\/p>\n","protected":false},"author":2,"featured_media":13516,"comment_status":"closed","ping_status":"closed","sticky":false,"template":"","format":"standard","meta":{"footnotes":""},"categories":[154],"tags":[311],"class_list":["post-13515","post","type-post","status-publish","format-standard","has-post-thumbnail","hentry","category-musica","tag-camila-cabello"],"_links":{"self":[{"href":"https:\/\/portalpopmais.com.br\/en\/wp-json\/wp\/v2\/posts\/13515","targetHints":{"allow":["GET"]}}],"collection":[{"href":"https:\/\/portalpopmais.com.br\/en\/wp-json\/wp\/v2\/posts"}],"about":[{"href":"https:\/\/portalpopmais.com.br\/en\/wp-json\/wp\/v2\/types\/post"}],"author":[{"embeddable":true,"href":"https:\/\/portalpopmais.com.br\/en\/wp-json\/wp\/v2\/users\/2"}],"replies":[{"embeddable":true,"href":"https:\/\/portalpopmais.com.br\/en\/wp-json\/wp\/v2\/comments?post=13515"}],"version-history":[{"count":0,"href":"https:\/\/portalpopmais.com.br\/en\/wp-json\/wp\/v2\/posts\/13515\/revisions"}],"wp:attachment":[{"href":"https:\/\/portalpopmais.com.br\/en\/wp-json\/wp\/v2\/media?parent=13515"}],"wp:term":[{"taxonomy":"category","embeddable":true,"href":"https:\/\/portalpopmais.com.br\/en\/wp-json\/wp\/v2\/categories?post=13515"},{"taxonomy":"post_tag","embeddable":true,"href":"https:\/\/portalpopmais.com.br\/en\/wp-json\/wp\/v2\/tags?post=13515"}],"curies":[{"name":"wp","href":"https:\/\/api.w.org\/{rel}","templated":true}]}}