{"id":135547,"date":"2022-09-02T15:14:51","date_gmt":"2022-09-02T18:14:51","guid":{"rendered":"https:\/\/portalpopmais.com.br\/?p=135547"},"modified":"2022-09-02T16:32:42","modified_gmt":"2022-09-02T19:32:42","slug":"mamma-bruschetta-relembra-gugu","status":"publish","type":"post","link":"https:\/\/portalpopmais.com.br\/en\/mamma-bruschetta-relembra-gugu\/","title":{"rendered":"Mamma Bruschetta relembra caso antigo de Gugu com ator: &#8220;Todo mundo sabia&#8221;"},"content":{"rendered":"<p class=\"wp-block-paragraph\"><a href=\"https:\/\/portalpopmais.com.br\/en\/mamma-bruschetta-e-diagnosticada-com-cancer-no-esofago\/\" data-type=\"post\" data-id=\"36595\">Mamma Bruschetta<\/a>&nbsp;comentou sobre a sexualidade de&nbsp;<a href=\"https:\/\/portalpopmais.com.br\/en\/perfil-gugu-liberato-homenagem-jo-soares\/\" data-type=\"post\" data-id=\"130344\">Gugu Liberato<\/a>, falecido em 2019,&nbsp;durante sua participa\u00e7\u00e3o no podcast Supers\u00f4nico Cast. <\/p>\n\n\n\n<p class=\"wp-block-paragraph\">Na entrevista, Mamma foi questionada por qual motivo ela n\u00e3o gostaria de falar sobre o apresentador. Ela revelou que havia sido muito cruel com ele e com Marcelo Augusto, ex-integrante da Turma do Didi, ao contar que os dois namoraram.<\/p>\n\n\n\n<h2 class=\"wp-block-heading\">Veja tamb\u00e9m<\/h2>\n\n\n<ul class=\"wp-block-latest-posts__list is-grid aligncenter wp-block-latest-posts is-layout-flow wp-block-latest-posts-is-layout-flow\"><li><div class=\"wp-block-latest-posts__featured-image aligncenter\"><a href=\"https:\/\/portalpopmais.com.br\/en\/patricia-ramos-anuncia-fim-do-namoro-com-modelo-apos-dois-meses-e-responde-criticas-manda-curriculo\/\" aria-label=\"Patr\u00edcia Ramos anuncia fim do namoro com modelo ap\u00f3s dois meses e responde cr\u00edticas: &#8220;Manda curr\u00edculo&#8221;\"><img loading=\"lazy\" decoding=\"async\" width=\"768\" height=\"456\" src=\"https:\/\/portalpopmais.com.br\/wp-content\/uploads\/2026\/09\/texto-do-seu-paragrafo-2026-09-01t165110.515-768x456.jpeg\" class=\"attachment-medium size-medium wp-post-image\" alt=\"texto do seu paragrafo 2026 09 01t165110.515\" style=\"\" srcset=\"https:\/\/portalpopmais.com.br\/wp-content\/uploads\/2026\/09\/texto-do-seu-paragrafo-2026-09-01t165110.515-768x456.jpeg 768w, https:\/\/portalpopmais.com.br\/wp-content\/uploads\/2026\/09\/texto-do-seu-paragrafo-2026-09-01t165110.515-18x12.jpeg 18w\" sizes=\"auto, (max-width: 768px) 100vw, 768px\" title=\"\"><\/a><\/div><a class=\"wp-block-latest-posts__post-title\" href=\"https:\/\/portalpopmais.com.br\/en\/patricia-ramos-anuncia-fim-do-namoro-com-modelo-apos-dois-meses-e-responde-criticas-manda-curriculo\/\">Patr\u00edcia Ramos anuncia fim do namoro com modelo ap\u00f3s dois meses e responde cr\u00edticas: &#8220;Manda curr\u00edculo&#8221;<\/a><\/li>\n<li><div class=\"wp-block-latest-posts__featured-image aligncenter\"><a href=\"https:\/\/portalpopmais.com.br\/en\/esposa-tenta-convencer-roberto-justus-a-comer-escorpiao-e-grilo-durante-viagem-a-china\/\" aria-label=\"Esposa tenta convencer Roberto Justus a comer escorpi\u00e3o e grilo durante viagem \u00e0 China\"><img loading=\"lazy\" decoding=\"async\" width=\"768\" height=\"456\" src=\"https:\/\/portalpopmais.com.br\/wp-content\/uploads\/2026\/09\/image-16-768x456.png\" class=\"attachment-medium size-medium wp-post-image\" alt=\"image\" style=\"\" srcset=\"https:\/\/portalpopmais.com.br\/wp-content\/uploads\/2026\/09\/image-16-768x456.png 768w, https:\/\/portalpopmais.com.br\/wp-content\/uploads\/2026\/09\/image-16-18x10.png 18w, https:\/\/portalpopmais.com.br\/wp-content\/uploads\/2026\/09\/image-16-1170x694.png 1170w\" sizes=\"auto, (max-width: 768px) 100vw, 768px\" title=\"\"><\/a><\/div><a class=\"wp-block-latest-posts__post-title\" href=\"https:\/\/portalpopmais.com.br\/en\/esposa-tenta-convencer-roberto-justus-a-comer-escorpiao-e-grilo-durante-viagem-a-china\/\">Esposa tenta convencer Roberto Justus a comer escorpi\u00e3o e grilo durante viagem \u00e0 China<\/a><\/li>\n<li><div class=\"wp-block-latest-posts__featured-image aligncenter\"><a href=\"https:\/\/portalpopmais.com.br\/en\/harry-e-meghan-matriculam-archie-e-lilibet-em-escola-de-elite-com-mensalidade-superior-a-r-180-mil-por-ano\/\" aria-label=\"Harry e Meghan matriculam Archie e Lilibet em escola de elite com mensalidade superior a R$ 180 mil por ano\"><img loading=\"lazy\" decoding=\"async\" width=\"768\" height=\"456\" src=\"https:\/\/portalpopmais.com.br\/wp-content\/uploads\/2026\/09\/meghan-1766157304-3791124706129706755-54096840309-1--768x456.jpg\" class=\"attachment-medium size-medium wp-post-image\" alt=\"meghan 1766157304 3791124706129706755 54096840309 1\" style=\"\" srcset=\"https:\/\/portalpopmais.com.br\/wp-content\/uploads\/2026\/09\/meghan-1766157304-3791124706129706755-54096840309-1--768x456.jpg 768w, https:\/\/portalpopmais.com.br\/wp-content\/uploads\/2026\/09\/meghan-1766157304-3791124706129706755-54096840309-1--18x12.jpg 18w\" sizes=\"auto, (max-width: 768px) 100vw, 768px\" title=\"\"><\/a><\/div><a class=\"wp-block-latest-posts__post-title\" href=\"https:\/\/portalpopmais.com.br\/en\/harry-e-meghan-matriculam-archie-e-lilibet-em-escola-de-elite-com-mensalidade-superior-a-r-180-mil-por-ano\/\">Harry e Meghan matriculam Archie e Lilibet em escola de elite com mensalidade superior a R$ 180 mil por ano<\/a><\/li>\n<li><div class=\"wp-block-latest-posts__featured-image aligncenter\"><a href=\"https:\/\/portalpopmais.com.br\/en\/simone-mendes-e-alvo-de-acao-de-r-13-milhao-apos-desabamento-atingir-casa-de-guitarrista-do-tihuana\/\" aria-label=\"Simone Mendes \u00e9 alvo de a\u00e7\u00e3o de R$ 1,3 milh\u00e3o ap\u00f3s desabamento atingir casa de guitarrista do Tihuana\"><img loading=\"lazy\" decoding=\"async\" width=\"768\" height=\"456\" src=\"https:\/\/portalpopmais.com.br\/wp-content\/uploads\/2022\/08\/WhatsApp-Image-2022-08-24-at-14.21.33-768x456.jpeg\" class=\"attachment-medium size-medium wp-post-image\" alt=\"Simone Mendes - Foto: Marcio Amaral\" style=\"\" title=\"\"><\/a><\/div><a class=\"wp-block-latest-posts__post-title\" href=\"https:\/\/portalpopmais.com.br\/en\/simone-mendes-e-alvo-de-acao-de-r-13-milhao-apos-desabamento-atingir-casa-de-guitarrista-do-tihuana\/\">Simone Mendes \u00e9 alvo de a\u00e7\u00e3o de R$ 1,3 milh\u00e3o ap\u00f3s desabamento atingir casa de guitarrista do Tihuana<\/a><\/li>\n<li><div class=\"wp-block-latest-posts__featured-image aligncenter\"><a href=\"https:\/\/portalpopmais.com.br\/en\/lionel-richie-investigacao-problema-cardiaco\/\" aria-label=\"Lionel Richie segue internado na UTI e m\u00e9dicos investigam problemas card\u00edacos\"><img loading=\"lazy\" decoding=\"async\" width=\"768\" height=\"456\" src=\"https:\/\/portalpopmais.com.br\/wp-content\/uploads\/2025\/09\/lionel-richie-live-2023-getty-768x456.jpg\" class=\"attachment-medium size-medium wp-post-image\" alt=\"\" style=\"\" srcset=\"https:\/\/portalpopmais.com.br\/wp-content\/uploads\/2025\/09\/lionel-richie-live-2023-getty-768x456.jpg 768w, https:\/\/portalpopmais.com.br\/wp-content\/uploads\/2025\/09\/lionel-richie-live-2023-getty-1170x694.jpg 1170w, https:\/\/portalpopmais.com.br\/wp-content\/uploads\/2025\/09\/lionel-richie-live-2023-getty-18x12.jpg 18w\" sizes=\"auto, (max-width: 768px) 100vw, 768px\" title=\"\"><\/a><\/div><a class=\"wp-block-latest-posts__post-title\" href=\"https:\/\/portalpopmais.com.br\/en\/lionel-richie-investigacao-problema-cardiaco\/\">Lionel Richie segue internado na UTI e m\u00e9dicos investigam problemas card\u00edacos<\/a><\/li>\n<li><div class=\"wp-block-latest-posts__featured-image aligncenter\"><a href=\"https:\/\/portalpopmais.com.br\/en\/morre-gracindo-jr\/\" aria-label=\"Morre o ator e diretor Gracindo Jr., aos 83 anos\"><img loading=\"lazy\" decoding=\"async\" width=\"768\" height=\"456\" src=\"https:\/\/portalpopmais.com.br\/wp-content\/uploads\/2026\/09\/morre-gracindo-jr-768x456.png\" class=\"attachment-medium size-medium wp-post-image\" alt=\"morre gracindo jr\" style=\"\" srcset=\"https:\/\/portalpopmais.com.br\/wp-content\/uploads\/2026\/09\/morre-gracindo-jr-768x456.png 768w, https:\/\/portalpopmais.com.br\/wp-content\/uploads\/2026\/09\/morre-gracindo-jr-1170x694.png 1170w, https:\/\/portalpopmais.com.br\/wp-content\/uploads\/2026\/09\/morre-gracindo-jr-18x12.png 18w\" sizes=\"auto, (max-width: 768px) 100vw, 768px\" title=\"\"><\/a><\/div><a class=\"wp-block-latest-posts__post-title\" href=\"https:\/\/portalpopmais.com.br\/en\/morre-gracindo-jr\/\">Morre o ator e diretor Gracindo Jr., aos 83 anos<\/a><\/li>\n<\/ul>\n\n\n<p class=\"wp-block-paragraph\">\u201cEu n\u00e3o estava falando nenhuma mentira, mas eu n\u00e3o tinha necessidade de expor aquela pessoa\u201d, disse, explicando que ficou aliviada quando foi liberada de fazer esse tipo de coment\u00e1rio sobre celebridades. <\/p>\n\n\n\n<p class=\"wp-block-paragraph\">Mamma assumiu que n\u00e3o \u00e9 seu papel dar a bomba do ano escancarando a vida de ningu\u00e9m e que seu desejo n\u00e3o \u00e9 infernizar a vida das pessoas.<\/p>\n\n\n\n<p class=\"wp-block-paragraph\">\u201cEle n\u00e3o teve oportunidade de se assumir, primeiro que ele n\u00e3o quis. No nosso tempo, ele tinha um programa de fam\u00edlia, era tudo resguardado, voc\u00ea fingia as coisas\u201d, disse a apresentadora. <\/p>\n\n\n\n<p class=\"wp-block-paragraph\">\u201cO Gugu era gay, ele n\u00e3o queria que fosse t\u00e3o exposto. Ele tinha esses relacionamentos, ele tinha fotos com todos. Ele tinha viagem com todos, n\u00e3o era t\u00e3o secreto\u201d, concluiu.<\/p>","protected":false},"excerpt":{"rendered":"<p>Mamma Bruschetta&nbsp;comentou sobre a sexualidade de&nbsp;Gugu Liberato, falecido em 2019,&nbsp;durante sua participa\u00e7\u00e3o no podcast Supers\u00f4nico Cast. Na entrevista, Mamma foi questionada por qual motivo ela n\u00e3o gostaria de falar sobre o apresentador. Ela revelou que havia sido muito cruel com ele e com Marcelo Augusto, ex-integrante da Turma do Didi, ao contar que os dois [&hellip;]<\/p>\n","protected":false},"author":3,"featured_media":135548,"comment_status":"closed","ping_status":"open","sticky":false,"template":"","format":"standard","meta":{"footnotes":""},"categories":[173],"tags":[1160,4658],"class_list":["post-135547","post","type-post","status-publish","format-standard","has-post-thumbnail","hentry","category-celebridades","tag-gugu","tag-mamma-bruschetta"],"_links":{"self":[{"href":"https:\/\/portalpopmais.com.br\/en\/wp-json\/wp\/v2\/posts\/135547","targetHints":{"allow":["GET"]}}],"collection":[{"href":"https:\/\/portalpopmais.com.br\/en\/wp-json\/wp\/v2\/posts"}],"about":[{"href":"https:\/\/portalpopmais.com.br\/en\/wp-json\/wp\/v2\/types\/post"}],"author":[{"embeddable":true,"href":"https:\/\/portalpopmais.com.br\/en\/wp-json\/wp\/v2\/users\/3"}],"replies":[{"embeddable":true,"href":"https:\/\/portalpopmais.com.br\/en\/wp-json\/wp\/v2\/comments?post=135547"}],"version-history":[{"count":0,"href":"https:\/\/portalpopmais.com.br\/en\/wp-json\/wp\/v2\/posts\/135547\/revisions"}],"wp:featuredmedia":[{"embeddable":true,"href":"https:\/\/portalpopmais.com.br\/en\/wp-json\/wp\/v2\/media\/135548"}],"wp:attachment":[{"href":"https:\/\/portalpopmais.com.br\/en\/wp-json\/wp\/v2\/media?parent=135547"}],"wp:term":[{"taxonomy":"category","embeddable":true,"href":"https:\/\/portalpopmais.com.br\/en\/wp-json\/wp\/v2\/categories?post=135547"},{"taxonomy":"post_tag","embeddable":true,"href":"https:\/\/portalpopmais.com.br\/en\/wp-json\/wp\/v2\/tags?post=135547"}],"curies":[{"name":"wp","href":"https:\/\/api.w.org\/{rel}","templated":true}]}}