{"id":136411,"date":"2022-09-06T11:35:03","date_gmt":"2022-09-06T14:35:03","guid":{"rendered":"https:\/\/portalpopmais.com.br\/?p=136411"},"modified":"2022-09-06T11:35:08","modified_gmt":"2022-09-06T14:35:08","slug":"quem-e-iran-malfitano-confirmado-em-a-fazenda-14","status":"publish","type":"post","link":"https:\/\/portalpopmais.com.br\/en\/quem-e-iran-malfitano-confirmado-em-a-fazenda-14\/","title":{"rendered":"Quem \u00e9 Iran Malfitano, confirmado em &#8220;A Fazenda 14&#8221;?"},"content":{"rendered":"<p>Na manh\u00e3 desta ter\u00e7a (06), est\u00e1 sendo revelado os seis primeiros pe\u00f5es que ir\u00e3o participar de \u201c<a href=\"https:\/\/portalpopmais.com.br\/en\/quem-e-ruivinha-de-marte-confirmada-em-a-fazenda-14\/\">A Fazenda 14<\/a>\u201d.<\/p>\n\n\n\n<p>Um deles \u00e9 o ator <strong><a href=\"http:\/\/instagram.com\/portalpopmais\" target=\"_blank\" rel=\"noopener\">Iran Malfitano<\/a><\/strong>. Ele se destacou como o protagonista Gui em &#8220;Malha\u00e7\u00e3o&#8221;, os mulherengos Carlito em &#8220;Kubanacan&#8221; e T\u00e9o &#8220;Cobras &amp; Lagartos&#8221; e o extravagante homossexual Orlandinho &#8220;A Favorita&#8221;.<\/p>\n\n\n\n<p>Hoje, aos 40 anos, o ator vive longe das telinhas e j\u00e1 trabalhou como motorista de aplicativo, deu aulas de teatro e disse em coletiva de imprensa do reality que \u00e9 tranquilo, mas n\u00e3o aguenta falsidade e injusti\u00e7a.<\/p>\n\n\n\n<figure class=\"wp-block-embed is-type-rich is-provider-instagram wp-block-embed-instagram\"><div class=\"wp-block-embed__wrapper\">\nhttps:\/\/www.instagram.com\/p\/CiBL_RaLn8V\/\n<\/div><\/figure>","protected":false},"excerpt":{"rendered":"<p>Na manh\u00e3 desta ter\u00e7a (06), est\u00e1 sendo revelado os seis primeiros pe\u00f5es que ir\u00e3o participar de \u201cA Fazenda 14\u201d. Um deles \u00e9 o ator Iran Malfitano. Ele se destacou como o protagonista Gui em &#8220;Malha\u00e7\u00e3o&#8221;, os mulherengos Carlito em &#8220;Kubanacan&#8221; e T\u00e9o &#8220;Cobras &amp; Lagartos&#8221; e o extravagante homossexual Orlandinho &#8220;A Favorita&#8221;. Hoje, aos 40 [&hellip;]<\/p>\n","protected":false},"author":2,"featured_media":136413,"comment_status":"closed","ping_status":"open","sticky":false,"template":"","format":"standard","meta":{"footnotes":""},"categories":[8605],"tags":[9241,12207],"class_list":["post-136411","post","type-post","status-publish","format-standard","has-post-thumbnail","hentry","category-realities","tag-a-fazenda-14","tag-iran-malfitano"],"_links":{"self":[{"href":"https:\/\/portalpopmais.com.br\/en\/wp-json\/wp\/v2\/posts\/136411","targetHints":{"allow":["GET"]}}],"collection":[{"href":"https:\/\/portalpopmais.com.br\/en\/wp-json\/wp\/v2\/posts"}],"about":[{"href":"https:\/\/portalpopmais.com.br\/en\/wp-json\/wp\/v2\/types\/post"}],"author":[{"embeddable":true,"href":"https:\/\/portalpopmais.com.br\/en\/wp-json\/wp\/v2\/users\/2"}],"replies":[{"embeddable":true,"href":"https:\/\/portalpopmais.com.br\/en\/wp-json\/wp\/v2\/comments?post=136411"}],"version-history":[{"count":0,"href":"https:\/\/portalpopmais.com.br\/en\/wp-json\/wp\/v2\/posts\/136411\/revisions"}],"wp:featuredmedia":[{"embeddable":true,"href":"https:\/\/portalpopmais.com.br\/en\/wp-json\/wp\/v2\/media\/136413"}],"wp:attachment":[{"href":"https:\/\/portalpopmais.com.br\/en\/wp-json\/wp\/v2\/media?parent=136411"}],"wp:term":[{"taxonomy":"category","embeddable":true,"href":"https:\/\/portalpopmais.com.br\/en\/wp-json\/wp\/v2\/categories?post=136411"},{"taxonomy":"post_tag","embeddable":true,"href":"https:\/\/portalpopmais.com.br\/en\/wp-json\/wp\/v2\/tags?post=136411"}],"curies":[{"name":"wp","href":"https:\/\/api.w.org\/{rel}","templated":true}]}}