{"id":136590,"date":"2022-09-07T07:25:30","date_gmt":"2022-09-07T10:25:30","guid":{"rendered":"https:\/\/portalpopmais.com.br\/?p=136590"},"modified":"2022-09-07T07:25:35","modified_gmt":"2022-09-07T10:25:35","slug":"homem-diz-que-foi-esfaqueado-durante-show-de-gusttavo-lima-em-goiania","status":"publish","type":"post","link":"https:\/\/portalpopmais.com.br\/en\/homem-diz-que-foi-esfaqueado-durante-show-de-gusttavo-lima-em-goiania\/","title":{"rendered":"Homem diz que foi esfaqueado durante show de Gusttavo Lima em Goi\u00e2nia"},"content":{"rendered":"\n<p class=\"wp-block-paragraph\">O vistoriador de carro Matheus Fernandes, de 26 anos, fez um boletim de ocorr\u00eancia relatando que foi esfaqueado durante o show de <strong><a href=\"https:\/\/portalpopmais.com.br\/hugo-e-guilherme-gusttavo-lima-single-cheiro-de-balada\/\" data-type=\"post\" data-id=\"130188\">Gusttavo Lima<\/a><\/strong> no Est\u00e1dio Serra Dourada, em Goi\u00e2nia.<\/p>\n\n\n\n<p class=\"wp-block-paragraph\">Durante uma entrevista exibida ontem no \u201cBom Dia GO\u201d, da TV Anhanguera, afiliada da Globo, o jovem disse que foi golpeado quando tentava separar uma briga. Segundo ele, um homem agrediu com um tapa sua amiga e o marido dela partiu para cima do agressor.<\/p>\n\n\n\n<h2 class=\"wp-block-heading\">Veja tamb\u00e9m<\/h2>\n\n\n<ul class=\"wp-block-latest-posts__list is-grid wp-block-latest-posts is-layout-flow wp-block-latest-posts-is-layout-flow\"><li><div class=\"wp-block-latest-posts__featured-image aligncenter\"><a href=\"https:\/\/portalpopmais.com.br\/en\/exame-de-dna-revela-se-chico-buarque-e-pai-de-homem-de-64-anos\/\" aria-label=\"Exame de DNA revela se Chico Buarque \u00e9 pai de homem de 64 anos\"><img loading=\"lazy\" decoding=\"async\" width=\"768\" height=\"456\" src=\"https:\/\/portalpopmais.com.br\/wp-content\/uploads\/2025\/09\/Chico-Buarque-768x456.png\" class=\"attachment-medium size-medium wp-post-image\" alt=\"\" style=\"\" srcset=\"https:\/\/portalpopmais.com.br\/wp-content\/uploads\/2025\/09\/Chico-Buarque-768x456.png 768w, https:\/\/portalpopmais.com.br\/wp-content\/uploads\/2025\/09\/Chico-Buarque-1170x694.png 1170w, https:\/\/portalpopmais.com.br\/wp-content\/uploads\/2025\/09\/Chico-Buarque-18x10.png 18w\" sizes=\"auto, (max-width: 768px) 100vw, 768px\" title=\"\"><\/a><\/div><a class=\"wp-block-latest-posts__post-title\" href=\"https:\/\/portalpopmais.com.br\/en\/exame-de-dna-revela-se-chico-buarque-e-pai-de-homem-de-64-anos\/\">Exame de DNA revela se Chico Buarque \u00e9 pai de homem de 64 anos<\/a><\/li>\n<li><div class=\"wp-block-latest-posts__featured-image aligncenter\"><a href=\"https:\/\/portalpopmais.com.br\/en\/quem-era-o-musico-mexicano-morto-ao-lado-da-familia-em-cobertura-de-luxo\/\" aria-label=\"Quem era o m\u00fasico mexicano morto ao lado da fam\u00edlia em cobertura de luxo\"><img loading=\"lazy\" decoding=\"async\" width=\"768\" height=\"456\" src=\"https:\/\/portalpopmais.com.br\/wp-content\/uploads\/2026\/09\/saveclip-app_555063932_18533902951002774_7851612078905016613_n-qxttx15tncyq-768x456.jpg\" class=\"attachment-medium size-medium wp-post-image\" alt=\"\" style=\"\" srcset=\"https:\/\/portalpopmais.com.br\/wp-content\/uploads\/2026\/09\/saveclip-app_555063932_18533902951002774_7851612078905016613_n-qxttx15tncyq-768x456.jpg 768w, https:\/\/portalpopmais.com.br\/wp-content\/uploads\/2026\/09\/saveclip-app_555063932_18533902951002774_7851612078905016613_n-qxttx15tncyq-18x12.jpg 18w\" sizes=\"auto, (max-width: 768px) 100vw, 768px\" title=\"\"><\/a><\/div><a class=\"wp-block-latest-posts__post-title\" href=\"https:\/\/portalpopmais.com.br\/en\/quem-era-o-musico-mexicano-morto-ao-lado-da-familia-em-cobertura-de-luxo\/\">Quem era o m\u00fasico mexicano morto ao lado da fam\u00edlia em cobertura de luxo<\/a><\/li>\n<li><div class=\"wp-block-latest-posts__featured-image aligncenter\"><a href=\"https:\/\/portalpopmais.com.br\/en\/amigo-de-titina-medeiros-ator-e-produtor-marcilio-amorim-morre-aos-48-anos-dias-apos-homenagem-a-atriz\/\" aria-label=\"Amigo de Titina Medeiros, ator e produtor Marc\u00edlio Amorim morre aos 48 anos dias ap\u00f3s homenagem \u00e0 atriz\"><img loading=\"lazy\" decoding=\"async\" width=\"768\" height=\"456\" src=\"https:\/\/portalpopmais.com.br\/wp-content\/uploads\/2026\/09\/marcilio-amorim-e-titina-medeiros-768x456.webp\" class=\"attachment-medium size-medium wp-post-image\" alt=\"\" style=\"\" srcset=\"https:\/\/portalpopmais.com.br\/wp-content\/uploads\/2026\/09\/marcilio-amorim-e-titina-medeiros-768x456.webp 768w, https:\/\/portalpopmais.com.br\/wp-content\/uploads\/2026\/09\/marcilio-amorim-e-titina-medeiros-1170x694.webp 1170w, https:\/\/portalpopmais.com.br\/wp-content\/uploads\/2026\/09\/marcilio-amorim-e-titina-medeiros-18x12.webp 18w\" sizes=\"auto, (max-width: 768px) 100vw, 768px\" title=\"\"><\/a><\/div><a class=\"wp-block-latest-posts__post-title\" href=\"https:\/\/portalpopmais.com.br\/en\/amigo-de-titina-medeiros-ator-e-produtor-marcilio-amorim-morre-aos-48-anos-dias-apos-homenagem-a-atriz\/\">Amigo de Titina Medeiros, ator e produtor Marc\u00edlio Amorim morre aos 48 anos dias ap\u00f3s homenagem \u00e0 atriz<\/a><\/li>\n<li><div class=\"wp-block-latest-posts__featured-image aligncenter\"><a href=\"https:\/\/portalpopmais.com.br\/en\/fabiana-justus-cai-em-golpe-ao-reservar-hotel-em-fernando-de-noronha-nao-tinha-como-desconfiar\/\" aria-label=\"Fabiana Justus cai em golpe ao reservar hotel em Fernando de Noronha: &#8220;N\u00e3o tinha como desconfiar&#8221;\"><img loading=\"lazy\" decoding=\"async\" width=\"768\" height=\"456\" src=\"https:\/\/portalpopmais.com.br\/wp-content\/uploads\/2026\/09\/befunky-collage-768x456.jpeg\" class=\"attachment-medium size-medium wp-post-image\" alt=\"\" style=\"\" srcset=\"https:\/\/portalpopmais.com.br\/wp-content\/uploads\/2026\/09\/befunky-collage-768x456.jpeg 768w, https:\/\/portalpopmais.com.br\/wp-content\/uploads\/2026\/09\/befunky-collage-18x12.jpeg 18w\" sizes=\"auto, (max-width: 768px) 100vw, 768px\" title=\"\"><\/a><\/div><a class=\"wp-block-latest-posts__post-title\" href=\"https:\/\/portalpopmais.com.br\/en\/fabiana-justus-cai-em-golpe-ao-reservar-hotel-em-fernando-de-noronha-nao-tinha-como-desconfiar\/\">Fabiana Justus cai em golpe ao reservar hotel em Fernando de Noronha: &#8220;N\u00e3o tinha como desconfiar&#8221;<\/a><\/li>\n<li><div class=\"wp-block-latest-posts__featured-image aligncenter\"><a href=\"https:\/\/portalpopmais.com.br\/en\/julio-iglesias-nova-denuncia-agressao-sexual-trabalho-forcado\/\" aria-label=\"Julio Iglesias volta a ser alvo de den\u00fancia por agress\u00e3o sexual e trabalho for\u00e7ado\"><img loading=\"lazy\" decoding=\"async\" width=\"768\" height=\"456\" src=\"https:\/\/portalpopmais.com.br\/wp-content\/uploads\/2026\/01\/julio-iglesias-768x456.jpg\" class=\"attachment-medium size-medium wp-post-image\" alt=\"\" style=\"\" srcset=\"https:\/\/portalpopmais.com.br\/wp-content\/uploads\/2026\/01\/julio-iglesias-768x456.jpg 768w, https:\/\/portalpopmais.com.br\/wp-content\/uploads\/2026\/01\/julio-iglesias-1170x694.jpg 1170w, https:\/\/portalpopmais.com.br\/wp-content\/uploads\/2026\/01\/julio-iglesias-18x10.jpg 18w\" sizes=\"auto, (max-width: 768px) 100vw, 768px\" title=\"\"><\/a><\/div><a class=\"wp-block-latest-posts__post-title\" href=\"https:\/\/portalpopmais.com.br\/en\/julio-iglesias-nova-denuncia-agressao-sexual-trabalho-forcado\/\">Julio Iglesias volta a ser alvo de den\u00fancia por agress\u00e3o sexual e trabalho for\u00e7ado<\/a><\/li>\n<li><div class=\"wp-block-latest-posts__featured-image aligncenter\"><a href=\"https:\/\/portalpopmais.com.br\/en\/pedro-scooby-admite-arrependimento-por-expor-briga-com-luana-piovani-nem-era-para-ter-falado\/\" aria-label=\"Pedro Scooby admite arrependimento por expor briga com Luana Piovani: &#8220;Nem era para ter falado&#8221;\"><img loading=\"lazy\" decoding=\"async\" width=\"768\" height=\"456\" src=\"https:\/\/portalpopmais.com.br\/wp-content\/uploads\/2025\/11\/Luana-Piovani-alfineta-Pedro-Scooby-sobre-valor-da-pensao-paga-aos-filhos-768x456.jpg\" class=\"attachment-medium size-medium wp-post-image\" alt=\"Luana Piovani alfineta Pedro Scooby sobre valor da pens\u00e3o paga aos filhos: \u201cbem inferior\u201d\" style=\"\" srcset=\"https:\/\/portalpopmais.com.br\/wp-content\/uploads\/2025\/11\/Luana-Piovani-alfineta-Pedro-Scooby-sobre-valor-da-pensao-paga-aos-filhos-768x456.jpg 768w, https:\/\/portalpopmais.com.br\/wp-content\/uploads\/2025\/11\/Luana-Piovani-alfineta-Pedro-Scooby-sobre-valor-da-pensao-paga-aos-filhos-1170x694.jpg 1170w, https:\/\/portalpopmais.com.br\/wp-content\/uploads\/2025\/11\/Luana-Piovani-alfineta-Pedro-Scooby-sobre-valor-da-pensao-paga-aos-filhos-18x10.jpg 18w\" sizes=\"auto, (max-width: 768px) 100vw, 768px\" title=\"\"><\/a><\/div><a class=\"wp-block-latest-posts__post-title\" href=\"https:\/\/portalpopmais.com.br\/en\/pedro-scooby-admite-arrependimento-por-expor-briga-com-luana-piovani-nem-era-para-ter-falado\/\">Pedro Scooby admite arrependimento por expor briga com Luana Piovani: &#8220;Nem era para ter falado&#8221;<\/a><\/li>\n<\/ul>\n\n\n<p class=\"wp-block-paragraph\"><em>\u201cEu tentei acabar com a briga, mas eles queriam brigar de qualquer forma. Na muvuca, [o homem que agrediu a mulher] me deu uma facada nas costas. Nesse meio tempo eu perdi meu celular, ele [amigo] perdeu o dele, ela [amiga] perdeu o dela. Ao total, foram tr\u00eas celulares perdidos nessa noite\u201d,<\/em> <a href=\"http:\/\/twitter.com\/sitepopmais\" target=\"_blank\" rel=\"noopener\">relatou<\/a>.<\/p>\n\n\n\n<p class=\"wp-block-paragraph\">Matheus ainda contou que na hora n\u00e3o percebeu que havia sido esfaqueado, apenas algum tempo depois: <em>\u201cNa hora, s\u00f3 ardeu as costas. Achei que eu tinha levado um murro ou alguma coisa. Mas o pessoal come\u00e7ou a falar que estava sangrando, molhou a camisa\u201d.<\/em><\/p>\n\n\n\n<p class=\"wp-block-paragraph\">Ao perceber, foi socorrido e levado para o hospital, onde levou 20 pontos nas costas.<\/p>\n\n\n\n<p class=\"wp-block-paragraph\">At\u00e9 o momento, a assessoria do cantor ainda n\u00e3o se pronunciou sobre o assunto.<\/p>\n","protected":false},"excerpt":{"rendered":"<p>O vistoriador de carro Matheus Fernandes, de 26 anos, fez um boletim de ocorr\u00eancia relatando que foi esfaqueado durante o show de Gusttavo Lima no Est\u00e1dio Serra Dourada, em Goi\u00e2nia. Durante uma entrevista exibida ontem no \u201cBom Dia GO\u201d, da TV Anhanguera, afiliada da Globo, o jovem disse que foi golpeado quando tentava separar uma [&hellip;]<\/p>\n","protected":false},"author":2,"featured_media":136595,"comment_status":"closed","ping_status":"open","sticky":false,"template":"","format":"standard","meta":{"footnotes":""},"categories":[154],"tags":[1004],"class_list":["post-136590","post","type-post","status-publish","format-standard","has-post-thumbnail","hentry","category-musica","tag-gusttavo-lima"],"_links":{"self":[{"href":"https:\/\/portalpopmais.com.br\/en\/wp-json\/wp\/v2\/posts\/136590","targetHints":{"allow":["GET"]}}],"collection":[{"href":"https:\/\/portalpopmais.com.br\/en\/wp-json\/wp\/v2\/posts"}],"about":[{"href":"https:\/\/portalpopmais.com.br\/en\/wp-json\/wp\/v2\/types\/post"}],"author":[{"embeddable":true,"href":"https:\/\/portalpopmais.com.br\/en\/wp-json\/wp\/v2\/users\/2"}],"replies":[{"embeddable":true,"href":"https:\/\/portalpopmais.com.br\/en\/wp-json\/wp\/v2\/comments?post=136590"}],"version-history":[{"count":0,"href":"https:\/\/portalpopmais.com.br\/en\/wp-json\/wp\/v2\/posts\/136590\/revisions"}],"wp:featuredmedia":[{"embeddable":true,"href":"https:\/\/portalpopmais.com.br\/en\/wp-json\/wp\/v2\/media\/136595"}],"wp:attachment":[{"href":"https:\/\/portalpopmais.com.br\/en\/wp-json\/wp\/v2\/media?parent=136590"}],"wp:term":[{"taxonomy":"category","embeddable":true,"href":"https:\/\/portalpopmais.com.br\/en\/wp-json\/wp\/v2\/categories?post=136590"},{"taxonomy":"post_tag","embeddable":true,"href":"https:\/\/portalpopmais.com.br\/en\/wp-json\/wp\/v2\/tags?post=136590"}],"curies":[{"name":"wp","href":"https:\/\/api.w.org\/{rel}","templated":true}]}}