{"id":136786,"date":"2022-09-08T09:03:15","date_gmt":"2022-09-08T12:03:15","guid":{"rendered":"https:\/\/portalpopmais.com.br\/?p=136786"},"modified":"2022-09-08T09:03:20","modified_gmt":"2022-09-08T12:03:20","slug":"arrascaeta-nude-colega-flamengo","status":"publish","type":"post","link":"https:\/\/portalpopmais.com.br\/en\/arrascaeta-nude-colega-flamengo\/","title":{"rendered":"Arrascaeta deixa escapar nude de colega do Flamengo e registro viraliza; veja"},"content":{"rendered":"<p>No in\u00edcio da madrugada desta quinta-feira (08), o jogador do Flamengo <strong><a href=\"https:\/\/portalpopmais.com.br\/en\/arrascaeta-festa-anitta\/\" data-type=\"post\" data-id=\"98354\">Giorgian De Arrascaeta<\/a><\/strong> deixou escapar um colega do Flamengo tomando banho nos Stories do Instagram. O rosto do rapaz, que estava pelado, n\u00e3o aparece, no entanto, sua parte \u00edntima ficou em destaque no registro, que viralizou no <a href=\"http:\/\/twitter.com\/sitepopmais\" target=\"_blank\" rel=\"noopener\">Twitter<\/a>.<\/p>\n\n\n\n<p>O incidente aconteceu quando Arrascaeta estava na banheira relaxando quando tirou uma selfie. Por\u00e9m, o que ele n\u00e3o contava \u00e9 que tivesse algu\u00e9m atr\u00e1s sem roupa. Pouco tempo depois, o jogador deletou a publica\u00e7\u00e3o, mas ela j\u00e1 havia sido replicada nas redes sociais. <\/p>\n\n\n\n<h2 class=\"wp-block-heading\">Veja tamb\u00e9m<\/h2>\n\n\n<ul class=\"wp-block-latest-posts__list is-grid columns-3 aligncenter wp-block-latest-posts\"><li><div class=\"wp-block-latest-posts__featured-image aligncenter\"><a href=\"https:\/\/portalpopmais.com.br\/en\/familia-de-bruce-willis-planeja-doar-cerebro-do-ator-para-impulsionar-pesquisas-sobre-demencia\/\" aria-label=\"Fam\u00edlia de Bruce Willis planeja doar c\u00e9rebro do ator para impulsionar pesquisas sobre dem\u00eancia\"><img loading=\"lazy\" decoding=\"async\" width=\"768\" height=\"456\" src=\"https:\/\/portalpopmais.com.br\/wp-content\/uploads\/2025\/07\/Bruce-Willis-Ator-Morre-768x456.jpeg\" class=\"attachment-medium size-medium wp-post-image\" alt=\"\" style=\"\" title=\"\"><\/a><\/div><a class=\"wp-block-latest-posts__post-title\" href=\"https:\/\/portalpopmais.com.br\/en\/familia-de-bruce-willis-planeja-doar-cerebro-do-ator-para-impulsionar-pesquisas-sobre-demencia\/\">Fam\u00edlia de Bruce Willis planeja doar c\u00e9rebro do ator para impulsionar pesquisas sobre dem\u00eancia<\/a><\/li>\n<li><div class=\"wp-block-latest-posts__featured-image aligncenter\"><a href=\"https:\/\/portalpopmais.com.br\/en\/luiza-ambiel-desabafa-apos-internacao-de-urgencia-fui-intubada\/\" aria-label=\"Luiza Ambiel desabafa ap\u00f3s interna\u00e7\u00e3o de urg\u00eancia: \u201cFui intubada\u201d\"><img loading=\"lazy\" decoding=\"async\" width=\"768\" height=\"456\" src=\"https:\/\/portalpopmais.com.br\/wp-content\/uploads\/2026\/04\/luiza-ambiel-usou-as-redes-sociais-para-atualizar-o-estado-de-saude-apos-internacao-as-pressas-768x456.webp\" class=\"attachment-medium size-medium wp-post-image\" alt=\"luiza ambiel usou as redes sociais para atualizar o estado de saude apos internacao as pressas\" style=\"\" srcset=\"https:\/\/portalpopmais.com.br\/wp-content\/uploads\/2026\/04\/luiza-ambiel-usou-as-redes-sociais-para-atualizar-o-estado-de-saude-apos-internacao-as-pressas-768x456.webp 768w, https:\/\/portalpopmais.com.br\/wp-content\/uploads\/2026\/04\/luiza-ambiel-usou-as-redes-sociais-para-atualizar-o-estado-de-saude-apos-internacao-as-pressas-18x12.webp 18w\" sizes=\"auto, (max-width: 768px) 100vw, 768px\" title=\"\"><\/a><\/div><a class=\"wp-block-latest-posts__post-title\" href=\"https:\/\/portalpopmais.com.br\/en\/luiza-ambiel-desabafa-apos-internacao-de-urgencia-fui-intubada\/\">Luiza Ambiel desabafa ap\u00f3s interna\u00e7\u00e3o de urg\u00eancia: \u201cFui intubada\u201d<\/a><\/li>\n<li><div class=\"wp-block-latest-posts__featured-image aligncenter\"><a href=\"https:\/\/portalpopmais.com.br\/en\/apos-ser-marmita-de-casal-lil-nas-x-defenda-a-monogamia\/\" aria-label=\"Ap\u00f3s ser &#8216;marmita&#8217; de casal, Lil Nas X defende a monogamia\"><img loading=\"lazy\" decoding=\"async\" width=\"768\" height=\"456\" src=\"https:\/\/portalpopmais.com.br\/wp-content\/uploads\/2025\/08\/lil-nas-x-768x456.jpg\" class=\"attachment-medium size-medium wp-post-image\" alt=\"\" style=\"\" srcset=\"https:\/\/portalpopmais.com.br\/wp-content\/uploads\/2025\/08\/lil-nas-x-768x456.jpg 768w, https:\/\/portalpopmais.com.br\/wp-content\/uploads\/2025\/08\/lil-nas-x-18x10.jpg 18w\" sizes=\"auto, (max-width: 768px) 100vw, 768px\" title=\"\"><\/a><\/div><a class=\"wp-block-latest-posts__post-title\" href=\"https:\/\/portalpopmais.com.br\/en\/apos-ser-marmita-de-casal-lil-nas-x-defenda-a-monogamia\/\">Ap\u00f3s ser &#8216;marmita&#8217; de casal, Lil Nas X defende a monogamia<\/a><\/li>\n<li><div class=\"wp-block-latest-posts__featured-image aligncenter\"><a href=\"https:\/\/portalpopmais.com.br\/en\/ana-paula-renault-esculacha-nikolas-ferreira-gnomo-veja-a-treta\/\" aria-label=\"Ana Paula Renault esculacha Nikolas Ferreira: &#8220;Gnomo&#8221;; veja a treta\"><img loading=\"lazy\" decoding=\"async\" width=\"768\" height=\"456\" src=\"https:\/\/portalpopmais.com.br\/wp-content\/uploads\/2026\/04\/Design-sem-nome-98-4-768x456.webp\" class=\"attachment-medium size-medium wp-post-image\" alt=\"Design sem nome 98 4\" style=\"\" srcset=\"https:\/\/portalpopmais.com.br\/wp-content\/uploads\/2026\/04\/Design-sem-nome-98-4-768x456.webp 768w, https:\/\/portalpopmais.com.br\/wp-content\/uploads\/2026\/04\/Design-sem-nome-98-4-18x12.webp 18w\" sizes=\"auto, (max-width: 768px) 100vw, 768px\" title=\"\"><\/a><\/div><a class=\"wp-block-latest-posts__post-title\" href=\"https:\/\/portalpopmais.com.br\/en\/ana-paula-renault-esculacha-nikolas-ferreira-gnomo-veja-a-treta\/\">Ana Paula Renault esculacha Nikolas Ferreira: &#8220;Gnomo&#8221;; veja a treta<\/a><\/li>\n<li><div class=\"wp-block-latest-posts__featured-image aligncenter\"><a href=\"https:\/\/portalpopmais.com.br\/en\/imagens-fortes-anderson-neiff-exibe-ferimento-apos-ataque-e-rebate-acusacoes-de-armacao\/\" aria-label=\"Imagens fortes: Anderson Neiff exibe ferimento ap\u00f3s ataque e rebate acusa\u00e7\u00f5es de arma\u00e7\u00e3o\"><img loading=\"lazy\" decoding=\"async\" width=\"768\" height=\"456\" src=\"https:\/\/portalpopmais.com.br\/wp-content\/uploads\/2026\/04\/ti-2842-768x456.webp\" class=\"attachment-medium size-medium wp-post-image\" alt=\"ti 2842\" style=\"\" srcset=\"https:\/\/portalpopmais.com.br\/wp-content\/uploads\/2026\/04\/ti-2842-768x456.webp 768w, https:\/\/portalpopmais.com.br\/wp-content\/uploads\/2026\/04\/ti-2842-18x12.webp 18w\" sizes=\"auto, (max-width: 768px) 100vw, 768px\" title=\"\"><\/a><\/div><a class=\"wp-block-latest-posts__post-title\" href=\"https:\/\/portalpopmais.com.br\/en\/imagens-fortes-anderson-neiff-exibe-ferimento-apos-ataque-e-rebate-acusacoes-de-armacao\/\">Imagens fortes: Anderson Neiff exibe ferimento ap\u00f3s ataque e rebate acusa\u00e7\u00f5es de arma\u00e7\u00e3o<\/a><\/li>\n<li><div class=\"wp-block-latest-posts__featured-image aligncenter\"><a href=\"https:\/\/portalpopmais.com.br\/en\/viuva-de-erasmo-carlos-perde-imovel-para-filhos-do-cantor\/\" aria-label=\"Vi\u00fava de Erasmo Carlos perde im\u00f3vel para filhos do cantor\"><img loading=\"lazy\" decoding=\"async\" width=\"768\" height=\"456\" src=\"https:\/\/portalpopmais.com.br\/wp-content\/uploads\/2026\/02\/erasmo-carlos-e-fernanda-esteves-768x456.jpeg\" class=\"attachment-medium size-medium wp-post-image\" alt=\"\" style=\"\" srcset=\"https:\/\/portalpopmais.com.br\/wp-content\/uploads\/2026\/02\/erasmo-carlos-e-fernanda-esteves-768x456.jpeg 768w, https:\/\/portalpopmais.com.br\/wp-content\/uploads\/2026\/02\/erasmo-carlos-e-fernanda-esteves-18x10.jpeg 18w\" sizes=\"auto, (max-width: 768px) 100vw, 768px\" title=\"\"><\/a><\/div><a class=\"wp-block-latest-posts__post-title\" href=\"https:\/\/portalpopmais.com.br\/en\/viuva-de-erasmo-carlos-perde-imovel-para-filhos-do-cantor\/\">Vi\u00fava de Erasmo Carlos perde im\u00f3vel para filhos do cantor<\/a><\/li>\n<\/ul>\n\n\n<p>A foto, claro, rendeu v\u00e1rios coment\u00e1rios.<em> &#8220;Nada me tira da cabe\u00e7a que o arrasca faz brotheragem adoidado&#8221;<\/em>, disse um. <em>&#8220;Eu acho que Arrascaeta \u00e9 bi, mas tudo bem&#8221;,<\/em> adicionou outro. Veja abaixo:<\/p>\n\n\n\n<figure class=\"wp-block-embed is-type-rich is-provider-twitter wp-block-embed-twitter\"><div class=\"wp-block-embed__wrapper\">\n<blockquote class=\"twitter-tweet\" data-width=\"550\" data-dnt=\"true\"><p lang=\"zxx\" dir=\"ltr\"><a href=\"https:\/\/t.co\/ts2l1un9sh\">pic.twitter.com\/ts2l1un9sh<\/a><\/p>&mdash; out of context Flamengo (@outofcontextCRF) <a href=\"https:\/\/twitter.com\/outofcontextCRF\/status\/1567711463296335872?ref_src=twsrc%5Etfw\" target=\"_blank\" rel=\"noopener\">September 8, 2022<\/a><\/blockquote><script async src=\"https:\/\/platform.twitter.com\/widgets.js\" charset=\"utf-8\"><\/script>\n<\/div><\/figure>","protected":false},"excerpt":{"rendered":"<p>No in\u00edcio da madrugada desta quinta-feira (08), o jogador do Flamengo Giorgian De Arrascaeta deixou escapar um colega do Flamengo tomando banho nos Stories do Instagram. O rosto do rapaz, que estava pelado, n\u00e3o aparece, no entanto, sua parte \u00edntima ficou em destaque no registro, que viralizou no Twitter. O incidente aconteceu quando Arrascaeta estava [&hellip;]<\/p>\n","protected":false},"author":2,"featured_media":136789,"comment_status":"closed","ping_status":"open","sticky":false,"template":"","format":"standard","meta":{"footnotes":""},"categories":[173],"tags":[10137],"class_list":["post-136786","post","type-post","status-publish","format-standard","has-post-thumbnail","hentry","category-celebridades","tag-arrascaeta"],"_links":{"self":[{"href":"https:\/\/portalpopmais.com.br\/en\/wp-json\/wp\/v2\/posts\/136786","targetHints":{"allow":["GET"]}}],"collection":[{"href":"https:\/\/portalpopmais.com.br\/en\/wp-json\/wp\/v2\/posts"}],"about":[{"href":"https:\/\/portalpopmais.com.br\/en\/wp-json\/wp\/v2\/types\/post"}],"author":[{"embeddable":true,"href":"https:\/\/portalpopmais.com.br\/en\/wp-json\/wp\/v2\/users\/2"}],"replies":[{"embeddable":true,"href":"https:\/\/portalpopmais.com.br\/en\/wp-json\/wp\/v2\/comments?post=136786"}],"version-history":[{"count":0,"href":"https:\/\/portalpopmais.com.br\/en\/wp-json\/wp\/v2\/posts\/136786\/revisions"}],"wp:featuredmedia":[{"embeddable":true,"href":"https:\/\/portalpopmais.com.br\/en\/wp-json\/wp\/v2\/media\/136789"}],"wp:attachment":[{"href":"https:\/\/portalpopmais.com.br\/en\/wp-json\/wp\/v2\/media?parent=136786"}],"wp:term":[{"taxonomy":"category","embeddable":true,"href":"https:\/\/portalpopmais.com.br\/en\/wp-json\/wp\/v2\/categories?post=136786"},{"taxonomy":"post_tag","embeddable":true,"href":"https:\/\/portalpopmais.com.br\/en\/wp-json\/wp\/v2\/tags?post=136786"}],"curies":[{"name":"wp","href":"https:\/\/api.w.org\/{rel}","templated":true}]}}