{"id":136899,"date":"2022-09-08T14:01:59","date_gmt":"2022-09-08T17:01:59","guid":{"rendered":"https:\/\/portalpopmais.com.br\/?p=136899"},"modified":"2022-09-08T14:02:04","modified_gmt":"2022-09-08T17:02:04","slug":"nathan-santos-morre-bake-off-brasil","status":"publish","type":"post","link":"https:\/\/portalpopmais.com.br\/en\/nathan-santos-morre-bake-off-brasil\/","title":{"rendered":"Morre Nathan Santos, vice-campe\u00e3o do &#8220;Bake Off Brasil 7&#8221;, aos 27 anos"},"content":{"rendered":"\n<p>Morreu, nesta quarta-feira (07),<strong> <\/strong><a href=\"http:\/\/instagram.com\/portalpopmais\" target=\"_blank\" rel=\"noopener\"><strong>Nathan Santos<\/strong>,<\/a> conhecido por ser vice-campe\u00e3o da s\u00e9tima temporada do &#8220;Bake Off Brasil&#8217;. Ele tinha 27 anos e n\u00e3o resistiu a uma parada cardiorrespirat\u00f3ria, em Macei\u00f3. A informa\u00e7\u00e3o foi confirmada pela assessoria do confeiteiro nas redes sociais.<\/p>\n\n\n\n<p><em>&#8220;\u00c9 com grande pesar que comunicamos o falecimento do inesquec\u00edvel Nathanael Santos. Em breve passaremos maiores informa\u00e7\u00f5es&#8221;,<\/em> escreveu a equipe, sem dar mais detalhes do <a href=\"https:\/\/portalpopmais.com.br\/troca-carrossel-programa-anoes-sbt-prejuizo\/\" data-type=\"post\" data-id=\"136736\">acontecido<\/a>. <\/p>\n\n\n\n<h2 class=\"wp-block-heading\">Veja tamb\u00e9m<\/h2>\n\n\n<ul class=\"wp-block-latest-posts__list is-grid columns-3 aligncenter wp-block-latest-posts\"><li><div class=\"wp-block-latest-posts__featured-image aligncenter\"><a href=\"https:\/\/portalpopmais.com.br\/en\/video-malevola-alves-e-mc-paiva-saem-no-tapa-em-shopping-de-sp\/\" aria-label=\"V\u00eddeo: Mal\u00e9vola Alves e MC Paiva saem no tapa em shopping de SP\"><img loading=\"lazy\" decoding=\"async\" width=\"768\" height=\"456\" src=\"https:\/\/portalpopmais.com.br\/wp-content\/uploads\/2026\/04\/Screenshot_20260430-062505-768x456.png\" class=\"attachment-medium size-medium wp-post-image\" alt=\"Screenshot 20260430 062505\" style=\"\" srcset=\"https:\/\/portalpopmais.com.br\/wp-content\/uploads\/2026\/04\/Screenshot_20260430-062505-768x456.png 768w, https:\/\/portalpopmais.com.br\/wp-content\/uploads\/2026\/04\/Screenshot_20260430-062505-18x10.png 18w\" sizes=\"auto, (max-width: 768px) 100vw, 768px\" title=\"\"><\/a><\/div><a class=\"wp-block-latest-posts__post-title\" href=\"https:\/\/portalpopmais.com.br\/en\/video-malevola-alves-e-mc-paiva-saem-no-tapa-em-shopping-de-sp\/\">V\u00eddeo: Mal\u00e9vola Alves e MC Paiva saem no tapa em shopping de SP<\/a><\/li>\n<li><div class=\"wp-block-latest-posts__featured-image aligncenter\"><a href=\"https:\/\/portalpopmais.com.br\/en\/cantor-envolvido-em-treta-com-daniela-mercury-edson-gomes-foi-acusado-por-deputada-conheci-uma-das-agredidas\/\" aria-label=\"Cantor envolvido em treta com Daniela Mercury, Edson Gomes foi acusado por deputada: &#8216;Conheci uma das agredidas&#8217;\"><img loading=\"lazy\" decoding=\"async\" width=\"768\" height=\"456\" src=\"https:\/\/portalpopmais.com.br\/wp-content\/uploads\/2026\/04\/whatsapp-image-2026-04-29-at-16.32.05-768x456.jpeg\" class=\"attachment-medium size-medium wp-post-image\" alt=\"whatsapp image 2026 04 29 at 16.32.05\" style=\"\" srcset=\"https:\/\/portalpopmais.com.br\/wp-content\/uploads\/2026\/04\/whatsapp-image-2026-04-29-at-16.32.05-768x456.jpeg 768w, https:\/\/portalpopmais.com.br\/wp-content\/uploads\/2026\/04\/whatsapp-image-2026-04-29-at-16.32.05-18x12.jpeg 18w\" sizes=\"auto, (max-width: 768px) 100vw, 768px\" title=\"\"><\/a><\/div><a class=\"wp-block-latest-posts__post-title\" href=\"https:\/\/portalpopmais.com.br\/en\/cantor-envolvido-em-treta-com-daniela-mercury-edson-gomes-foi-acusado-por-deputada-conheci-uma-das-agredidas\/\">Cantor envolvido em treta com Daniela Mercury, Edson Gomes foi acusado por deputada: &#8216;Conheci uma das agredidas&#8217;<\/a><\/li>\n<li><div class=\"wp-block-latest-posts__featured-image aligncenter\"><a href=\"https:\/\/portalpopmais.com.br\/en\/britney-spears-abandona-alcool-antes-de-julgamento-e-enfrenta-sintomas-de-abstinencia-diz-site\/\" aria-label=\"Britney Spears abandona \u00e1lcool antes de julgamento e enfrenta sintomas de abstin\u00eancia, diz site\"><img loading=\"lazy\" decoding=\"async\" width=\"768\" height=\"456\" src=\"https:\/\/portalpopmais.com.br\/wp-content\/uploads\/2026\/04\/20260430_061403-768x456.jpg\" class=\"attachment-medium size-medium wp-post-image\" alt=\"20260430 061403\" style=\"\" srcset=\"https:\/\/portalpopmais.com.br\/wp-content\/uploads\/2026\/04\/20260430_061403-768x456.jpg 768w, https:\/\/portalpopmais.com.br\/wp-content\/uploads\/2026\/04\/20260430_061403-1170x694.jpg 1170w\" sizes=\"auto, (max-width: 768px) 100vw, 768px\" title=\"\"><\/a><\/div><a class=\"wp-block-latest-posts__post-title\" href=\"https:\/\/portalpopmais.com.br\/en\/britney-spears-abandona-alcool-antes-de-julgamento-e-enfrenta-sintomas-de-abstinencia-diz-site\/\">Britney Spears abandona \u00e1lcool antes de julgamento e enfrenta sintomas de abstin\u00eancia, diz site<\/a><\/li>\n<li><div class=\"wp-block-latest-posts__featured-image aligncenter\"><a href=\"https:\/\/portalpopmais.com.br\/en\/ex-bailarina-do-faustao-sofre-tentativa-de-assalto-e-tem-carro-atingido-por-tiro-em-sao-paulo\/\" aria-label=\"Ex-bailarina do Faust\u00e3o sofre tentativa de assalto e tem carro atingido por tiro em S\u00e3o Paulo\"><img loading=\"lazy\" decoding=\"async\" width=\"768\" height=\"456\" src=\"https:\/\/portalpopmais.com.br\/wp-content\/uploads\/2026\/04\/fotojet-56-urrybmh5ecz9-768x456.jpg\" class=\"attachment-medium size-medium wp-post-image\" alt=\"fotojet (56) urrybmh5ecz9\" style=\"\" srcset=\"https:\/\/portalpopmais.com.br\/wp-content\/uploads\/2026\/04\/fotojet-56-urrybmh5ecz9-768x456.jpg 768w, https:\/\/portalpopmais.com.br\/wp-content\/uploads\/2026\/04\/fotojet-56-urrybmh5ecz9-18x12.jpg 18w\" sizes=\"auto, (max-width: 768px) 100vw, 768px\" title=\"\"><\/a><\/div><a class=\"wp-block-latest-posts__post-title\" href=\"https:\/\/portalpopmais.com.br\/en\/ex-bailarina-do-faustao-sofre-tentativa-de-assalto-e-tem-carro-atingido-por-tiro-em-sao-paulo\/\">Ex-bailarina do Faust\u00e3o sofre tentativa de assalto e tem carro atingido por tiro em S\u00e3o Paulo<\/a><\/li>\n<li><div class=\"wp-block-latest-posts__featured-image aligncenter\"><a href=\"https:\/\/portalpopmais.com.br\/en\/bella-campos-fala-pela-primeira-vez-sobre-treta-com-caua-reymond\/\" aria-label=\"Bella Campos fala pela primeira vez sobre treta com Cau\u00e3 Reymond\"><img loading=\"lazy\" decoding=\"async\" width=\"768\" height=\"456\" src=\"https:\/\/portalpopmais.com.br\/wp-content\/uploads\/2026\/04\/3tid47cvo6t8ib3y2zx98kd0w-768x456.jpg\" class=\"attachment-medium size-medium wp-post-image\" alt=\"3tid47cvo6t8ib3y2zx98kd0w\" style=\"\" srcset=\"https:\/\/portalpopmais.com.br\/wp-content\/uploads\/2026\/04\/3tid47cvo6t8ib3y2zx98kd0w-768x456.jpg 768w, https:\/\/portalpopmais.com.br\/wp-content\/uploads\/2026\/04\/3tid47cvo6t8ib3y2zx98kd0w-18x10.jpg 18w\" sizes=\"auto, (max-width: 768px) 100vw, 768px\" title=\"\"><\/a><\/div><a class=\"wp-block-latest-posts__post-title\" href=\"https:\/\/portalpopmais.com.br\/en\/bella-campos-fala-pela-primeira-vez-sobre-treta-com-caua-reymond\/\">Bella Campos fala pela primeira vez sobre treta com Cau\u00e3 Reymond<\/a><\/li>\n<li><div class=\"wp-block-latest-posts__featured-image aligncenter\"><a href=\"https:\/\/portalpopmais.com.br\/en\/stenio-garcia-passa-mal-e-da-entrada-em-hospital-apos-treta-com-as-filhas\/\" aria-label=\"St\u00eanio Garcia passa mal e d\u00e1 entrada em hospital ap\u00f3s treta com as filhas\"><img loading=\"lazy\" decoding=\"async\" width=\"768\" height=\"456\" src=\"https:\/\/portalpopmais.com.br\/wp-content\/uploads\/2025\/07\/stenio-garcia-768x456.jpg\" class=\"attachment-medium size-medium wp-post-image\" alt=\"\" style=\"\" srcset=\"https:\/\/portalpopmais.com.br\/wp-content\/uploads\/2025\/07\/stenio-garcia-768x456.jpg 768w, https:\/\/portalpopmais.com.br\/wp-content\/uploads\/2025\/07\/stenio-garcia-1170x694.jpg 1170w\" sizes=\"auto, (max-width: 768px) 100vw, 768px\" title=\"\"><\/a><\/div><a class=\"wp-block-latest-posts__post-title\" href=\"https:\/\/portalpopmais.com.br\/en\/stenio-garcia-passa-mal-e-da-entrada-em-hospital-apos-treta-com-as-filhas\/\">St\u00eanio Garcia passa mal e d\u00e1 entrada em hospital ap\u00f3s treta com as filhas<\/a><\/li>\n<\/ul>\n\n\n<p>Ao saber da not\u00edcia, Nadja Haddad, apresentadora do reality show, fez quest\u00e3o de homenagear o rapaz. &#8220;<em>Dedicado, esfor\u00e7ado, apaixonado por confeitar. Ousadia com sabores era o seu forte! Se destacou brilhantemente na temporada passada do nosso @bakeoffbrasil, conquistando vaga na grande final! E conquistou muitas amizades tb, muitas! [\u2026] Jamais compreenderemos o porqu\u00ea desse chamado t\u00e3o precoce aos olhos humanos. Mas sabemos que, pra tudo, Deus tem um prop\u00f3sito. Estamos de luto. Estamos arrasados! [\u2026] Brilhe aonde estiver, Nathan&#8221;<\/em>, escreveu, pedindo tamb\u00e9m ora\u00e7\u00f5es para os familiares.<\/p>\n\n\n\n<figure class=\"wp-block-embed is-type-rich is-provider-instagram wp-block-embed-instagram\"><div class=\"wp-block-embed__wrapper\">\nhttps:\/\/www.instagram.com\/p\/CiOPafVvBaI\/\n<\/div><\/figure>\n","protected":false},"excerpt":{"rendered":"<p>Morreu, nesta quarta-feira (07), Nathan Santos, conhecido por ser vice-campe\u00e3o da s\u00e9tima temporada do &#8220;Bake Off Brasil&#8217;. Ele tinha 27 anos e n\u00e3o resistiu a uma parada cardiorrespirat\u00f3ria, em Macei\u00f3. A informa\u00e7\u00e3o foi confirmada pela assessoria do confeiteiro nas redes sociais. &#8220;\u00c9 com grande pesar que comunicamos o falecimento do inesquec\u00edvel Nathanael Santos. Em breve [&hellip;]<\/p>\n","protected":false},"author":2,"featured_media":136902,"comment_status":"closed","ping_status":"open","sticky":false,"template":"","format":"standard","meta":{"footnotes":""},"categories":[2165],"tags":[7432,12247],"class_list":["post-136899","post","type-post","status-publish","format-standard","has-post-thumbnail","hentry","category-noticias","tag-bake-off-brasil","tag-nathan-santos"],"_links":{"self":[{"href":"https:\/\/portalpopmais.com.br\/en\/wp-json\/wp\/v2\/posts\/136899","targetHints":{"allow":["GET"]}}],"collection":[{"href":"https:\/\/portalpopmais.com.br\/en\/wp-json\/wp\/v2\/posts"}],"about":[{"href":"https:\/\/portalpopmais.com.br\/en\/wp-json\/wp\/v2\/types\/post"}],"author":[{"embeddable":true,"href":"https:\/\/portalpopmais.com.br\/en\/wp-json\/wp\/v2\/users\/2"}],"replies":[{"embeddable":true,"href":"https:\/\/portalpopmais.com.br\/en\/wp-json\/wp\/v2\/comments?post=136899"}],"version-history":[{"count":0,"href":"https:\/\/portalpopmais.com.br\/en\/wp-json\/wp\/v2\/posts\/136899\/revisions"}],"wp:featuredmedia":[{"embeddable":true,"href":"https:\/\/portalpopmais.com.br\/en\/wp-json\/wp\/v2\/media\/136902"}],"wp:attachment":[{"href":"https:\/\/portalpopmais.com.br\/en\/wp-json\/wp\/v2\/media?parent=136899"}],"wp:term":[{"taxonomy":"category","embeddable":true,"href":"https:\/\/portalpopmais.com.br\/en\/wp-json\/wp\/v2\/categories?post=136899"},{"taxonomy":"post_tag","embeddable":true,"href":"https:\/\/portalpopmais.com.br\/en\/wp-json\/wp\/v2\/tags?post=136899"}],"curies":[{"name":"wp","href":"https:\/\/api.w.org\/{rel}","templated":true}]}}