{"id":136919,"date":"2022-09-08T14:55:09","date_gmt":"2022-09-08T17:55:09","guid":{"rendered":"https:\/\/portalpopmais.com.br\/?p=136919"},"modified":"2022-09-08T15:12:37","modified_gmt":"2022-09-08T18:12:37","slug":"charles-ja-e-o-novo-monarca-do-reino-unido","status":"publish","type":"post","link":"https:\/\/portalpopmais.com.br\/en\/charles-ja-e-o-novo-monarca-do-reino-unido\/","title":{"rendered":"Charles ja \u00e9 o novo monarca do Reino Unido"},"content":{"rendered":"<p><a href=\"http:\/\/instagram.com\/portalpopmais\" target=\"_blank\" rel=\"noopener\">Philip Arthur George<\/a> j\u00e1 \u00e9 o novo monarca do Reino Unido. Elizabeth II faleceu nesta quinta-feira (8), aos 96 anos, no Castelo de Balmore, na <a href=\"http:\/\/instagram.com\/portalpopmais\" target=\"_blank\" rel=\"noopener\">Esc\u00f3cia<\/a>.<\/p>\n\n\n\n<p>Primog\u00eanito da monarca, ele ocupa o trono ap\u00f3s o reinado mais longo da hist\u00f3ria do Reino Unido \u2013 Elizabeth permaneceu \u00e0 frente por mais de 70 anos.<\/p>\n\n\n\n<h2 class=\"wp-block-heading\">Veja tamb\u00e9m<\/h2>\n\n\n<ul class=\"wp-block-latest-posts__list is-grid columns-3 aligncenter wp-block-latest-posts\"><li><div class=\"wp-block-latest-posts__featured-image aligncenter\"><a href=\"https:\/\/portalpopmais.com.br\/en\/nicole-kidman-e-hospitalizada-as-pressas-apos-gravacoes-saiba-seu-estado-de-saude\/\" aria-label=\"Nicole Kidman \u00e9 hospitalizada \u00e0s pressas ap\u00f3s grava\u00e7\u00f5es; saiba seu estado de sa\u00fade **\"><img loading=\"lazy\" decoding=\"async\" width=\"768\" height=\"456\" src=\"https:\/\/portalpopmais.com.br\/wp-content\/uploads\/2025\/07\/Nicole-Kidman-768x456.jpg\" class=\"attachment-medium size-medium wp-post-image\" alt=\"Nicole Kidman\" style=\"\" srcset=\"https:\/\/portalpopmais.com.br\/wp-content\/uploads\/2025\/07\/Nicole-Kidman-768x456.jpg 768w, https:\/\/portalpopmais.com.br\/wp-content\/uploads\/2025\/07\/Nicole-Kidman-1170x694.jpg 1170w\" sizes=\"auto, (max-width: 768px) 100vw, 768px\" title=\"\"><\/a><\/div><a class=\"wp-block-latest-posts__post-title\" href=\"https:\/\/portalpopmais.com.br\/en\/nicole-kidman-e-hospitalizada-as-pressas-apos-gravacoes-saiba-seu-estado-de-saude\/\">Nicole Kidman \u00e9 hospitalizada \u00e0s pressas ap\u00f3s grava\u00e7\u00f5es; saiba seu estado de sa\u00fade **<\/a><\/li>\n<li><div class=\"wp-block-latest-posts__featured-image aligncenter\"><a href=\"https:\/\/portalpopmais.com.br\/en\/mae-de-vini-jr-diz-que-e-avo-dos-filhos-de-virginia-e-e-detonada-na-web\/\" aria-label=\"M\u00e3e de Vini Jr. diz que \u00e9 av\u00f3 dos filhos de Virginia e \u00e9 detonada na web\"><img loading=\"lazy\" decoding=\"async\" width=\"768\" height=\"456\" src=\"https:\/\/portalpopmais.com.br\/wp-content\/uploads\/2026\/04\/1223778305-virginia-sogra-fernanda-768x456.jpg\" class=\"attachment-medium size-medium wp-post-image\" alt=\"1223778305 virginia sogra fernanda\" style=\"\" srcset=\"https:\/\/portalpopmais.com.br\/wp-content\/uploads\/2026\/04\/1223778305-virginia-sogra-fernanda-768x456.jpg 768w, https:\/\/portalpopmais.com.br\/wp-content\/uploads\/2026\/04\/1223778305-virginia-sogra-fernanda-18x10.jpg 18w\" sizes=\"auto, (max-width: 768px) 100vw, 768px\" title=\"\"><\/a><\/div><a class=\"wp-block-latest-posts__post-title\" href=\"https:\/\/portalpopmais.com.br\/en\/mae-de-vini-jr-diz-que-e-avo-dos-filhos-de-virginia-e-e-detonada-na-web\/\">M\u00e3e de Vini Jr. diz que \u00e9 av\u00f3 dos filhos de Virginia e \u00e9 detonada na web<\/a><\/li>\n<li><div class=\"wp-block-latest-posts__featured-image aligncenter\"><a href=\"https:\/\/portalpopmais.com.br\/en\/xuxa-engravidou-de-michael-jackson-saiba-a-verdade\/\" aria-label=\"Xuxa engravidou de Michael Jackson? Saiba a verdade\"><img loading=\"lazy\" decoding=\"async\" width=\"768\" height=\"435\" src=\"https:\/\/portalpopmais.com.br\/wp-content\/uploads\/2026\/04\/xuxa-engravidou-michael-jackson-768x435.png\" class=\"attachment-medium size-medium wp-post-image\" alt=\"xuxa engravidou michael jackson\" style=\"\" srcset=\"https:\/\/portalpopmais.com.br\/wp-content\/uploads\/2026\/04\/xuxa-engravidou-michael-jackson-768x435.png 768w, https:\/\/portalpopmais.com.br\/wp-content\/uploads\/2026\/04\/xuxa-engravidou-michael-jackson-18x10.png 18w\" sizes=\"auto, (max-width: 768px) 100vw, 768px\" title=\"\"><\/a><\/div><a class=\"wp-block-latest-posts__post-title\" href=\"https:\/\/portalpopmais.com.br\/en\/xuxa-engravidou-de-michael-jackson-saiba-a-verdade\/\">Xuxa engravidou de Michael Jackson? Saiba a verdade<\/a><\/li>\n<li><div class=\"wp-block-latest-posts__featured-image aligncenter\"><a href=\"https:\/\/portalpopmais.com.br\/en\/integrante-de-alienigenas-do-passado-morre-apos-incidente-com-a-policia-nos-eua\/\" aria-label=\"Integrante de Alien\u00edgenas do Passado morre ap\u00f3s incidente com a pol\u00edcia nos EUA\"><img loading=\"lazy\" decoding=\"async\" width=\"768\" height=\"456\" src=\"https:\/\/portalpopmais.com.br\/wp-content\/uploads\/2026\/04\/O-norte-americano-David-Wilcock-\u2014-Foto-Reproducao-768x456.png\" class=\"attachment-medium size-medium wp-post-image\" alt=\"O norte americano David Wilcock \u2014 Foto Reprodu\u00e7\u00e3o\" style=\"\" srcset=\"https:\/\/portalpopmais.com.br\/wp-content\/uploads\/2026\/04\/O-norte-americano-David-Wilcock-\u2014-Foto-Reproducao-768x456.png 768w, https:\/\/portalpopmais.com.br\/wp-content\/uploads\/2026\/04\/O-norte-americano-David-Wilcock-\u2014-Foto-Reproducao-18x12.png 18w\" sizes=\"auto, (max-width: 768px) 100vw, 768px\" title=\"\"><\/a><\/div><a class=\"wp-block-latest-posts__post-title\" href=\"https:\/\/portalpopmais.com.br\/en\/integrante-de-alienigenas-do-passado-morre-apos-incidente-com-a-policia-nos-eua\/\">Integrante de Alien\u00edgenas do Passado morre ap\u00f3s incidente com a pol\u00edcia nos EUA<\/a><\/li>\n<li><div class=\"wp-block-latest-posts__featured-image aligncenter\"><a href=\"https:\/\/portalpopmais.com.br\/en\/ex-de-projota-relata-morte-tragica-na-porta-de-casa-perdi-meu-melhor-amigo\/\" aria-label=\"Ex de Projota relata morte tr\u00e1gica na porta de casa: &#8216;Perdi meu melhor amigo&#8217;\"><img loading=\"lazy\" decoding=\"async\" width=\"768\" height=\"456\" src=\"https:\/\/portalpopmais.com.br\/wp-content\/uploads\/2021\/10\/Projota-768x456.jpg\" class=\"attachment-medium size-medium wp-post-image\" alt=\"Projota\" style=\"\" title=\"\"><\/a><\/div><a class=\"wp-block-latest-posts__post-title\" href=\"https:\/\/portalpopmais.com.br\/en\/ex-de-projota-relata-morte-tragica-na-porta-de-casa-perdi-meu-melhor-amigo\/\">Ex de Projota relata morte tr\u00e1gica na porta de casa: &#8216;Perdi meu melhor amigo&#8217;<\/a><\/li>\n<li><div class=\"wp-block-latest-posts__featured-image aligncenter\"><a href=\"https:\/\/portalpopmais.com.br\/en\/defesa-de-mc-ryan-sp-reage-apos-pedido-de-prisao-preventiva\/\" aria-label=\"Defesa de MC Ryan SP reage ap\u00f3s pedido de pris\u00e3o preventiva\"><img loading=\"lazy\" decoding=\"async\" width=\"768\" height=\"456\" src=\"https:\/\/portalpopmais.com.br\/wp-content\/uploads\/2022\/11\/MC-Ryan-SP-1200x600-1-768x456.jpg\" class=\"attachment-medium size-medium wp-post-image\" alt=\"MC Ryan sp\" style=\"\" title=\"\"><\/a><\/div><a class=\"wp-block-latest-posts__post-title\" href=\"https:\/\/portalpopmais.com.br\/en\/defesa-de-mc-ryan-sp-reage-apos-pedido-de-prisao-preventiva\/\">Defesa de MC Ryan SP reage ap\u00f3s pedido de pris\u00e3o preventiva<\/a><\/li>\n<\/ul>\n\n\n<p>Charles tem 73 anos e se torna o monarca mais velho a iniciar um reinado. Desde o ano passado, ele j\u00e1 vinha assumindo a agenda da m\u00e3e por conta do avan\u00e7o da idade de Elizabeth.<\/p>\n\n\n\n<p>Nos pr\u00f3ximos 14 dias, ser\u00e3o realizadas as cerim\u00f4nias f\u00fanebres e protocolos reais, antes da coroa\u00e7\u00e3o oficial Charles. Antes, o novo rei deve participar de uma audi\u00eancia com o primeiro-ministro e realizar um pronunciamento \u00e0 na\u00e7\u00e3o.<\/p>\n\n\n\n<figure class=\"wp-block-embed is-type-rich is-provider-twitter wp-block-embed-twitter\"><div class=\"wp-block-embed__wrapper\">\n<blockquote class=\"twitter-tweet\" data-width=\"550\" data-dnt=\"true\"><p lang=\"en\" dir=\"ltr\">A statement from His Majesty The King: <a href=\"https:\/\/t.co\/AnBiyZCher\">pic.twitter.com\/AnBiyZCher<\/a><\/p>&mdash; The Royal Family (@RoyalFamily) <a href=\"https:\/\/twitter.com\/RoyalFamily\/status\/1567936934290329608?ref_src=twsrc%5Etfw\" target=\"_blank\" rel=\"noopener\">September 8, 2022<\/a><\/blockquote><script async src=\"https:\/\/platform.twitter.com\/widgets.js\" charset=\"utf-8\"><\/script>\n<\/div><\/figure>","protected":false},"excerpt":{"rendered":"<p>Philip Arthur George j\u00e1 \u00e9 o novo monarca do Reino Unido. Elizabeth II faleceu nesta quinta-feira (8), aos 96 anos, no Castelo de Balmore, na Esc\u00f3cia. Primog\u00eanito da monarca, ele ocupa o trono ap\u00f3s o reinado mais longo da hist\u00f3ria do Reino Unido \u2013 Elizabeth permaneceu \u00e0 frente por mais de 70 anos. Veja tamb\u00e9m [&hellip;]<\/p>\n","protected":false},"author":1,"featured_media":136921,"comment_status":"closed","ping_status":"open","sticky":false,"template":"","format":"standard","meta":{"footnotes":""},"categories":[173],"tags":[12249,9173],"class_list":["post-136919","post","type-post","status-publish","format-standard","has-post-thumbnail","hentry","category-celebridades","tag-charles","tag-elizabeth-ii"],"_links":{"self":[{"href":"https:\/\/portalpopmais.com.br\/en\/wp-json\/wp\/v2\/posts\/136919","targetHints":{"allow":["GET"]}}],"collection":[{"href":"https:\/\/portalpopmais.com.br\/en\/wp-json\/wp\/v2\/posts"}],"about":[{"href":"https:\/\/portalpopmais.com.br\/en\/wp-json\/wp\/v2\/types\/post"}],"author":[{"embeddable":true,"href":"https:\/\/portalpopmais.com.br\/en\/wp-json\/wp\/v2\/users\/1"}],"replies":[{"embeddable":true,"href":"https:\/\/portalpopmais.com.br\/en\/wp-json\/wp\/v2\/comments?post=136919"}],"version-history":[{"count":0,"href":"https:\/\/portalpopmais.com.br\/en\/wp-json\/wp\/v2\/posts\/136919\/revisions"}],"wp:featuredmedia":[{"embeddable":true,"href":"https:\/\/portalpopmais.com.br\/en\/wp-json\/wp\/v2\/media\/136921"}],"wp:attachment":[{"href":"https:\/\/portalpopmais.com.br\/en\/wp-json\/wp\/v2\/media?parent=136919"}],"wp:term":[{"taxonomy":"category","embeddable":true,"href":"https:\/\/portalpopmais.com.br\/en\/wp-json\/wp\/v2\/categories?post=136919"},{"taxonomy":"post_tag","embeddable":true,"href":"https:\/\/portalpopmais.com.br\/en\/wp-json\/wp\/v2\/tags?post=136919"}],"curies":[{"name":"wp","href":"https:\/\/api.w.org\/{rel}","templated":true}]}}