{"id":137391,"date":"2022-09-10T07:00:00","date_gmt":"2022-09-10T10:00:00","guid":{"rendered":"https:\/\/portalpopmais.com.br\/?p=137391"},"modified":"2022-09-10T00:23:19","modified_gmt":"2022-09-10T03:23:19","slug":"os-pequenos-johnstons-marca-menos-horario-sbt","status":"publish","type":"post","link":"https:\/\/portalpopmais.com.br\/en\/os-pequenos-johnstons-marca-menos-horario-sbt\/","title":{"rendered":"Propaganda atraente? \u201cOs Pequenos Johnstons\u201d marca menos que hor\u00e1rio eleitoral no SBT"},"content":{"rendered":"<p class=\"wp-block-paragraph\">O <strong><a href=\"https:\/\/sbt.com.br\" target=\"_blank\" rel=\"noopener\">SBT<\/a><\/strong> se junta a RedeTV! no time de emissoras que perdem para o hor\u00e1rio eleitoral. Dessa vez, \u201cOs Pequenos Johnstons\u201d perdeu para o primeiro bloco da propaganda pol\u00edtica, exibida entre 13h00 e 13h25, na \u00faltima quinta-feira (8).<\/p>\n\n\n\n<p class=\"wp-block-paragraph\">A m\u00e9dia do espa\u00e7o reservado aos candidatos que buscam uma vaga no executivo e legislativo foi de 3,0 pontos na Grande S\u00e3o Paulo, contra 2,8 da atra\u00e7\u00e3o com uma fam\u00edlia de an\u00f5es. O baixo \u00edndice representa rejei\u00e7\u00e3o do p\u00fablico da faixa vespertina do canal.<\/p>\n\n\n\n<p class=\"wp-block-paragraph\">Isso porque a <a href=\"https:\/\/portalpopmais.com.br\/en\/troca-carrossel-programa-anoes-sbt-prejuizo\/\" data-type=\"post\" data-id=\"136736\">estreia aconteceu na \u00faltima segunda (5)<\/a>, substituindo a novela \u201cCarrossel\u201d. A troca de atra\u00e7\u00f5es aconteceu de \u00faltima hora. E se a tentativa foi de alavancar o Ibope do canal, a tentativa falhou, j\u00e1 que a novela que conta a hist\u00f3ria dos alunos da Escola Mundial marcava al\u00e9m do que pontua hoje a produ\u00e7\u00e3o americana.<\/p>\n\n\n\n<p class=\"wp-block-paragraph\">E vale uma aten\u00e7\u00e3o para a vit\u00f3ria do bloco eleitoral sobre o programa, j\u00e1 que \u00e9 algo que <a href=\"https:\/\/portalpopmais.com.br\/en\/sikera-jr-derrapa-ibope-horario-eleitoral\/\" data-type=\"post\" data-id=\"137050\">vem acontecendo frequentemente na programa\u00e7\u00e3o da RedeTV!<\/a>, quando os dois blocos de propaganda marcam mais que as atra\u00e7\u00f5es do pr\u00f3prio canal.<\/p>\n\n\n\n<p class=\"wp-block-paragraph\">\u00c9 o caso de Sik\u00eara Jr, do \u201cRedeTV! News\u201d e do \u201cTV Fama\u201d, que n\u00e3o chegam a 1 ponto na principal capital do mercado publicit\u00e1rio.<\/p>","protected":false},"excerpt":{"rendered":"<p>O SBT se junta a RedeTV! no time de emissoras que perdem para o hor\u00e1rio eleitoral. Dessa vez, \u201cOs Pequenos Johnstons\u201d perdeu para o primeiro bloco da propaganda pol\u00edtica, exibida entre 13h00 e 13h25, na \u00faltima quinta-feira (8). A m\u00e9dia do espa\u00e7o reservado aos candidatos que buscam uma vaga no executivo e legislativo foi de [&hellip;]<\/p>\n","protected":false},"author":2,"featured_media":118006,"comment_status":"closed","ping_status":"open","sticky":false,"template":"","format":"standard","meta":{"footnotes":""},"categories":[181],"tags":[403],"class_list":["post-137391","post","type-post","status-publish","format-standard","has-post-thumbnail","hentry","category-televisao","tag-sbt"],"_links":{"self":[{"href":"https:\/\/portalpopmais.com.br\/en\/wp-json\/wp\/v2\/posts\/137391","targetHints":{"allow":["GET"]}}],"collection":[{"href":"https:\/\/portalpopmais.com.br\/en\/wp-json\/wp\/v2\/posts"}],"about":[{"href":"https:\/\/portalpopmais.com.br\/en\/wp-json\/wp\/v2\/types\/post"}],"author":[{"embeddable":true,"href":"https:\/\/portalpopmais.com.br\/en\/wp-json\/wp\/v2\/users\/2"}],"replies":[{"embeddable":true,"href":"https:\/\/portalpopmais.com.br\/en\/wp-json\/wp\/v2\/comments?post=137391"}],"version-history":[{"count":0,"href":"https:\/\/portalpopmais.com.br\/en\/wp-json\/wp\/v2\/posts\/137391\/revisions"}],"wp:featuredmedia":[{"embeddable":true,"href":"https:\/\/portalpopmais.com.br\/en\/wp-json\/wp\/v2\/media\/118006"}],"wp:attachment":[{"href":"https:\/\/portalpopmais.com.br\/en\/wp-json\/wp\/v2\/media?parent=137391"}],"wp:term":[{"taxonomy":"category","embeddable":true,"href":"https:\/\/portalpopmais.com.br\/en\/wp-json\/wp\/v2\/categories?post=137391"},{"taxonomy":"post_tag","embeddable":true,"href":"https:\/\/portalpopmais.com.br\/en\/wp-json\/wp\/v2\/tags?post=137391"}],"curies":[{"name":"wp","href":"https:\/\/api.w.org\/{rel}","templated":true}]}}