{"id":137394,"date":"2022-09-10T06:30:00","date_gmt":"2022-09-10T09:30:00","guid":{"rendered":"https:\/\/portalpopmais.com.br\/?p=137394"},"modified":"2022-09-10T00:52:39","modified_gmt":"2022-09-10T03:52:39","slug":"diferente-bolsonaro-lula-sabatina-cnn-brasil","status":"publish","type":"post","link":"https:\/\/portalpopmais.com.br\/en\/diferente-bolsonaro-lula-sabatina-cnn-brasil\/","title":{"rendered":"Diferente de Bolsonaro, Lula vai \u00e0 sabatina da CNN Brasil"},"content":{"rendered":"<p>Est\u00e1 confirmada para a pr\u00f3xima segunda-feira (12) a sabatina com <strong><a href=\"https:\/\/portalpopmais.com.br\/en\/lula-repercussao-jornal-nacional\/\" data-type=\"post\" data-id=\"133989\">Luiz In\u00e1cio Lula da Silva<\/a><\/strong>, candidato a presidente pelo Partido dos Trabalhadores. o petista encerra a rodada de entrevistas realizadas pela <strong><a href=\"https:\/\/cnnbrasil.com.br\" target=\"_blank\" rel=\"noopener\">CNN Brasil<\/a><\/strong>.<\/p>\n\n\n\n<p>Na<a href=\"https:\/\/portalpopmais.com.br\/en\/bolsonaro-desfalca-cnn-brasill-sabatina\/\" data-type=\"post\" data-id=\"135317\"> contram\u00e3o do que fez Jair Bolsonaro (PL)<\/a>, Lula j\u00e1 confirmou sua participa\u00e7\u00e3o no \u201cWW &#8211; Especial Presidenci\u00e1veis&#8221;. A media\u00e7\u00e3o contar\u00e1 com William Waack.<\/p>\n\n\n\n<p>Mesmo com tudo acertado entre a campanha de Lula e a CNN, a sabatina precisou ser adiada por parte do candidato. E diferente de outras emissoras, o canal deu flexibilidade aos candidatos para a entrevista acontecer da melhor forma poss\u00edvel.<\/p>\n\n\n\n<p>A emissora deu a oportunidade de realizar a sabatina de Bolsonaro na sede do Pal\u00e1cio do Planalto, em Bras\u00edlia. Ainda sim, a recusa aconteceu. Lembrando que da mesma forma que queria na CNN, o atual presidente queria a entrevista na capital federal.<\/p>\n\n\n\n<p>A <a href=\"https:\/\/portalpopmais.com.br\/en\/mais-voce-bate-recorde-audiencia-globo\/\" data-type=\"post\" data-id=\"137328\">Globo<\/a>, no entanto, n\u00e3o permitiu que a sabatina acontecesse fora do combinado, que pelas regras tinha que ser nos Est\u00fadios Globo no Rio de Janeiro.<\/p>\n\n\n\n<p>Os candidatos Felipe D\u2019\u00c1vila (NOVO), Soraya Thronicke (UB), Simone Tebet (MDB) e Ciro Gomes (PDT) estiveram presentes nas entrevistas realizadas pela CNN.<\/p>","protected":false},"excerpt":{"rendered":"<p>Est\u00e1 confirmada para a pr\u00f3xima segunda-feira (12) a sabatina com Luiz In\u00e1cio Lula da Silva, candidato a presidente pelo Partido dos Trabalhadores. o petista encerra a rodada de entrevistas realizadas pela CNN Brasil. Na contram\u00e3o do que fez Jair Bolsonaro (PL), Lula j\u00e1 confirmou sua participa\u00e7\u00e3o no \u201cWW &#8211; Especial Presidenci\u00e1veis&#8221;. A media\u00e7\u00e3o contar\u00e1 com [&hellip;]<\/p>\n","protected":false},"author":2,"featured_media":137396,"comment_status":"closed","ping_status":"open","sticky":false,"template":"","format":"standard","meta":{"footnotes":""},"categories":[181],"tags":[1106,6418],"class_list":["post-137394","post","type-post","status-publish","format-standard","has-post-thumbnail","hentry","category-televisao","tag-cnn-brasil","tag-lula"],"_links":{"self":[{"href":"https:\/\/portalpopmais.com.br\/en\/wp-json\/wp\/v2\/posts\/137394","targetHints":{"allow":["GET"]}}],"collection":[{"href":"https:\/\/portalpopmais.com.br\/en\/wp-json\/wp\/v2\/posts"}],"about":[{"href":"https:\/\/portalpopmais.com.br\/en\/wp-json\/wp\/v2\/types\/post"}],"author":[{"embeddable":true,"href":"https:\/\/portalpopmais.com.br\/en\/wp-json\/wp\/v2\/users\/2"}],"replies":[{"embeddable":true,"href":"https:\/\/portalpopmais.com.br\/en\/wp-json\/wp\/v2\/comments?post=137394"}],"version-history":[{"count":0,"href":"https:\/\/portalpopmais.com.br\/en\/wp-json\/wp\/v2\/posts\/137394\/revisions"}],"wp:featuredmedia":[{"embeddable":true,"href":"https:\/\/portalpopmais.com.br\/en\/wp-json\/wp\/v2\/media\/137396"}],"wp:attachment":[{"href":"https:\/\/portalpopmais.com.br\/en\/wp-json\/wp\/v2\/media?parent=137394"}],"wp:term":[{"taxonomy":"category","embeddable":true,"href":"https:\/\/portalpopmais.com.br\/en\/wp-json\/wp\/v2\/categories?post=137394"},{"taxonomy":"post_tag","embeddable":true,"href":"https:\/\/portalpopmais.com.br\/en\/wp-json\/wp\/v2\/tags?post=137394"}],"curies":[{"name":"wp","href":"https:\/\/api.w.org\/{rel}","templated":true}]}}