{"id":137930,"date":"2022-09-13T08:05:58","date_gmt":"2022-09-13T11:05:58","guid":{"rendered":"https:\/\/portalpopmais.com.br\/?p=137930"},"modified":"2022-09-13T08:06:19","modified_gmt":"2022-09-13T11:06:19","slug":"jornalista-susana-naspolini-e-internada-e-pede-oracoes-vim-pra-emergencia","status":"publish","type":"post","link":"https:\/\/portalpopmais.com.br\/en\/jornalista-susana-naspolini-e-internada-e-pede-oracoes-vim-pra-emergencia\/","title":{"rendered":"Jornalista Susana Naspolini \u00e9 internada e pede ora\u00e7\u00f5es: &#8220;Vim pra emerg\u00eancia&#8221;"},"content":{"rendered":"<p class=\"wp-block-paragraph\">Na noite desta segunda-feira (12), a jornalista <strong><a href=\"http:\/\/Instagram.com\/portalpopmais\" target=\"_blank\" rel=\"noopener\">Susana Naspolini<\/a><\/strong> deixou seus seguidores preocupados ap\u00f3s anunciar que est\u00e1 internada h\u00e1 seis dias em um hospital. Ela luta contra seu quinto c\u00e2ncer, desta vez no osso da bacia. <\/p>\n\n\n\n<p class=\"wp-block-paragraph\">Susana contou que sua interna\u00e7\u00e3o ocorreu ap\u00f3s desenvolver uma infec\u00e7\u00e3o por conta de sua imunidade, que est\u00e1 baixa. Os m\u00e9dicos optaram por deix\u00e1-la no centro m\u00e9dico, onde a mesma est\u00e1 at\u00e9 o <a href=\"https:\/\/portalpopmais.com.br\/en\/xuxuxa-momento-indiscreto-angelica\/\" data-type=\"post\" data-id=\"134285\">momento<\/a>. <\/p>\n\n\n\n<h2 class=\"wp-block-heading\">Veja tamb\u00e9m<\/h2>\n\n\n<ul class=\"wp-block-latest-posts__list is-grid aligncenter wp-block-latest-posts is-layout-flow wp-block-latest-posts-is-layout-flow\"><li><div class=\"wp-block-latest-posts__featured-image aligncenter\"><a href=\"https:\/\/portalpopmais.com.br\/en\/ricardo-blat-celebra-recuperacao-apos-transplante-de-medula-sou-um-privilegiado\/\" aria-label=\"Ricardo Blat celebra recupera\u00e7\u00e3o ap\u00f3s transplante de medula: &#8220;Sou um privilegiado&#8221;\"><img loading=\"lazy\" decoding=\"async\" width=\"768\" height=\"456\" src=\"https:\/\/portalpopmais.com.br\/wp-content\/uploads\/2026\/09\/1788136858381_242769-768x456.jpg\" class=\"attachment-medium size-medium wp-post-image\" alt=\"\" style=\"\" srcset=\"https:\/\/portalpopmais.com.br\/wp-content\/uploads\/2026\/09\/1788136858381_242769-768x456.jpg 768w, https:\/\/portalpopmais.com.br\/wp-content\/uploads\/2026\/09\/1788136858381_242769-1170x694.jpg 1170w, https:\/\/portalpopmais.com.br\/wp-content\/uploads\/2026\/09\/1788136858381_242769-18x12.jpg 18w\" sizes=\"auto, (max-width: 768px) 100vw, 768px\" title=\"\"><\/a><\/div><a class=\"wp-block-latest-posts__post-title\" href=\"https:\/\/portalpopmais.com.br\/en\/ricardo-blat-celebra-recuperacao-apos-transplante-de-medula-sou-um-privilegiado\/\">Ricardo Blat celebra recupera\u00e7\u00e3o ap\u00f3s transplante de medula: &#8220;Sou um privilegiado&#8221;<\/a><\/li>\n<li><div class=\"wp-block-latest-posts__featured-image aligncenter\"><a href=\"https:\/\/portalpopmais.com.br\/en\/virginia-pediu-dinheiro-live\/\" aria-label=\"Virginia Fonseca \u00e9 alvo de cr\u00edticas ap\u00f3s pedir dinheiro em live no TikTok\"><img loading=\"lazy\" decoding=\"async\" width=\"768\" height=\"456\" src=\"https:\/\/portalpopmais.com.br\/wp-content\/uploads\/2026\/08\/virginia-viraliza-resposta-ia-portalpopmais-768x456.png\" class=\"attachment-medium size-medium wp-post-image\" alt=\"virginia viraliza resposta ia portalpopmais\" style=\"\" srcset=\"https:\/\/portalpopmais.com.br\/wp-content\/uploads\/2026\/08\/virginia-viraliza-resposta-ia-portalpopmais-768x456.png 768w, https:\/\/portalpopmais.com.br\/wp-content\/uploads\/2026\/08\/virginia-viraliza-resposta-ia-portalpopmais-1170x694.png 1170w, https:\/\/portalpopmais.com.br\/wp-content\/uploads\/2026\/08\/virginia-viraliza-resposta-ia-portalpopmais-18x10.png 18w\" sizes=\"auto, (max-width: 768px) 100vw, 768px\" title=\"\"><\/a><\/div><a class=\"wp-block-latest-posts__post-title\" href=\"https:\/\/portalpopmais.com.br\/en\/virginia-pediu-dinheiro-live\/\">Virginia Fonseca \u00e9 alvo de cr\u00edticas ap\u00f3s pedir dinheiro em live no TikTok<\/a><\/li>\n<li><div class=\"wp-block-latest-posts__featured-image aligncenter\"><a href=\"https:\/\/portalpopmais.com.br\/en\/lito-sousa-video-chances-escapar\/\" aria-label=\"&#8220;Tenho 0,1% de chance de escapar&#8221;, diz Lito Sousa sobre doen\u00e7a rara\"><img loading=\"lazy\" decoding=\"async\" width=\"768\" height=\"456\" src=\"https:\/\/portalpopmais.com.br\/wp-content\/uploads\/2026\/08\/lito-sousa-768x456.jpg\" class=\"attachment-medium size-medium wp-post-image\" alt=\"lito sousa\" style=\"\" srcset=\"https:\/\/portalpopmais.com.br\/wp-content\/uploads\/2026\/08\/lito-sousa-768x456.jpg 768w, https:\/\/portalpopmais.com.br\/wp-content\/uploads\/2026\/08\/lito-sousa-1170x694.jpg 1170w, https:\/\/portalpopmais.com.br\/wp-content\/uploads\/2026\/08\/lito-sousa-18x10.jpg 18w\" sizes=\"auto, (max-width: 768px) 100vw, 768px\" title=\"\"><\/a><\/div><a class=\"wp-block-latest-posts__post-title\" href=\"https:\/\/portalpopmais.com.br\/en\/lito-sousa-video-chances-escapar\/\">&#8220;Tenho 0,1% de chance de escapar&#8221;, diz Lito Sousa sobre doen\u00e7a rara<\/a><\/li>\n<li><div class=\"wp-block-latest-posts__featured-image aligncenter\"><a href=\"https:\/\/portalpopmais.com.br\/en\/chico-pinheiro-tratamento-cancer\/\" aria-label=\"Tratando c\u00e2ncer, Chico Pinheiro diz que vai \u201cfarmar aura\u201d ap\u00f3s alta do hospital\"><img loading=\"lazy\" decoding=\"async\" width=\"768\" height=\"456\" src=\"https:\/\/portalpopmais.com.br\/wp-content\/uploads\/2026\/09\/Chico-Pinheiro-tratamento-cancer-768x456.png\" class=\"attachment-medium size-medium wp-post-image\" alt=\"Chico Pinheiro tratamento cancer\" style=\"\" srcset=\"https:\/\/portalpopmais.com.br\/wp-content\/uploads\/2026\/09\/Chico-Pinheiro-tratamento-cancer-768x456.png 768w, https:\/\/portalpopmais.com.br\/wp-content\/uploads\/2026\/09\/Chico-Pinheiro-tratamento-cancer-1170x694.png 1170w, https:\/\/portalpopmais.com.br\/wp-content\/uploads\/2026\/09\/Chico-Pinheiro-tratamento-cancer-18x10.png 18w\" sizes=\"auto, (max-width: 768px) 100vw, 768px\" title=\"\"><\/a><\/div><a class=\"wp-block-latest-posts__post-title\" href=\"https:\/\/portalpopmais.com.br\/en\/chico-pinheiro-tratamento-cancer\/\">Tratando c\u00e2ncer, Chico Pinheiro diz que vai \u201cfarmar aura\u201d ap\u00f3s alta do hospital<\/a><\/li>\n<li><div class=\"wp-block-latest-posts__featured-image aligncenter\"><a href=\"https:\/\/portalpopmais.com.br\/en\/aviao-mariana-fagundes-pouso-emergencia\/\" aria-label=\"Avi\u00e3o com sertaneja Mariana Fagundes faz pouso de emerg\u00eancia em Goi\u00e2nia ap\u00f3s falha t\u00e9cnica\"><img loading=\"lazy\" decoding=\"async\" width=\"768\" height=\"456\" src=\"https:\/\/portalpopmais.com.br\/wp-content\/uploads\/2026\/09\/aviao-Mariana-Fagundes-pouso-emergencia-768x456.jpg\" class=\"attachment-medium size-medium wp-post-image\" alt=\"aviao Mariana Fagundes pouso emergencia\" style=\"\" srcset=\"https:\/\/portalpopmais.com.br\/wp-content\/uploads\/2026\/09\/aviao-Mariana-Fagundes-pouso-emergencia-768x456.jpg 768w, https:\/\/portalpopmais.com.br\/wp-content\/uploads\/2026\/09\/aviao-Mariana-Fagundes-pouso-emergencia-1170x694.jpg 1170w, https:\/\/portalpopmais.com.br\/wp-content\/uploads\/2026\/09\/aviao-Mariana-Fagundes-pouso-emergencia-18x10.jpg 18w\" sizes=\"auto, (max-width: 768px) 100vw, 768px\" title=\"\"><\/a><\/div><a class=\"wp-block-latest-posts__post-title\" href=\"https:\/\/portalpopmais.com.br\/en\/aviao-mariana-fagundes-pouso-emergencia\/\">Avi\u00e3o com sertaneja Mariana Fagundes faz pouso de emerg\u00eancia em Goi\u00e2nia ap\u00f3s falha t\u00e9cnica<\/a><\/li>\n<li><div class=\"wp-block-latest-posts__featured-image aligncenter\"><a href=\"https:\/\/portalpopmais.com.br\/en\/ze-felipe-faz-misterio-nas-redes-sociais-e-revela-desejo-misterioso-vontade\/\" aria-label=\"Z\u00e9 Felipe faz mist\u00e9rio nas redes sociais e revela desejo: \u201cVontade\u201d\"><img loading=\"lazy\" decoding=\"async\" width=\"768\" height=\"456\" src=\"https:\/\/portalpopmais.com.br\/wp-content\/uploads\/2026\/04\/design-sem-nome-4-3-768x456.jpg\" class=\"attachment-medium size-medium wp-post-image\" alt=\"design sem nome 4 (3)\" style=\"\" srcset=\"https:\/\/portalpopmais.com.br\/wp-content\/uploads\/2026\/04\/design-sem-nome-4-3-768x456.jpg 768w, https:\/\/portalpopmais.com.br\/wp-content\/uploads\/2026\/04\/design-sem-nome-4-3-18x12.jpg 18w\" sizes=\"auto, (max-width: 768px) 100vw, 768px\" title=\"\"><\/a><\/div><a class=\"wp-block-latest-posts__post-title\" href=\"https:\/\/portalpopmais.com.br\/en\/ze-felipe-faz-misterio-nas-redes-sociais-e-revela-desejo-misterioso-vontade\/\">Z\u00e9 Felipe faz mist\u00e9rio nas redes sociais e revela desejo: \u201cVontade\u201d<\/a><\/li>\n<\/ul>\n\n\n<p class=\"wp-block-paragraph\">&#8220;<em>Amigos, amigos j\u00e1 s\u00e3o seis dias internada!!! Vim pra emerg\u00eancia e fiquei! Imunidade baixa + infec\u00e7\u00e3o oportunista = antibi\u00f3tico na veia!! E c\u00e1 estou<\/em>!!!&#8221;, escreveu no Instagram, onde ainda compartilhou uma foto deitada na cama do hospital.<\/p>\n\n\n\n<p class=\"wp-block-paragraph\">&#8220;<em>Adivinhem o que vim pedir pra voc\u00eas: ora\u00e7\u00f5es, torcida e energia positiva! S\u00f3 quero ir pra casa! De m\u00e3os dadas, hein?! Conto com voc\u00eas!!&#8221;,<\/em> completou a comunicadora.<\/p>\n\n\n\n<figure class=\"wp-block-embed is-type-rich is-provider-instagram wp-block-embed-instagram\"><div class=\"wp-block-embed__wrapper\">\nhttps:\/\/www.instagram.com\/p\/CibC5bMOqnP\/?igshid=YmMyMTA2M2Y=\n<\/div><\/figure>","protected":false},"excerpt":{"rendered":"<p>Na noite desta segunda-feira (12), a jornalista Susana Naspolini deixou seus seguidores preocupados ap\u00f3s anunciar que est\u00e1 internada h\u00e1 seis dias em um hospital. Ela luta contra seu quinto c\u00e2ncer, desta vez no osso da bacia. Susana contou que sua interna\u00e7\u00e3o ocorreu ap\u00f3s desenvolver uma infec\u00e7\u00e3o por conta de sua imunidade, que est\u00e1 baixa. Os [&hellip;]<\/p>\n","protected":false},"author":2,"featured_media":137935,"comment_status":"closed","ping_status":"open","sticky":false,"template":"","format":"standard","meta":{"footnotes":""},"categories":[1],"tags":[2207],"class_list":["post-137930","post","type-post","status-publish","format-standard","has-post-thumbnail","hentry","category-fire2","tag-susana-naspolini"],"_links":{"self":[{"href":"https:\/\/portalpopmais.com.br\/en\/wp-json\/wp\/v2\/posts\/137930","targetHints":{"allow":["GET"]}}],"collection":[{"href":"https:\/\/portalpopmais.com.br\/en\/wp-json\/wp\/v2\/posts"}],"about":[{"href":"https:\/\/portalpopmais.com.br\/en\/wp-json\/wp\/v2\/types\/post"}],"author":[{"embeddable":true,"href":"https:\/\/portalpopmais.com.br\/en\/wp-json\/wp\/v2\/users\/2"}],"replies":[{"embeddable":true,"href":"https:\/\/portalpopmais.com.br\/en\/wp-json\/wp\/v2\/comments?post=137930"}],"version-history":[{"count":0,"href":"https:\/\/portalpopmais.com.br\/en\/wp-json\/wp\/v2\/posts\/137930\/revisions"}],"wp:featuredmedia":[{"embeddable":true,"href":"https:\/\/portalpopmais.com.br\/en\/wp-json\/wp\/v2\/media\/137935"}],"wp:attachment":[{"href":"https:\/\/portalpopmais.com.br\/en\/wp-json\/wp\/v2\/media?parent=137930"}],"wp:term":[{"taxonomy":"category","embeddable":true,"href":"https:\/\/portalpopmais.com.br\/en\/wp-json\/wp\/v2\/categories?post=137930"},{"taxonomy":"post_tag","embeddable":true,"href":"https:\/\/portalpopmais.com.br\/en\/wp-json\/wp\/v2\/tags?post=137930"}],"curies":[{"name":"wp","href":"https:\/\/api.w.org\/{rel}","templated":true}]}}