{"id":138067,"date":"2022-09-14T07:30:00","date_gmt":"2022-09-14T10:30:00","guid":{"rendered":"https:\/\/portalpopmais.com.br\/?p=138067"},"modified":"2022-09-14T02:18:52","modified_gmt":"2022-09-14T05:18:52","slug":"entrevista-bolsonaro-papo-de-buteco-sbt","status":"publish","type":"post","link":"https:\/\/portalpopmais.com.br\/en\/entrevista-bolsonaro-papo-de-buteco-sbt\/","title":{"rendered":"Ratinho favorece Bolsonaro em sabatina no SBT"},"content":{"rendered":"<p>O apresentador <strong><a href=\"https:\/\/portalpopmais.com.br\/en\/sbt-brasil-geladeira-ratinho-sabatina\/\" data-type=\"post\" data-id=\"135318\">Ratinho<\/a><\/strong> foi o respons\u00e1vel por mediar a entrevista com o candidato \u00e0 reelei\u00e7\u00e3o, Jair Bolsonaro (PL), na noite da \u00faltima ter\u00e7a-feira (13) no <strong><a href=\"https:\/\/sbt.com.br\" data-type=\"URL\" data-id=\"https:\/\/sbt.com.br\" target=\"_blank\" rel=\"noopener\">SBT<\/a><\/strong>.<\/p>\n\n\n\n<p>Durante a sabatina de 30 minutos, com exibi\u00e7\u00e3o ao vivo entre 20h e 20h30, Ratinho reciclou o termo \u201cimbrox\u00e1vel\u201d, usado por <a href=\"https:\/\/portalpopmais.com.br\/en\/diferente-bolsonaro-lula-sabatina-cnn-brasil\/\" data-type=\"post\" data-id=\"137394\">Bolsonaro<\/a> no ato realizado no \u00faltimo 7 de setembro em Bras\u00edlia, puxando um coro de seus apoiadores que participaram da manifesta\u00e7\u00e3o.<\/p>\n\n\n\n<p>O termo foi designado pelo pr\u00f3prio apresentador quando ele indagou o presidenci\u00e1vel sobre sua rela\u00e7\u00e3o com a imprensa. \u201cEu tenho deixado de conversar com a imprensa porque ela toca na ferida o tempo todo, sempre bateram em mim\u201d, afirmou.<\/p>\n\n\n\n<p>Na sequ\u00eancia, Ratinho sugere: \u201cmeio imbrox\u00e1vel\u201d. sobre como se portar diante dos jornalistas. O candidato do Partido Liberal rebate, dizendo que a palavra \u00e9 \u201cresiliente\u201d.<\/p>\n\n\n\n<h3 class=\"wp-block-heading\">Parcial?<\/h3>\n\n\n\n<p>De maneira indireta, Ratinho cita Lula, candidato do PT (Partido dos Trabalhadores), sobre sua fala em que, segundo ele, daria picanha para o povo. O mediador ainda colaborou com o entrevistado para que fizesse seguidas acusa\u00e7\u00f5es de que Lula seja corrupto.<\/p>","protected":false},"excerpt":{"rendered":"<p>O apresentador Ratinho foi o respons\u00e1vel por mediar a entrevista com o candidato \u00e0 reelei\u00e7\u00e3o, Jair Bolsonaro (PL), na noite da \u00faltima ter\u00e7a-feira (13) no SBT. Durante a sabatina de 30 minutos, com exibi\u00e7\u00e3o ao vivo entre 20h e 20h30, Ratinho reciclou o termo \u201cimbrox\u00e1vel\u201d, usado por Bolsonaro no ato realizado no \u00faltimo 7 de [&hellip;]<\/p>\n","protected":false},"author":2,"featured_media":138082,"comment_status":"closed","ping_status":"open","sticky":false,"template":"","format":"standard","meta":{"footnotes":""},"categories":[181],"tags":[477,642,403],"class_list":["post-138067","post","type-post","status-publish","format-standard","has-post-thumbnail","hentry","category-televisao","tag-bolsonaro","tag-ratinho","tag-sbt"],"_links":{"self":[{"href":"https:\/\/portalpopmais.com.br\/en\/wp-json\/wp\/v2\/posts\/138067","targetHints":{"allow":["GET"]}}],"collection":[{"href":"https:\/\/portalpopmais.com.br\/en\/wp-json\/wp\/v2\/posts"}],"about":[{"href":"https:\/\/portalpopmais.com.br\/en\/wp-json\/wp\/v2\/types\/post"}],"author":[{"embeddable":true,"href":"https:\/\/portalpopmais.com.br\/en\/wp-json\/wp\/v2\/users\/2"}],"replies":[{"embeddable":true,"href":"https:\/\/portalpopmais.com.br\/en\/wp-json\/wp\/v2\/comments?post=138067"}],"version-history":[{"count":0,"href":"https:\/\/portalpopmais.com.br\/en\/wp-json\/wp\/v2\/posts\/138067\/revisions"}],"wp:featuredmedia":[{"embeddable":true,"href":"https:\/\/portalpopmais.com.br\/en\/wp-json\/wp\/v2\/media\/138082"}],"wp:attachment":[{"href":"https:\/\/portalpopmais.com.br\/en\/wp-json\/wp\/v2\/media?parent=138067"}],"wp:term":[{"taxonomy":"category","embeddable":true,"href":"https:\/\/portalpopmais.com.br\/en\/wp-json\/wp\/v2\/categories?post=138067"},{"taxonomy":"post_tag","embeddable":true,"href":"https:\/\/portalpopmais.com.br\/en\/wp-json\/wp\/v2\/tags?post=138067"}],"curies":[{"name":"wp","href":"https:\/\/api.w.org\/{rel}","templated":true}]}}