{"id":138281,"date":"2022-09-15T07:45:00","date_gmt":"2022-09-15T10:45:00","guid":{"rendered":"https:\/\/portalpopmais.com.br\/?p=138281"},"modified":"2022-09-15T03:16:59","modified_gmt":"2022-09-15T06:16:59","slug":"masterchef-pior-estreia-temporada-historia","status":"publish","type":"post","link":"https:\/\/portalpopmais.com.br\/en\/masterchef-pior-estreia-temporada-historia\/","title":{"rendered":"\u201cEsquecido do churrasco?\u201d; Masterchef tem pior estreia de temporada da hist\u00f3ria"},"content":{"rendered":"<p>A estreia da 4\u00aa temporada do \u201c<strong><a href=\"https:\/\/portalpopmais.com.br\/en\/sbt-dor-de-cabeca-band-masterchef-audiencia\/\" data-type=\"post\" data-id=\"131527\">Masterchef<\/a><\/strong>\u201d com os profissionais da cozinha caiu no esquecimento do p\u00fablico paulistano. O primeiro epis\u00f3dio teve uma m\u00e9dia de 1,7 pontos, sendo o pior \u00edndice de todas as edi\u00e7\u00f5es na <strong><a href=\"https:\/\/band.com.br\" target=\"_blank\" rel=\"noopener\">Band<\/a><\/strong>.<\/p>\n\n\n\n<p>A batalha culin\u00e1ria n\u00e3o conseguiu bater de frente com o in\u00edcio de \u201c<strong><a href=\"https:\/\/portalpopmais.com.br\/en\/a-fazenda-turbina-ibope-record-104-sbt\/\" data-type=\"post\" data-id=\"138068\">A Fazenda 14<\/a><\/strong>\u201d, que por sua vez registrou crescimento quase duas vezes mais que nas semanas anteriores, al\u00e9m da larga vantagem sobre o SBT.<\/p>\n\n\n\n<p>O \u00edndice de estreia do &#8220;Masterchef Profissionais 4\u201d representa uma queda de 39% em rela\u00e7\u00e3o \u00e0s quatro \u00faltimas semanas, conforme dados obtidos pelo site TV Pop, quando ainda era exibido a edi\u00e7\u00e3o de cozinheiros amadores.<\/p>\n\n\n\n<p>A atra\u00e7\u00e3o ocupou o nono lugar no ranking das m\u00e9dias da grade do dia 13 de setembro. A competi\u00e7\u00e3o ficou atr\u00e1s do \u201cJornal da Band\u201d, m\u00e9dia de 4,6 pontos, \u201d<a href=\"https:\/\/portalpopmais.com.br\/en\/sem-confirmacao-datena-diz-que-michael-schumacher-morreu-e-e-detonado\/\" data-type=\"post\" data-id=\"134701\">Brasil Urgente<\/a>\u201d, m\u00e9dia de 4,4, 2\u00b0 bloco do <a href=\"https:\/\/portalpopmais.com.br\/en\/os-pequenos-johnstons-marca-menos-horario-sbt\/\" data-type=\"post\" data-id=\"137391\">Hor\u00e1rio Pol\u00edtico<\/a>, com \u00edndice de 3,4 e do \u201c<a href=\"https:\/\/portalpopmais.com.br\/en\/faustao-sofre-novas-mudancas-band-novelas\/\" data-type=\"post\" data-id=\"137781\">Faust\u00e3o na Band<\/a>\u201d, com 2,9 de m\u00e9dia.<\/p>","protected":false},"excerpt":{"rendered":"<p>A estreia da 4\u00aa temporada do \u201cMasterchef\u201d com os profissionais da cozinha caiu no esquecimento do p\u00fablico paulistano. O primeiro epis\u00f3dio teve uma m\u00e9dia de 1,7 pontos, sendo o pior \u00edndice de todas as edi\u00e7\u00f5es na Band. A batalha culin\u00e1ria n\u00e3o conseguiu bater de frente com o in\u00edcio de \u201cA Fazenda 14\u201d, que por sua [&hellip;]<\/p>\n","protected":false},"author":2,"featured_media":138302,"comment_status":"closed","ping_status":"open","sticky":false,"template":"","format":"standard","meta":{"footnotes":""},"categories":[181],"tags":[1152,2410],"class_list":["post-138281","post","type-post","status-publish","format-standard","has-post-thumbnail","hentry","category-televisao","tag-band","tag-masterchef"],"_links":{"self":[{"href":"https:\/\/portalpopmais.com.br\/en\/wp-json\/wp\/v2\/posts\/138281","targetHints":{"allow":["GET"]}}],"collection":[{"href":"https:\/\/portalpopmais.com.br\/en\/wp-json\/wp\/v2\/posts"}],"about":[{"href":"https:\/\/portalpopmais.com.br\/en\/wp-json\/wp\/v2\/types\/post"}],"author":[{"embeddable":true,"href":"https:\/\/portalpopmais.com.br\/en\/wp-json\/wp\/v2\/users\/2"}],"replies":[{"embeddable":true,"href":"https:\/\/portalpopmais.com.br\/en\/wp-json\/wp\/v2\/comments?post=138281"}],"version-history":[{"count":0,"href":"https:\/\/portalpopmais.com.br\/en\/wp-json\/wp\/v2\/posts\/138281\/revisions"}],"wp:featuredmedia":[{"embeddable":true,"href":"https:\/\/portalpopmais.com.br\/en\/wp-json\/wp\/v2\/media\/138302"}],"wp:attachment":[{"href":"https:\/\/portalpopmais.com.br\/en\/wp-json\/wp\/v2\/media?parent=138281"}],"wp:term":[{"taxonomy":"category","embeddable":true,"href":"https:\/\/portalpopmais.com.br\/en\/wp-json\/wp\/v2\/categories?post=138281"},{"taxonomy":"post_tag","embeddable":true,"href":"https:\/\/portalpopmais.com.br\/en\/wp-json\/wp\/v2\/tags?post=138281"}],"curies":[{"name":"wp","href":"https:\/\/api.w.org\/{rel}","templated":true}]}}