{"id":138283,"date":"2022-09-15T07:15:00","date_gmt":"2022-09-15T10:15:00","guid":{"rendered":"https:\/\/portalpopmais.com.br\/?p=138283"},"modified":"2022-09-15T03:15:35","modified_gmt":"2022-09-15T06:15:35","slug":"rico-melquiades-luiza-ambiel-farpas-ao-vivo","status":"publish","type":"post","link":"https:\/\/portalpopmais.com.br\/en\/rico-melquiades-luiza-ambiel-farpas-ao-vivo\/","title":{"rendered":"Quem t\u00e1 certo? Rico Melquiades e Luiza Ambiel trocam farpas ao vivo na Record"},"content":{"rendered":"<p>Se o clima j\u00e1 \u00e9 de entretenimento dentro da sede da \u201c<strong><a href=\"https:\/\/portalpopmais.com.br\/en\/a-fazenda-14-veja-a-lista-oficial-de-participantes\/\" data-type=\"post\" data-id=\"136336\">Fazenda<\/a><\/strong>\u201d, aqui fora n\u00e3o \u00e9 muito diferente. Durante o \u201c<strong><a href=\"https:\/\/r7.com\" target=\"_blank\" rel=\"noopener\">Hoje em Dia<\/a><\/strong>\u201d da \u00faltima quarta-feira (14), Luiza Ambiel, participante da edi\u00e7\u00e3o de 2020, e Rico Melquiades, vencedor da \u00faltima temporada, participaram do matinal para comentar sobre o reality.<\/p>\n\n\n\n<p>No entanto, a situa\u00e7\u00e3o passou a ficar mais tensa quando come\u00e7ou a troca de farpas entre a dupla quando relembravam de suas passagens no programa. Mas o embate ocorreu antes mesmo da atra\u00e7\u00e3o ir ao ar, na maquiagem.<\/p>\n\n\n\n<p>Nas redes sociais, Bruno Ribeiro, assessor de Rico, compartilhou o bate boca entre os ex-pe\u00f5es, e uma das maquiadoras interviu na discuss\u00e3o.<\/p>\n\n\n\n<p><strong>Veja um dos v\u00eddeos:<\/strong><\/p>\n\n\n\n<figure class=\"wp-block-embed is-type-rich is-provider-twitter wp-block-embed-twitter\"><div class=\"wp-block-embed__wrapper\">\nhttps:\/\/twitter.com\/bruribeiroof\/status\/1570040864830791680?s=20&#038;t=YuagDuUb4exGUn7j5UkPcg\n<\/div><\/figure>\n\n\n\n<p>J\u00e1 no ar, Ambiel defende que a temporada que participou teve mais sucesso que a edi\u00e7\u00e3o que o vencedor da edi\u00e7\u00e3o 13 esteve. Rico alegou que a primeira semana foi mais tranquila porque ningu\u00e9m se conhecia.<\/p>\n\n\n\n<p>A musa da banheira do Gugu alfineta: \u201cNa sua, n\u00e9? Porque, na nossa, j\u00e1 come\u00e7ou com treta. A sua come\u00e7ou calminha, por isso que flopou um pouco tamb\u00e9m\u201d. Rico rebate, dizendo que a temporada de 2021 foi a mais comentada nas redes sociais.<\/p>\n\n\n\n<p>As apresentadoras tentaram acalmar os \u00e2nimos, mas logo o campe\u00e3o da 13\u00aa edi\u00e7\u00e3o retruca:<br>\u201cMas gente, jogar na minha cara que a minha Fazenda flopou? Querida! A Jojo que ganhou, a Jojo que carregou a temporada de voc\u00eas nas costas\u201d.<\/p>\n\n\n\n<figure class=\"wp-block-embed is-type-video is-provider-youtube wp-block-embed-youtube wp-embed-aspect-16-9 wp-has-aspect-ratio\"><div class=\"wp-block-embed__wrapper\">\n<iframe loading=\"lazy\" title=\"Ex-pe\u00f5es analisam a estreia de A Fazenda 14\" width=\"880\" height=\"495\" src=\"https:\/\/www.youtube.com\/embed\/pWVwsLDLGro?feature=oembed\" frameborder=\"0\" allow=\"accelerometer; autoplay; clipboard-write; encrypted-media; gyroscope; picture-in-picture; web-share\" referrerpolicy=\"strict-origin-when-cross-origin\" allowfullscreen><\/iframe>\n<\/div><\/figure>","protected":false},"excerpt":{"rendered":"<p>Se o clima j\u00e1 \u00e9 de entretenimento dentro da sede da \u201cFazenda\u201d, aqui fora n\u00e3o \u00e9 muito diferente. Durante o \u201cHoje em Dia\u201d da \u00faltima quarta-feira (14), Luiza Ambiel, participante da edi\u00e7\u00e3o de 2020, e Rico Melquiades, vencedor da \u00faltima temporada, participaram do matinal para comentar sobre o reality. No entanto, a situa\u00e7\u00e3o passou a [&hellip;]<\/p>\n","protected":false},"author":2,"featured_media":138303,"comment_status":"closed","ping_status":"open","sticky":false,"template":"","format":"standard","meta":{"footnotes":""},"categories":[181],"tags":[205,882],"class_list":["post-138283","post","type-post","status-publish","format-standard","has-post-thumbnail","hentry","category-televisao","tag-a-fazenda","tag-record"],"_links":{"self":[{"href":"https:\/\/portalpopmais.com.br\/en\/wp-json\/wp\/v2\/posts\/138283","targetHints":{"allow":["GET"]}}],"collection":[{"href":"https:\/\/portalpopmais.com.br\/en\/wp-json\/wp\/v2\/posts"}],"about":[{"href":"https:\/\/portalpopmais.com.br\/en\/wp-json\/wp\/v2\/types\/post"}],"author":[{"embeddable":true,"href":"https:\/\/portalpopmais.com.br\/en\/wp-json\/wp\/v2\/users\/2"}],"replies":[{"embeddable":true,"href":"https:\/\/portalpopmais.com.br\/en\/wp-json\/wp\/v2\/comments?post=138283"}],"version-history":[{"count":0,"href":"https:\/\/portalpopmais.com.br\/en\/wp-json\/wp\/v2\/posts\/138283\/revisions"}],"wp:featuredmedia":[{"embeddable":true,"href":"https:\/\/portalpopmais.com.br\/en\/wp-json\/wp\/v2\/media\/138303"}],"wp:attachment":[{"href":"https:\/\/portalpopmais.com.br\/en\/wp-json\/wp\/v2\/media?parent=138283"}],"wp:term":[{"taxonomy":"category","embeddable":true,"href":"https:\/\/portalpopmais.com.br\/en\/wp-json\/wp\/v2\/categories?post=138283"},{"taxonomy":"post_tag","embeddable":true,"href":"https:\/\/portalpopmais.com.br\/en\/wp-json\/wp\/v2\/tags?post=138283"}],"curies":[{"name":"wp","href":"https:\/\/api.w.org\/{rel}","templated":true}]}}