{"id":138323,"date":"2022-09-15T08:20:06","date_gmt":"2022-09-15T11:20:06","guid":{"rendered":"https:\/\/portalpopmais.com.br\/?p=138323"},"modified":"2022-09-15T08:21:04","modified_gmt":"2022-09-15T11:21:04","slug":"tiago-ramos-chora-ex-da-mae-de-neymar","status":"publish","type":"post","link":"https:\/\/portalpopmais.com.br\/en\/tiago-ramos-chora-ex-da-mae-de-neymar\/","title":{"rendered":"Tiago Ramos chora por ser chamado de &#8220;ex da m\u00e3e de Neymar&#8221;"},"content":{"rendered":"\n<p><a href=\"https:\/\/portalpopmais.com.br\/petala-arremessa-objeto-rosto-tiago-ramos\/\" data-type=\"post\" data-id=\"138239\">Tiago Ramos<\/a>, confinado em &#8216;A Fazenda 14&#8217;, n\u00e3o aguentou os apelidos de ser &#8220;Neydrasto&#8221; e &#8220;ex da m\u00e3e de Neymar&#8221;, come\u00e7ou a chorar e cogitou desistir do programa.<\/p>\n\n\n\n<p>\u201cEu acho que ele n\u00e3o respondeu muito bem as perguntas, tem essa cara de deboche\u2026 Ele foi muito grosso, muito ignorante. Eu tamb\u00e9m sou, mas ele fez de uma forma chata, sabe? Que o clima ficou muito chato\u201c, disse MC Cr\u00e9u ao ser questionado sobre o que pensava sobre o modelo.<\/p>\n\n\n\n<p>\u201cNa minha opini\u00e3o, voc\u00ea tem que ser o primeiro a sair. N\u00e3o te achei uma pessoa honesta nas palavras, no posicionamento de jogo. Acho que voc\u00ea est\u00e1 totalmente fora da casinha\u201c, declarou Suzi, por sua vez.<\/p>\n\n\n\n<p>Depois de ver a rea\u00e7\u00e3o dos colegas em potencial, Tiago desabou. Em seguida o rapaz foi consolado por v\u00e1rios pe\u00f5es, entre eles, Deolane Bezerra.<\/p>\n\n\n\n<p>\u201cMeu amor, eu tenho 35 anos e 3 filhos. Eu tenho gradua\u00e7\u00e3o, p\u00f3s-gradua\u00e7\u00e3o e passei 1 ano e meio como ex-vi\u00fava tra\u00edda. Minha imagem est\u00e1 se desvinculando agora e todo processo tem etapas\u201c, disse a advogada.<\/p>\n\n\n\n<p>\u201cMas isso n\u00e3o atinge s\u00f3 a mim. Atinge \u00e0 minha fam\u00edlia, atinge ela (Nadine Gon\u00e7alves), atinge os filhos dela. Eu n\u00e3o posso carregar um nome que n\u00e3o \u00e9 meu\u201c, recordou Ramos.<\/p>\n\n\n\n<p>\u201cO Thomaz [Costa] \u00e9 o ex da Larissa Manoela pro resto da vida\u201c, exemplificou Doelane, levando o ator de \u2018Carrossel\u2019 aos risos. \u201cVoc\u00ea n\u00e3o \u00e9 fraco. Se fosse, nem estaria aqui. S\u00f3 voc\u00ea sabe o que passou\u201c, completou Deolane.<\/p>\n","protected":false},"excerpt":{"rendered":"<p>Tiago Ramos, confinado em &#8216;A Fazenda 14&#8217;, n\u00e3o aguentou os apelidos de ser &#8220;Neydrasto&#8221; e &#8220;ex da m\u00e3e de Neymar&#8221;, come\u00e7ou a chorar e cogitou desistir do programa. \u201cEu acho que ele n\u00e3o respondeu muito bem as perguntas, tem essa cara de deboche\u2026 Ele foi muito grosso, muito ignorante. Eu tamb\u00e9m sou, mas ele fez [&hellip;]<\/p>\n","protected":false},"author":3,"featured_media":138324,"comment_status":"closed","ping_status":"open","sticky":false,"template":"","format":"standard","meta":{"footnotes":""},"categories":[173],"tags":[2242],"class_list":["post-138323","post","type-post","status-publish","format-standard","has-post-thumbnail","hentry","category-celebridades","tag-tiago-ramos"],"_links":{"self":[{"href":"https:\/\/portalpopmais.com.br\/en\/wp-json\/wp\/v2\/posts\/138323","targetHints":{"allow":["GET"]}}],"collection":[{"href":"https:\/\/portalpopmais.com.br\/en\/wp-json\/wp\/v2\/posts"}],"about":[{"href":"https:\/\/portalpopmais.com.br\/en\/wp-json\/wp\/v2\/types\/post"}],"author":[{"embeddable":true,"href":"https:\/\/portalpopmais.com.br\/en\/wp-json\/wp\/v2\/users\/3"}],"replies":[{"embeddable":true,"href":"https:\/\/portalpopmais.com.br\/en\/wp-json\/wp\/v2\/comments?post=138323"}],"version-history":[{"count":0,"href":"https:\/\/portalpopmais.com.br\/en\/wp-json\/wp\/v2\/posts\/138323\/revisions"}],"wp:featuredmedia":[{"embeddable":true,"href":"https:\/\/portalpopmais.com.br\/en\/wp-json\/wp\/v2\/media\/138324"}],"wp:attachment":[{"href":"https:\/\/portalpopmais.com.br\/en\/wp-json\/wp\/v2\/media?parent=138323"}],"wp:term":[{"taxonomy":"category","embeddable":true,"href":"https:\/\/portalpopmais.com.br\/en\/wp-json\/wp\/v2\/categories?post=138323"},{"taxonomy":"post_tag","embeddable":true,"href":"https:\/\/portalpopmais.com.br\/en\/wp-json\/wp\/v2\/tags?post=138323"}],"curies":[{"name":"wp","href":"https:\/\/api.w.org\/{rel}","templated":true}]}}