{"id":138410,"date":"2022-09-15T13:11:41","date_gmt":"2022-09-15T16:11:41","guid":{"rendered":"https:\/\/portalpopmais.com.br\/?p=138410"},"modified":"2022-09-15T13:12:36","modified_gmt":"2022-09-15T16:12:36","slug":"chega-ao-fim-o-namoro-entre-day-limns-e-carol-biazin","status":"publish","type":"post","link":"https:\/\/portalpopmais.com.br\/en\/chega-ao-fim-o-namoro-entre-day-limns-e-carol-biazin\/","title":{"rendered":"Chega ao fim o namoro entre Day Limns e Carol Biazin"},"content":{"rendered":"<p><strong><a href=\"https:\/\/portalpopmais.com.br\/en\/carol-biazin-participa-da-6a-conferencia-internacional-da-diversidade-da-prefeitura-de-sao-paulo\/\" data-type=\"post\" data-id=\"134574\">Carol Biazin<\/a><\/strong> e <strong><a href=\"http:\/\/instagram.com\/portalpopmais\" target=\"_blank\" rel=\"noopener\">Day Limns<\/a> <\/strong>anunciaram, nesta quinta-feira (15), o fim do seu relacionamento, ap\u00b4\u00f3s 4 anos juntas. A not\u00edcia foi compartilhada por elas, via Stories do Instagram, onde garantiram que seguem com a amizade.<\/p>\n\n\n\n<p>\u201cSe voc\u00eas ajudarem, acho que pode ser ainda mais f\u00e1cil. Eu digo ajudar em n\u00e3o invadir nosso espa\u00e7o. Isso \u00e9 o m\u00ednimo que podemos fazer porque a vida, por mais que ela tenha sido p\u00fablica, \u00e9 nossa\u201d, contou Biazin. <\/p>\n\n\n\n<p>\u201cS\u00f3 eu e a Carol sabemos o lugar que a gente ocupa na vida uma da outra. N\u00e3o \u00e9 o nome que voc\u00eas v\u00e3o querer dar ou n\u00e3o dar. Simplesmente \u00e9 o que \u00e9. A gente pede o m\u00ednimo que \u00e9 o respeito\u201d, acrescentou Day. <\/p>\n\n\n\n<p>Os boatos sobre o fim do relacionamento surgiram antes do Rock in Rio, ap\u00f3s elas passarem a morar em apartamentos separados. Na \u00e9poca, a assessoria de imprensa das artistas informou que a informa\u00e7\u00e3o n\u00e3o procedia.<\/p>","protected":false},"excerpt":{"rendered":"<p>Carol Biazin e Day Limns anunciaram, nesta quinta-feira (15), o fim do seu relacionamento, ap\u00b4\u00f3s 4 anos juntas. A not\u00edcia foi compartilhada por elas, via Stories do Instagram, onde garantiram que seguem com a amizade. \u201cSe voc\u00eas ajudarem, acho que pode ser ainda mais f\u00e1cil. Eu digo ajudar em n\u00e3o invadir nosso espa\u00e7o. Isso \u00e9 [&hellip;]<\/p>\n","protected":false},"author":2,"featured_media":138412,"comment_status":"closed","ping_status":"open","sticky":false,"template":"","format":"standard","meta":{"footnotes":""},"categories":[173],"tags":[3694,6627],"class_list":["post-138410","post","type-post","status-publish","format-standard","has-post-thumbnail","hentry","category-celebridades","tag-carol-biazin","tag-day-limns"],"_links":{"self":[{"href":"https:\/\/portalpopmais.com.br\/en\/wp-json\/wp\/v2\/posts\/138410","targetHints":{"allow":["GET"]}}],"collection":[{"href":"https:\/\/portalpopmais.com.br\/en\/wp-json\/wp\/v2\/posts"}],"about":[{"href":"https:\/\/portalpopmais.com.br\/en\/wp-json\/wp\/v2\/types\/post"}],"author":[{"embeddable":true,"href":"https:\/\/portalpopmais.com.br\/en\/wp-json\/wp\/v2\/users\/2"}],"replies":[{"embeddable":true,"href":"https:\/\/portalpopmais.com.br\/en\/wp-json\/wp\/v2\/comments?post=138410"}],"version-history":[{"count":0,"href":"https:\/\/portalpopmais.com.br\/en\/wp-json\/wp\/v2\/posts\/138410\/revisions"}],"wp:featuredmedia":[{"embeddable":true,"href":"https:\/\/portalpopmais.com.br\/en\/wp-json\/wp\/v2\/media\/138412"}],"wp:attachment":[{"href":"https:\/\/portalpopmais.com.br\/en\/wp-json\/wp\/v2\/media?parent=138410"}],"wp:term":[{"taxonomy":"category","embeddable":true,"href":"https:\/\/portalpopmais.com.br\/en\/wp-json\/wp\/v2\/categories?post=138410"},{"taxonomy":"post_tag","embeddable":true,"href":"https:\/\/portalpopmais.com.br\/en\/wp-json\/wp\/v2\/tags?post=138410"}],"curies":[{"name":"wp","href":"https:\/\/api.w.org\/{rel}","templated":true}]}}