{"id":138766,"date":"2022-09-17T09:51:25","date_gmt":"2022-09-17T12:51:25","guid":{"rendered":"https:\/\/portalpopmais.com.br\/?p=138766"},"modified":"2022-09-17T09:51:29","modified_gmt":"2022-09-17T12:51:29","slug":"a-fazenda-14-deolane-descobre-interesse-de-tiago-ramos-e-da-fora-no-modelo-confundiu-as-coisas-veja-video","status":"publish","type":"post","link":"https:\/\/portalpopmais.com.br\/en\/a-fazenda-14-deolane-descobre-interesse-de-tiago-ramos-e-da-fora-no-modelo-confundiu-as-coisas-veja-video\/","title":{"rendered":"A Fazenda 14: Deolane descobre interesse de Tiago Ramos e d\u00e1 fora no modelo &#8220;Confundiu as coisas&#8221;; veja v\u00eddeo"},"content":{"rendered":"\n<p>A primeira semana de &#8220;<strong><a href=\"https:\/\/portalpopmais.com.br\/a-fazenda-14-tiago-ramos-ameaca-desistir\/\" data-type=\"post\" data-id=\"138759\">A Fazenda 14<\/a><\/strong>&#8221; nem terminou, mas o reality j\u00e1 serviu um banquete de tretas e intrigas para ningu\u00e9m botar defeiro. Na madrugada deste s\u00e1bado (17), <strong><a href=\"http:\/\/instagram.com\/portalpopmais\" target=\"_blank\" rel=\"noopener\">Deolane Bezerra<\/a><\/strong> voltou a protagonizar o espa\u00e7o, ap\u00f3s descobrir que <strong>Tiago Ramos<\/strong> est\u00e1 interessado nela. Acontece que a loira n\u00e3o est\u00e1 afim de romance e resolveu esclarecer o sentimento que sente pelo pe\u00e3o.<\/p>\n\n\n\n<p>A fofoca chegou at\u00e9 a advogada atrav\u00e9s de Vini Buttel &#8211; anteriormente, o ex-namorado de Nadine Gon\u00e7alves j\u00e1 havia revelado seu desejo para ele o interesse na vi\u00fava de MC Kevin.<\/p>\n\n\n\n<h2 class=\"wp-block-heading\">Veja tamb\u00e9m<\/h2>\n\n\n<ul class=\"wp-block-latest-posts__list is-grid columns-3 aligncenter wp-block-latest-posts\"><li><div class=\"wp-block-latest-posts__featured-image aligncenter\"><a href=\"https:\/\/portalpopmais.com.br\/en\/tudo-o-que-voce-precisa-saber-sobre-a-casa-do-patrao-novo-reality-da-record\/\" aria-label=\"Tudo o que voc\u00ea precisa saber sobre a &#8220;Casa do Patr\u00e3o&#8221;, novo reality da RECORD\"><img loading=\"lazy\" decoding=\"async\" width=\"768\" height=\"456\" src=\"https:\/\/portalpopmais.com.br\/wp-content\/uploads\/2026\/03\/Leandro-Hassum-confirmado-apresentador-casa-do-patrao-768x456.png\" class=\"attachment-medium size-medium wp-post-image\" alt=\"Leandro Hassum confirmado apresentador casa do patr\u00e3o\" style=\"\" srcset=\"https:\/\/portalpopmais.com.br\/wp-content\/uploads\/2026\/03\/Leandro-Hassum-confirmado-apresentador-casa-do-patrao-768x456.png 768w, https:\/\/portalpopmais.com.br\/wp-content\/uploads\/2026\/03\/Leandro-Hassum-confirmado-apresentador-casa-do-patrao-18x10.png 18w\" sizes=\"auto, (max-width: 768px) 100vw, 768px\" title=\"\"><\/a><\/div><a class=\"wp-block-latest-posts__post-title\" href=\"https:\/\/portalpopmais.com.br\/en\/tudo-o-que-voce-precisa-saber-sobre-a-casa-do-patrao-novo-reality-da-record\/\">Tudo o que voc\u00ea precisa saber sobre a &#8220;Casa do Patr\u00e3o&#8221;, novo reality da RECORD<\/a><\/li>\n<li><div class=\"wp-block-latest-posts__featured-image aligncenter\"><a href=\"https:\/\/portalpopmais.com.br\/en\/final-do-bbb-26-registra-baixa-audiencia-e-acende-alerta-na-globo\/\" aria-label=\"Final do BBB 26 registra baixa audi\u00eancia e acende alerta na Globo\"><img loading=\"lazy\" decoding=\"async\" width=\"768\" height=\"456\" src=\"https:\/\/portalpopmais.com.br\/wp-content\/uploads\/2026\/04\/juliano-floss-ana-paula-renault-e-milena-768x456.webp\" class=\"attachment-medium size-medium wp-post-image\" alt=\"juliano floss ana paula renault e milena\" style=\"\" srcset=\"https:\/\/portalpopmais.com.br\/wp-content\/uploads\/2026\/04\/juliano-floss-ana-paula-renault-e-milena-768x456.webp 768w, https:\/\/portalpopmais.com.br\/wp-content\/uploads\/2026\/04\/juliano-floss-ana-paula-renault-e-milena-18x12.webp 18w\" sizes=\"auto, (max-width: 768px) 100vw, 768px\" title=\"\"><\/a><\/div><a class=\"wp-block-latest-posts__post-title\" href=\"https:\/\/portalpopmais.com.br\/en\/final-do-bbb-26-registra-baixa-audiencia-e-acende-alerta-na-globo\/\">Final do BBB 26 registra baixa audi\u00eancia e acende alerta na Globo<\/a><\/li>\n<li><div class=\"wp-block-latest-posts__featured-image aligncenter\"><a href=\"https:\/\/portalpopmais.com.br\/en\/ana-paula-renault-vence-o-bbb-26-e-leva-premio-milionario-saiba-quanto\/\" aria-label=\"Ana Paula Renault vence o BBB 26 e leva pr\u00eamio milion\u00e1rio; saiba quanto\"><img loading=\"lazy\" decoding=\"async\" width=\"768\" height=\"450\" src=\"https:\/\/portalpopmais.com.br\/wp-content\/uploads\/2026\/03\/ana-paula-lider-bbb-26-768x450.jpg\" class=\"attachment-medium size-medium wp-post-image\" alt=\"ana paula lider bbb 26\" style=\"\" srcset=\"https:\/\/portalpopmais.com.br\/wp-content\/uploads\/2026\/03\/ana-paula-lider-bbb-26-768x450.jpg 768w, https:\/\/portalpopmais.com.br\/wp-content\/uploads\/2026\/03\/ana-paula-lider-bbb-26-18x10.jpg 18w\" sizes=\"auto, (max-width: 768px) 100vw, 768px\" title=\"\"><\/a><\/div><a class=\"wp-block-latest-posts__post-title\" href=\"https:\/\/portalpopmais.com.br\/en\/ana-paula-renault-vence-o-bbb-26-e-leva-premio-milionario-saiba-quanto\/\">Ana Paula Renault vence o BBB 26 e leva pr\u00eamio milion\u00e1rio; saiba quanto<\/a><\/li>\n<li><div class=\"wp-block-latest-posts__featured-image aligncenter\"><a href=\"https:\/\/portalpopmais.com.br\/en\/maior-treta-de-ana-paula-renault-no-bbb-26-foi-por-causa-do-pai\/\" aria-label=\"Maior treta de Ana Paula Renault no BBB 26 foi por causa do pai\"><img loading=\"lazy\" decoding=\"async\" width=\"768\" height=\"456\" src=\"https:\/\/portalpopmais.com.br\/wp-content\/uploads\/2026\/04\/ana-paula-renault-768x456.png\" class=\"attachment-medium size-medium wp-post-image\" alt=\"ana paula renault\" style=\"\" srcset=\"https:\/\/portalpopmais.com.br\/wp-content\/uploads\/2026\/04\/ana-paula-renault-768x456.png 768w, https:\/\/portalpopmais.com.br\/wp-content\/uploads\/2026\/04\/ana-paula-renault-18x12.png 18w\" sizes=\"auto, (max-width: 768px) 100vw, 768px\" title=\"\"><\/a><\/div><a class=\"wp-block-latest-posts__post-title\" href=\"https:\/\/portalpopmais.com.br\/en\/maior-treta-de-ana-paula-renault-no-bbb-26-foi-por-causa-do-pai\/\">Maior treta de Ana Paula Renault no BBB 26 foi por causa do pai<\/a><\/li>\n<li><div class=\"wp-block-latest-posts__featured-image aligncenter\"><a href=\"https:\/\/portalpopmais.com.br\/en\/influenciador-viraliza-apos-deixar-parte-intima-escapar-no-reality-la-mansion-vip\/\" aria-label=\"Influenciador viraliza ap\u00f3s deixar parte \u00edntima escapar no reality La Mansion Vip\"><img loading=\"lazy\" decoding=\"async\" width=\"768\" height=\"456\" src=\"https:\/\/portalpopmais.com.br\/wp-content\/uploads\/2026\/04\/Naim-Darrechi-768x456.webp\" class=\"attachment-medium size-medium wp-post-image\" alt=\"Naim Darrechi\" style=\"\" srcset=\"https:\/\/portalpopmais.com.br\/wp-content\/uploads\/2026\/04\/Naim-Darrechi-768x456.webp 768w, https:\/\/portalpopmais.com.br\/wp-content\/uploads\/2026\/04\/Naim-Darrechi-1170x694.webp 1170w, https:\/\/portalpopmais.com.br\/wp-content\/uploads\/2026\/04\/Naim-Darrechi-18x10.webp 18w\" sizes=\"auto, (max-width: 768px) 100vw, 768px\" title=\"\"><\/a><\/div><a class=\"wp-block-latest-posts__post-title\" href=\"https:\/\/portalpopmais.com.br\/en\/influenciador-viraliza-apos-deixar-parte-intima-escapar-no-reality-la-mansion-vip\/\">Influenciador viraliza ap\u00f3s deixar parte \u00edntima escapar no reality La Mansion Vip<\/a><\/li>\n<li><div class=\"wp-block-latest-posts__featured-image aligncenter\"><a href=\"https:\/\/portalpopmais.com.br\/en\/campeao-do-bbb-26-perdera-milhoes-em-imposto-sobre-premio-saiba-quanto\/\" aria-label=\"Campe\u00e3o do BBB 26 perder\u00e1 milh\u00f5es em imposto sobre pr\u00eamio; saiba quanto\"><img loading=\"lazy\" decoding=\"async\" width=\"768\" height=\"450\" src=\"https:\/\/portalpopmais.com.br\/wp-content\/uploads\/2026\/03\/ana-paula-lider-bbb-26-768x450.jpg\" class=\"attachment-medium size-medium wp-post-image\" alt=\"ana paula lider bbb 26\" style=\"\" srcset=\"https:\/\/portalpopmais.com.br\/wp-content\/uploads\/2026\/03\/ana-paula-lider-bbb-26-768x450.jpg 768w, https:\/\/portalpopmais.com.br\/wp-content\/uploads\/2026\/03\/ana-paula-lider-bbb-26-18x10.jpg 18w\" sizes=\"auto, (max-width: 768px) 100vw, 768px\" title=\"\"><\/a><\/div><a class=\"wp-block-latest-posts__post-title\" href=\"https:\/\/portalpopmais.com.br\/en\/campeao-do-bbb-26-perdera-milhoes-em-imposto-sobre-premio-saiba-quanto\/\">Campe\u00e3o do BBB 26 perder\u00e1 milh\u00f5es em imposto sobre pr\u00eamio; saiba quanto<\/a><\/li>\n<\/ul>\n\n\n<p><em>&#8220;Gente, n\u00e3o estou mais entendendo nada! Acho que nem existe essa possibilidade [de ficarmos juntos]&#8221;<\/em>, disparou ela, visivelmente chocada.<\/p>\n\n\n\n<p>Pouco tempo depois, Deolane resolveu conversar com Tiago, e esclareceu toda a situa\u00e7\u00e3o.<em>&#8220;Eu n\u00e3o te perguntei [se voc\u00ea estava gostando de mim] porque eu n\u00e3o sou boba. Eu vou fazer 35 anos e tenho tr\u00eas filhos. Eu j\u00e1 estava sentindo, percebendo o seu cuidado excessivo&#8221;<\/em>, disse ela.<\/p>\n\n\n\n<p>Apesar disso, a advogada demonstrou que deseja continuar apenas como amiga do influenciador. <em>&#8220;Voc\u00ea estava confundindo as coisas, confundindo os sentimentos. Eu ia falar para voc\u00ea sair dessa brisa. Eu estava tentando te ajudar espiritualmente, coisa que eu j\u00e1 fiz como amiga mil vezes&#8221;,<\/em> completou.<\/p>\n\n\n\n<p>Veja:<\/p>\n\n\n\n<center><blockquote class=\"twitter-tweet\"><p lang=\"pt\" dir=\"ltr\">agora, Deolane conversa com Tiago l\u00e1 fora. <a href=\"https:\/\/twitter.com\/hashtag\/FestaAFazenda?src=hash&amp;ref_src=twsrc%5Etfw\" target=\"_blank\" rel=\"noopener\">#FestaAFazenda<\/a> <a href=\"https:\/\/twitter.com\/hashtag\/AFazenda14?src=hash&amp;ref_src=twsrc%5Etfw\" target=\"_blank\" rel=\"noopener\">#AFazenda14<\/a> <a href=\"https:\/\/t.co\/mncFvbwrI9\">pic.twitter.com\/mncFvbwrI9<\/a><\/p>&mdash; Ntv na #AFazenda14 \ud83e\udd20 (@ntvnarede) <a href=\"https:\/\/twitter.com\/ntvnarede\/status\/1571027053595475969?ref_src=twsrc%5Etfw\" target=\"_blank\" rel=\"noopener\">September 17, 2022<\/a><\/blockquote> <script async src=\"https:\/\/platform.twitter.com\/widgets.js\" charset=\"utf-8\"><\/script><\/center>\n","protected":false},"excerpt":{"rendered":"<p>A primeira semana de &#8220;A Fazenda 14&#8221; nem terminou, mas o reality j\u00e1 serviu um banquete de tretas e intrigas para ningu\u00e9m botar defeiro. Na madrugada deste s\u00e1bado (17), Deolane Bezerra voltou a protagonizar o espa\u00e7o, ap\u00f3s descobrir que Tiago Ramos est\u00e1 interessado nela. Acontece que a loira n\u00e3o est\u00e1 afim de romance e resolveu [&hellip;]<\/p>\n","protected":false},"author":2,"featured_media":138768,"comment_status":"closed","ping_status":"open","sticky":false,"template":"","format":"standard","meta":{"footnotes":""},"categories":[8605],"tags":[8650],"class_list":["post-138766","post","type-post","status-publish","format-standard","has-post-thumbnail","hentry","category-realities","tag-deolane-bezerra"],"_links":{"self":[{"href":"https:\/\/portalpopmais.com.br\/en\/wp-json\/wp\/v2\/posts\/138766","targetHints":{"allow":["GET"]}}],"collection":[{"href":"https:\/\/portalpopmais.com.br\/en\/wp-json\/wp\/v2\/posts"}],"about":[{"href":"https:\/\/portalpopmais.com.br\/en\/wp-json\/wp\/v2\/types\/post"}],"author":[{"embeddable":true,"href":"https:\/\/portalpopmais.com.br\/en\/wp-json\/wp\/v2\/users\/2"}],"replies":[{"embeddable":true,"href":"https:\/\/portalpopmais.com.br\/en\/wp-json\/wp\/v2\/comments?post=138766"}],"version-history":[{"count":0,"href":"https:\/\/portalpopmais.com.br\/en\/wp-json\/wp\/v2\/posts\/138766\/revisions"}],"wp:featuredmedia":[{"embeddable":true,"href":"https:\/\/portalpopmais.com.br\/en\/wp-json\/wp\/v2\/media\/138768"}],"wp:attachment":[{"href":"https:\/\/portalpopmais.com.br\/en\/wp-json\/wp\/v2\/media?parent=138766"}],"wp:term":[{"taxonomy":"category","embeddable":true,"href":"https:\/\/portalpopmais.com.br\/en\/wp-json\/wp\/v2\/categories?post=138766"},{"taxonomy":"post_tag","embeddable":true,"href":"https:\/\/portalpopmais.com.br\/en\/wp-json\/wp\/v2\/tags?post=138766"}],"curies":[{"name":"wp","href":"https:\/\/api.w.org\/{rel}","templated":true}]}}