{"id":138776,"date":"2022-09-17T10:06:05","date_gmt":"2022-09-17T13:06:05","guid":{"rendered":"https:\/\/portalpopmais.com.br\/?p=138776"},"modified":"2022-09-17T10:06:11","modified_gmt":"2022-09-17T13:06:11","slug":"briga-kerline-deolane-a-fazenda-14","status":"publish","type":"post","link":"https:\/\/portalpopmais.com.br\/en\/briga-kerline-deolane-a-fazenda-14\/","title":{"rendered":"V\u00eddeo: Deolane e Kerline quebram o pau em &#8220;A Fazenda 14&#8221;: &#8220;Falando merd*&#8221;"},"content":{"rendered":"<p class=\"wp-block-paragraph\">\u00c9 treta atr\u00e1s de treta em &#8220;A Fazenda 14&#8221;! Durante a madrugada deste s\u00e1bado (17), <strong><a href=\"https:\/\/portalpopmais.com.br\/en\/a-fazenda-14-kerline-cardoso-perde-a-paciencia-e-parte-para-cima-de-bruno-talamo-seu-imundo-veja-video\/\" data-type=\"post\" data-id=\"138725\">Kerline Cardoso<\/a><\/strong> e <strong>Deolane Bezerra<\/strong> discutiram por conta de Tiago Ramos. A ex-BBB n\u00e3o gostou da postura da advogada ap\u00f3s o ex da m\u00e3e de Neymar amea\u00e7ar sair do programa. <\/p>\n\n\n\n<p class=\"wp-block-paragraph\">Acontece que a vi\u00fava de MC Kevin e o modelo s\u00e3o muito pr\u00f3ximos dentro da casa e a cearense estranhou o fato de Deolane n\u00e3o ir conversar com o amigo enquanto ele tentava deixar o <a href=\"http:\/\/instagram.com\/portalpopmais\" target=\"_blank\" rel=\"noopener\">programa<\/a>. <\/p>\n\n\n\n<h2 class=\"wp-block-heading\">Veja tamb\u00e9m<\/h2>\n\n\n<ul class=\"wp-block-latest-posts__list is-grid aligncenter wp-block-latest-posts is-layout-flow wp-block-latest-posts-is-layout-flow\"><li><div class=\"wp-block-latest-posts__featured-image aligncenter\"><a href=\"https:\/\/portalpopmais.com.br\/en\/a-fazenda-18-estreia-com-eliminacao\/\" aria-label=\"&#8216;A Fazenda 18&#8217; estreia com elimina\u00e7\u00e3o dupla e promete reviravolta in\u00e9dita; veja como ser\u00e1 a din\u00e2mica\"><img loading=\"lazy\" decoding=\"async\" width=\"768\" height=\"456\" src=\"https:\/\/portalpopmais.com.br\/wp-content\/uploads\/2025\/09\/adriane-galisteu-a-fazenda-17-768x456.jpg\" class=\"attachment-medium size-medium wp-post-image\" alt=\"a fazenda 17 adriane galisteu fazendeiro\" style=\"\" srcset=\"https:\/\/portalpopmais.com.br\/wp-content\/uploads\/2025\/09\/adriane-galisteu-a-fazenda-17-768x456.jpg 768w, https:\/\/portalpopmais.com.br\/wp-content\/uploads\/2025\/09\/adriane-galisteu-a-fazenda-17-1170x694.jpg 1170w, https:\/\/portalpopmais.com.br\/wp-content\/uploads\/2025\/09\/adriane-galisteu-a-fazenda-17-18x10.jpg 18w\" sizes=\"auto, (max-width: 768px) 100vw, 768px\" title=\"\"><\/a><\/div><a class=\"wp-block-latest-posts__post-title\" href=\"https:\/\/portalpopmais.com.br\/en\/a-fazenda-18-estreia-com-eliminacao\/\">&#8216;A Fazenda 18&#8217; estreia com elimina\u00e7\u00e3o dupla e promete reviravolta in\u00e9dita; veja como ser\u00e1 a din\u00e2mica<\/a><\/li>\n<li><div class=\"wp-block-latest-posts__featured-image aligncenter\"><a href=\"https:\/\/portalpopmais.com.br\/en\/brasileira-expulsa-de-reality-argentina\/\" aria-label=\"Quem \u00e9 a brasileira expulsa de reality na Argentina ap\u00f3s confus\u00e3o\"><img loading=\"lazy\" decoding=\"async\" width=\"768\" height=\"456\" src=\"https:\/\/portalpopmais.com.br\/wp-content\/uploads\/2026\/08\/brasileira-expulsa-reality-argentina-portalpopmais-768x456.png\" class=\"attachment-medium size-medium wp-post-image\" alt=\"brasileira expulsa reality argentina portalpopmais\" style=\"\" srcset=\"https:\/\/portalpopmais.com.br\/wp-content\/uploads\/2026\/08\/brasileira-expulsa-reality-argentina-portalpopmais-768x456.png 768w, https:\/\/portalpopmais.com.br\/wp-content\/uploads\/2026\/08\/brasileira-expulsa-reality-argentina-portalpopmais-1170x694.png 1170w, https:\/\/portalpopmais.com.br\/wp-content\/uploads\/2026\/08\/brasileira-expulsa-reality-argentina-portalpopmais-18x10.png 18w\" sizes=\"auto, (max-width: 768px) 100vw, 768px\" title=\"\"><\/a><\/div><a class=\"wp-block-latest-posts__post-title\" href=\"https:\/\/portalpopmais.com.br\/en\/brasileira-expulsa-de-reality-argentina\/\">Quem \u00e9 a brasileira expulsa de reality na Argentina ap\u00f3s confus\u00e3o<\/a><\/li>\n<li><div class=\"wp-block-latest-posts__featured-image aligncenter\"><a href=\"https:\/\/portalpopmais.com.br\/en\/quem-e-lucas-cardoso-participante-do-rancho-maia-que-viralizou\/\" aria-label=\"Quem \u00e9 Lucas Cardoso, participante do Rancho Maia que viralizou\"><img loading=\"lazy\" decoding=\"async\" width=\"768\" height=\"456\" src=\"https:\/\/portalpopmais.com.br\/wp-content\/uploads\/2026\/08\/lucas-cardoso-768x456.png\" class=\"attachment-medium size-medium wp-post-image\" alt=\"lucas cardoso\" style=\"\" title=\"\"><\/a><\/div><a class=\"wp-block-latest-posts__post-title\" href=\"https:\/\/portalpopmais.com.br\/en\/quem-e-lucas-cardoso-participante-do-rancho-maia-que-viralizou\/\">Quem \u00e9 Lucas Cardoso, participante do Rancho Maia que viralizou<\/a><\/li>\n<li><div class=\"wp-block-latest-posts__featured-image aligncenter\"><a href=\"https:\/\/portalpopmais.com.br\/en\/davi-brito-desiste-luta-rico-melquiades\/\" aria-label=\"Davi Brito vira &#8220;piada&#8221; na web ap\u00f3s desistir de luta contra Rico Melquiades\"><img loading=\"lazy\" decoding=\"async\" width=\"768\" height=\"456\" src=\"https:\/\/portalpopmais.com.br\/wp-content\/uploads\/2026\/08\/Davi-Brito-vira-piada-na-web-apos-desistir-de-luta-contra-Rico-Melquiades-768x456.png\" class=\"attachment-medium size-medium wp-post-image\" alt=\"Davi Brito vira piada na web ap\u00f3s desistir de luta contra Rico Melquiades\" style=\"\" srcset=\"https:\/\/portalpopmais.com.br\/wp-content\/uploads\/2026\/08\/Davi-Brito-vira-piada-na-web-apos-desistir-de-luta-contra-Rico-Melquiades-768x456.png 768w, https:\/\/portalpopmais.com.br\/wp-content\/uploads\/2026\/08\/Davi-Brito-vira-piada-na-web-apos-desistir-de-luta-contra-Rico-Melquiades-1170x694.png 1170w, https:\/\/portalpopmais.com.br\/wp-content\/uploads\/2026\/08\/Davi-Brito-vira-piada-na-web-apos-desistir-de-luta-contra-Rico-Melquiades-18x10.png 18w\" sizes=\"auto, (max-width: 768px) 100vw, 768px\" title=\"\"><\/a><\/div><a class=\"wp-block-latest-posts__post-title\" href=\"https:\/\/portalpopmais.com.br\/en\/davi-brito-desiste-luta-rico-melquiades\/\">Davi Brito vira &#8220;piada&#8221; na web ap\u00f3s desistir de luta contra Rico Melquiades<\/a><\/li>\n<li><div class=\"wp-block-latest-posts__featured-image aligncenter\"><a href=\"https:\/\/portalpopmais.com.br\/en\/personal-carlinhos-maia-observa-machdove-banho\/\" aria-label=\"&#8220;H\u00e9tero&#8221;, personal de Carlinhos Maia \u00e9 flagrado observando banho de MachDove\"><img loading=\"lazy\" decoding=\"async\" width=\"768\" height=\"456\" src=\"https:\/\/portalpopmais.com.br\/wp-content\/uploads\/2026\/08\/personal-carlinhos-maia-observa-machdove-banho-768x456.png\" class=\"attachment-medium size-medium wp-post-image\" alt=\"personal carlinhos maia observa machdove banho\" style=\"\" srcset=\"https:\/\/portalpopmais.com.br\/wp-content\/uploads\/2026\/08\/personal-carlinhos-maia-observa-machdove-banho-768x456.png 768w, https:\/\/portalpopmais.com.br\/wp-content\/uploads\/2026\/08\/personal-carlinhos-maia-observa-machdove-banho-1170x694.png 1170w, https:\/\/portalpopmais.com.br\/wp-content\/uploads\/2026\/08\/personal-carlinhos-maia-observa-machdove-banho-18x10.png 18w\" sizes=\"auto, (max-width: 768px) 100vw, 768px\" title=\"\"><\/a><\/div><a class=\"wp-block-latest-posts__post-title\" href=\"https:\/\/portalpopmais.com.br\/en\/personal-carlinhos-maia-observa-machdove-banho\/\">&#8220;H\u00e9tero&#8221;, personal de Carlinhos Maia \u00e9 flagrado observando banho de MachDove<\/a><\/li>\n<li><div class=\"wp-block-latest-posts__featured-image aligncenter\"><a href=\"https:\/\/portalpopmais.com.br\/en\/video-andressa-urach-e-mc-mirella-protagonizam-barraco-e-partem-para-agressao\/\" aria-label=\"V\u00eddeo: Andressa Urach e MC Mirella protagonizam barraco e partem para agress\u00e3o\"><img loading=\"lazy\" decoding=\"async\" width=\"768\" height=\"456\" src=\"https:\/\/portalpopmais.com.br\/wp-content\/uploads\/2026\/08\/video-briga-urach-mirella-rancho-maia-768x456.png\" class=\"attachment-medium size-medium wp-post-image\" alt=\"video briga urach mirella rancho maia\" style=\"\" srcset=\"https:\/\/portalpopmais.com.br\/wp-content\/uploads\/2026\/08\/video-briga-urach-mirella-rancho-maia-768x456.png 768w, https:\/\/portalpopmais.com.br\/wp-content\/uploads\/2026\/08\/video-briga-urach-mirella-rancho-maia-1170x694.png 1170w\" sizes=\"auto, (max-width: 768px) 100vw, 768px\" title=\"\"><\/a><\/div><a class=\"wp-block-latest-posts__post-title\" href=\"https:\/\/portalpopmais.com.br\/en\/video-andressa-urach-e-mc-mirella-protagonizam-barraco-e-partem-para-agressao\/\">V\u00eddeo: Andressa Urach e MC Mirella protagonizam barraco e partem para agress\u00e3o<\/a><\/li>\n<\/ul>\n\n\n<p class=\"wp-block-paragraph\">Na cozinha, Kerline esbravejou:<em> \u201cO cara completamente transtornado, e todo mundo sentado sem ajudar\u201d,<\/em> disse a peoa para Vini. Deolane que estava na sala, foi tirar satisfa\u00e7\u00e3o: <em>\u201cVoc\u00ea quer falar de todo mundo quem? Voc\u00ea acha que a gente tem que ficar segurando ele, o tempo todo falando merd*!&#8221;<\/em>, gritou.<\/p>\n\n\n\n<p class=\"wp-block-paragraph\"><em>\u201cOlha o rabo para depois falar do outro\u201d,<\/em> continuou Deolane para Kerline. A ex-BBB retrucou: <em>\u201cVoc\u00eas est\u00e3o vendo o cara ir embora e n\u00e3o faz nada\u201d<\/em>. <em>\u201cVai embora com ele, beb\u00ea\u201d,<\/em> rebateu a influenciadora.<\/p>\n\n\n\n<p class=\"wp-block-paragraph\">Kerline ficou revoltada ao ouvir Deolane, e foi para cima da vi\u00fava de MC Kevin. \u201c<em>Voc\u00ea \u00e9 uma covarde. Quando voc\u00ea precisou dele, ele estava na tua cola!\u201d<\/em>. Sem pensar duas vezes as duas come\u00e7aram a gritar uma de frente para outra.<\/p>\n\n\n\n<p class=\"wp-block-paragraph\">Vinni Buttel, Andr\u00e9 Marinho e Lucas entraram no meio das duas, que continuaram gritando.<em> \u201cO que foi que eu preciso dele, me responda!\u201d,<\/em> gritou Deolane.<em> \u201cQuem mais cuidou dele aqui foi eu!\u201d<\/em>, continuou.<\/p>\n\n\n\n<p class=\"wp-block-paragraph\">No fim do bate e boca, Kerline foi para o quarto e Deolane voltou para a sala. Veja abaixo:<\/p>\n\n\n\n<center><blockquote class=\"twitter-tweet\"><p lang=\"pt\" dir=\"ltr\">Kerlaine partiu pra defender o Neydrasto e afirmou que os amigos dele abandonaram ele diante da situa\u00e7\u00e3o, Deolaine n\u00e3o gostou nada e foi tirar satisfa\u00e7\u00e3o.<br>Kerline: Tu com 40 e poucos anos <br>Deolane: 40 teu \ud83c\udd92<br>Socorro kkkkkkkkkkkkkkkkk <a href=\"https:\/\/twitter.com\/hashtag\/AFazenda14?src=hash&amp;ref_src=twsrc%5Etfw\" target=\"_blank\" rel=\"noopener\">#AFazenda14<\/a> <a href=\"https:\/\/t.co\/t8zSQq60HU\">pic.twitter.com\/t8zSQq60HU<\/a><\/p>&mdash; Lua Vit\u00f3ria (@Luavitoriap) <a href=\"https:\/\/twitter.com\/Luavitoriap\/status\/1571053214484791298?ref_src=twsrc%5Etfw\" target=\"_blank\" rel=\"noopener\">September 17, 2022<\/a><\/blockquote> <script async src=\"https:\/\/platform.twitter.com\/widgets.js\" charset=\"utf-8\"><\/script><\/center>","protected":false},"excerpt":{"rendered":"<p>\u00c9 treta atr\u00e1s de treta em &#8220;A Fazenda 14&#8221;! Durante a madrugada deste s\u00e1bado (17), Kerline Cardoso e Deolane Bezerra discutiram por conta de Tiago Ramos. A ex-BBB n\u00e3o gostou da postura da advogada ap\u00f3s o ex da m\u00e3e de Neymar amea\u00e7ar sair do programa. Acontece que a vi\u00fava de MC Kevin e o modelo [&hellip;]<\/p>\n","protected":false},"author":2,"featured_media":138778,"comment_status":"closed","ping_status":"open","sticky":false,"template":"","format":"standard","meta":{"footnotes":""},"categories":[8605],"tags":[8650,10063],"class_list":["post-138776","post","type-post","status-publish","format-standard","has-post-thumbnail","hentry","category-realities","tag-deolane-bezerra","tag-kerline-cardoso"],"_links":{"self":[{"href":"https:\/\/portalpopmais.com.br\/en\/wp-json\/wp\/v2\/posts\/138776","targetHints":{"allow":["GET"]}}],"collection":[{"href":"https:\/\/portalpopmais.com.br\/en\/wp-json\/wp\/v2\/posts"}],"about":[{"href":"https:\/\/portalpopmais.com.br\/en\/wp-json\/wp\/v2\/types\/post"}],"author":[{"embeddable":true,"href":"https:\/\/portalpopmais.com.br\/en\/wp-json\/wp\/v2\/users\/2"}],"replies":[{"embeddable":true,"href":"https:\/\/portalpopmais.com.br\/en\/wp-json\/wp\/v2\/comments?post=138776"}],"version-history":[{"count":0,"href":"https:\/\/portalpopmais.com.br\/en\/wp-json\/wp\/v2\/posts\/138776\/revisions"}],"wp:featuredmedia":[{"embeddable":true,"href":"https:\/\/portalpopmais.com.br\/en\/wp-json\/wp\/v2\/media\/138778"}],"wp:attachment":[{"href":"https:\/\/portalpopmais.com.br\/en\/wp-json\/wp\/v2\/media?parent=138776"}],"wp:term":[{"taxonomy":"category","embeddable":true,"href":"https:\/\/portalpopmais.com.br\/en\/wp-json\/wp\/v2\/categories?post=138776"},{"taxonomy":"post_tag","embeddable":true,"href":"https:\/\/portalpopmais.com.br\/en\/wp-json\/wp\/v2\/tags?post=138776"}],"curies":[{"name":"wp","href":"https:\/\/api.w.org\/{rel}","templated":true}]}}