{"id":139449,"date":"2022-09-21T11:07:32","date_gmt":"2022-09-21T14:07:32","guid":{"rendered":"https:\/\/portalpopmais.com.br\/?p=139449"},"modified":"2022-09-21T11:07:36","modified_gmt":"2022-09-21T14:07:36","slug":"equipe-shayan-processa-tiago-ramos-xenofobia","status":"publish","type":"post","link":"https:\/\/portalpopmais.com.br\/en\/equipe-shayan-processa-tiago-ramos-xenofobia\/","title":{"rendered":"Deu ruim! Equipe de Shayan Haghbin processa Tiago Ramos ap\u00f3s ataque xenof\u00f3bico em &#8220;A Fazenda 14&#8221;"},"content":{"rendered":"<p class=\"wp-block-paragraph\">Pelo visto, <strong><a href=\"https:\/\/portalpopmais.com.br\/en\/videos-a-fazenda-14-tiago-ramos-quase-agride-pele-e-clima-pesa-de-vez-se-me-bater-e-1-a-menos\/\" data-type=\"post\" data-id=\"138954\">Tiago Ramos<\/a><\/strong> n\u00e3o sair\u00e1 ileso do ataque xenof\u00f3bico contra <strong><a href=\"https:\/\/portalpopmais.com.br\/en\/a-fazenda-14-ex-noiva-de-shayan-diz-que-foi-perseguida-apos-termino-infernizou\/\" data-type=\"post\" data-id=\"138816\">Shayan Haghbin<\/a><\/strong>, durante a briga que os pe\u00f5es protagonizaram na madrugada de hoje (21), em &#8220;A Fazenda 14&#8221;. Durante a discuss\u00e3o, o ex-padrasto de Neymar partiu para cima do ex-Casamento \u00e0s Cegas e o mandou \u201caprender a falar portugu\u00eas\u201d.<\/p>\n\n\n\n<p class=\"wp-block-paragraph\">Pela manh\u00e3, a equipe de Shayan anunciou que vai processar Tiago Ramos por xenofobia. <em>\u201cOntem (20\/9), ap\u00f3s a forma\u00e7\u00e3o da ro\u00e7a de A Fazenda 14, o participante Tiago se exaltou dentro do jogo e, n\u00e3o sabendo lidar com fato de estar correndo risco de ser eliminado do reality, esbravejou com Shayan e infelizmente colocou em quest\u00e3o sobre o Shay n\u00e3o ser brasileiro\u201d<\/em>, diz a nota publicada no Instagram do iraniano.<\/p>\n\n\n\n<h2 class=\"wp-block-heading\">+ A Fazenda 14<\/h2>\n\n\n<ul class=\"wp-block-latest-posts__list is-grid aligncenter wp-block-latest-posts is-layout-flow wp-block-latest-posts-is-layout-flow\"><li><div class=\"wp-block-latest-posts__featured-image aligncenter\"><a href=\"https:\/\/portalpopmais.com.br\/en\/a-fazenda-18-estreia-com-eliminacao\/\" aria-label=\"&#8216;A Fazenda 18&#8217; estreia com elimina\u00e7\u00e3o dupla e promete reviravolta in\u00e9dita; veja como ser\u00e1 a din\u00e2mica\"><img loading=\"lazy\" decoding=\"async\" width=\"768\" height=\"456\" src=\"https:\/\/portalpopmais.com.br\/wp-content\/uploads\/2025\/09\/adriane-galisteu-a-fazenda-17-768x456.jpg\" class=\"attachment-medium size-medium wp-post-image\" alt=\"a fazenda 17 adriane galisteu fazendeiro\" style=\"\" srcset=\"https:\/\/portalpopmais.com.br\/wp-content\/uploads\/2025\/09\/adriane-galisteu-a-fazenda-17-768x456.jpg 768w, https:\/\/portalpopmais.com.br\/wp-content\/uploads\/2025\/09\/adriane-galisteu-a-fazenda-17-1170x694.jpg 1170w, https:\/\/portalpopmais.com.br\/wp-content\/uploads\/2025\/09\/adriane-galisteu-a-fazenda-17-18x10.jpg 18w\" sizes=\"auto, (max-width: 768px) 100vw, 768px\" title=\"\"><\/a><\/div><a class=\"wp-block-latest-posts__post-title\" href=\"https:\/\/portalpopmais.com.br\/en\/a-fazenda-18-estreia-com-eliminacao\/\">&#8216;A Fazenda 18&#8217; estreia com elimina\u00e7\u00e3o dupla e promete reviravolta in\u00e9dita; veja como ser\u00e1 a din\u00e2mica<\/a><\/li>\n<li><div class=\"wp-block-latest-posts__featured-image aligncenter\"><a href=\"https:\/\/portalpopmais.com.br\/en\/brasileira-expulsa-de-reality-argentina\/\" aria-label=\"Quem \u00e9 a brasileira expulsa de reality na Argentina ap\u00f3s confus\u00e3o\"><img loading=\"lazy\" decoding=\"async\" width=\"768\" height=\"456\" src=\"https:\/\/portalpopmais.com.br\/wp-content\/uploads\/2026\/08\/brasileira-expulsa-reality-argentina-portalpopmais-768x456.png\" class=\"attachment-medium size-medium wp-post-image\" alt=\"brasileira expulsa reality argentina portalpopmais\" style=\"\" srcset=\"https:\/\/portalpopmais.com.br\/wp-content\/uploads\/2026\/08\/brasileira-expulsa-reality-argentina-portalpopmais-768x456.png 768w, https:\/\/portalpopmais.com.br\/wp-content\/uploads\/2026\/08\/brasileira-expulsa-reality-argentina-portalpopmais-1170x694.png 1170w, https:\/\/portalpopmais.com.br\/wp-content\/uploads\/2026\/08\/brasileira-expulsa-reality-argentina-portalpopmais-18x10.png 18w\" sizes=\"auto, (max-width: 768px) 100vw, 768px\" title=\"\"><\/a><\/div><a class=\"wp-block-latest-posts__post-title\" href=\"https:\/\/portalpopmais.com.br\/en\/brasileira-expulsa-de-reality-argentina\/\">Quem \u00e9 a brasileira expulsa de reality na Argentina ap\u00f3s confus\u00e3o<\/a><\/li>\n<li><div class=\"wp-block-latest-posts__featured-image aligncenter\"><a href=\"https:\/\/portalpopmais.com.br\/en\/quem-e-lucas-cardoso-participante-do-rancho-maia-que-viralizou\/\" aria-label=\"Quem \u00e9 Lucas Cardoso, participante do Rancho Maia que viralizou\"><img loading=\"lazy\" decoding=\"async\" width=\"768\" height=\"456\" src=\"https:\/\/portalpopmais.com.br\/wp-content\/uploads\/2026\/08\/lucas-cardoso-768x456.png\" class=\"attachment-medium size-medium wp-post-image\" alt=\"lucas cardoso\" style=\"\" title=\"\"><\/a><\/div><a class=\"wp-block-latest-posts__post-title\" href=\"https:\/\/portalpopmais.com.br\/en\/quem-e-lucas-cardoso-participante-do-rancho-maia-que-viralizou\/\">Quem \u00e9 Lucas Cardoso, participante do Rancho Maia que viralizou<\/a><\/li>\n<li><div class=\"wp-block-latest-posts__featured-image aligncenter\"><a href=\"https:\/\/portalpopmais.com.br\/en\/davi-brito-desiste-luta-rico-melquiades\/\" aria-label=\"Davi Brito vira &#8220;piada&#8221; na web ap\u00f3s desistir de luta contra Rico Melquiades\"><img loading=\"lazy\" decoding=\"async\" width=\"768\" height=\"456\" src=\"https:\/\/portalpopmais.com.br\/wp-content\/uploads\/2026\/08\/Davi-Brito-vira-piada-na-web-apos-desistir-de-luta-contra-Rico-Melquiades-768x456.png\" class=\"attachment-medium size-medium wp-post-image\" alt=\"Davi Brito vira piada na web ap\u00f3s desistir de luta contra Rico Melquiades\" style=\"\" srcset=\"https:\/\/portalpopmais.com.br\/wp-content\/uploads\/2026\/08\/Davi-Brito-vira-piada-na-web-apos-desistir-de-luta-contra-Rico-Melquiades-768x456.png 768w, https:\/\/portalpopmais.com.br\/wp-content\/uploads\/2026\/08\/Davi-Brito-vira-piada-na-web-apos-desistir-de-luta-contra-Rico-Melquiades-1170x694.png 1170w, https:\/\/portalpopmais.com.br\/wp-content\/uploads\/2026\/08\/Davi-Brito-vira-piada-na-web-apos-desistir-de-luta-contra-Rico-Melquiades-18x10.png 18w\" sizes=\"auto, (max-width: 768px) 100vw, 768px\" title=\"\"><\/a><\/div><a class=\"wp-block-latest-posts__post-title\" href=\"https:\/\/portalpopmais.com.br\/en\/davi-brito-desiste-luta-rico-melquiades\/\">Davi Brito vira &#8220;piada&#8221; na web ap\u00f3s desistir de luta contra Rico Melquiades<\/a><\/li>\n<li><div class=\"wp-block-latest-posts__featured-image aligncenter\"><a href=\"https:\/\/portalpopmais.com.br\/en\/personal-carlinhos-maia-observa-machdove-banho\/\" aria-label=\"&#8220;H\u00e9tero&#8221;, personal de Carlinhos Maia \u00e9 flagrado observando banho de MachDove\"><img loading=\"lazy\" decoding=\"async\" width=\"768\" height=\"456\" src=\"https:\/\/portalpopmais.com.br\/wp-content\/uploads\/2026\/08\/personal-carlinhos-maia-observa-machdove-banho-768x456.png\" class=\"attachment-medium size-medium wp-post-image\" alt=\"personal carlinhos maia observa machdove banho\" style=\"\" srcset=\"https:\/\/portalpopmais.com.br\/wp-content\/uploads\/2026\/08\/personal-carlinhos-maia-observa-machdove-banho-768x456.png 768w, https:\/\/portalpopmais.com.br\/wp-content\/uploads\/2026\/08\/personal-carlinhos-maia-observa-machdove-banho-1170x694.png 1170w, https:\/\/portalpopmais.com.br\/wp-content\/uploads\/2026\/08\/personal-carlinhos-maia-observa-machdove-banho-18x10.png 18w\" sizes=\"auto, (max-width: 768px) 100vw, 768px\" title=\"\"><\/a><\/div><a class=\"wp-block-latest-posts__post-title\" href=\"https:\/\/portalpopmais.com.br\/en\/personal-carlinhos-maia-observa-machdove-banho\/\">&#8220;H\u00e9tero&#8221;, personal de Carlinhos Maia \u00e9 flagrado observando banho de MachDove<\/a><\/li>\n<li><div class=\"wp-block-latest-posts__featured-image aligncenter\"><a href=\"https:\/\/portalpopmais.com.br\/en\/video-andressa-urach-e-mc-mirella-protagonizam-barraco-e-partem-para-agressao\/\" aria-label=\"V\u00eddeo: Andressa Urach e MC Mirella protagonizam barraco e partem para agress\u00e3o\"><img loading=\"lazy\" decoding=\"async\" width=\"768\" height=\"456\" src=\"https:\/\/portalpopmais.com.br\/wp-content\/uploads\/2026\/08\/video-briga-urach-mirella-rancho-maia-768x456.png\" class=\"attachment-medium size-medium wp-post-image\" alt=\"video briga urach mirella rancho maia\" style=\"\" srcset=\"https:\/\/portalpopmais.com.br\/wp-content\/uploads\/2026\/08\/video-briga-urach-mirella-rancho-maia-768x456.png 768w, https:\/\/portalpopmais.com.br\/wp-content\/uploads\/2026\/08\/video-briga-urach-mirella-rancho-maia-1170x694.png 1170w\" sizes=\"auto, (max-width: 768px) 100vw, 768px\" title=\"\"><\/a><\/div><a class=\"wp-block-latest-posts__post-title\" href=\"https:\/\/portalpopmais.com.br\/en\/video-andressa-urach-e-mc-mirella-protagonizam-barraco-e-partem-para-agressao\/\">V\u00eddeo: Andressa Urach e MC Mirella protagonizam barraco e partem para agress\u00e3o<\/a><\/li>\n<\/ul>\n\n\n<p class=\"wp-block-paragraph\">Ao portal Metr\u00f3poles, a equipe do pe\u00e3o confirmou que registrou um Boletim de Ocorr\u00eancia contra Tiago. \u201cTer desaven\u00e7as dentro do jogo \u00e9 uma realidade do game, mas repudiamos todo e qualquer ato\/fala de xenofobia e preconceito. Lamentamos por tal fato e informamos que as medidas cab\u00edveis ser\u00e3o tomadas\u201d, diz a nota enviada ao ve\u00edculo.<\/p>\n\n\n\n<h2 class=\"wp-block-heading\">Entenda<\/h2>\n\n\n\n<p class=\"wp-block-paragraph\"><strong><a href=\"https:\/\/instagram.com\/portalpopmais\" target=\"_blank\" rel=\"noreferrer noopener\">Deolane Bezerra<\/a><\/strong>\u00a0e\u00a0<strong><a href=\"https:\/\/portalpopmais.com.br\/en\/videos-a-fazenda-14-tiago-ramos-quase-agride-pele-e-clima-pesa-de-vez-se-me-bater-e-1-a-menos\/\">Tiago Ramos<\/a><\/strong>\u00a0foram acusados de xenofobia contra\u00a0<strong>Kerline\u00a0<\/strong>e\u00a0<strong>Shayan<\/strong>, respectivamente, em \u201cA Fazenda 14\u201d. Tudo aconteceu durante o intervalo da forma\u00e7\u00e3o da Ro\u00e7a nesta madrugada (21).<\/p>\n\n\n\n<p class=\"wp-block-paragraph\">Acontece que a advogada ironizou uma \u201cg\u00edria\u201d usada por Kerline, que \u00e9 popular no Cear\u00e1.\u00a0<em>\u201cVai bodejar como voc\u00ea fala l\u00e1\u2026.\u201d,<\/em>\u00a0alfinetou a vi\u00fava de MC Kevin.<em>\u00a0\u201cComo se fala onde? No meu Cear\u00e1, com muito orgulho. Sua hip\u00f3crita, mentirosa\u201d,<\/em>\u00a0respondeu a ex-BBB.<\/p>\n\n\n\n<p class=\"wp-block-paragraph\">J\u00e1 Tiago Ramos e Shayan discutiram ap\u00f3s a forma\u00e7\u00e3o da Ro\u00e7a. Durante a briga, o modelo disse que n\u00e3o ia com a cara de Shayan e mandou o pe\u00e3o \u201caprender a falar portugu\u00eas direito\u201d. Vale lembrar que o ex-participante do Casamento \u00e0s Cegas \u00e9 iraniano. O clima esquentou ao ponto da produ\u00e7\u00e3o intervir e pedir para que eles se afastassem. Veja tudo <a href=\"https:\/\/portalpopmais.com.br\/en\/a-fazenda-14-vai-dar-cadeia-web-aponta-xonofobia-em-falas-de-tiago-e-deolane-e-pede-providencias-veja-video\/\" target=\"_blank\" rel=\"noreferrer noopener\">aqui<\/a>.<\/p>","protected":false},"excerpt":{"rendered":"<p>Pelo visto, Tiago Ramos n\u00e3o sair\u00e1 ileso do ataque xenof\u00f3bico contra Shayan Haghbin, durante a briga que os pe\u00f5es protagonizaram na madrugada de hoje (21), em &#8220;A Fazenda 14&#8221;. Durante a discuss\u00e3o, o ex-padrasto de Neymar partiu para cima do ex-Casamento \u00e0s Cegas e o mandou \u201caprender a falar portugu\u00eas\u201d. Pela manh\u00e3, a equipe de [&hellip;]<\/p>\n","protected":false},"author":2,"featured_media":139451,"comment_status":"closed","ping_status":"open","sticky":false,"template":"","format":"standard","meta":{"footnotes":""},"categories":[8605],"tags":[9241,12280,2242],"class_list":["post-139449","post","type-post","status-publish","format-standard","has-post-thumbnail","hentry","category-realities","tag-a-fazenda-14","tag-shayan","tag-tiago-ramos"],"_links":{"self":[{"href":"https:\/\/portalpopmais.com.br\/en\/wp-json\/wp\/v2\/posts\/139449","targetHints":{"allow":["GET"]}}],"collection":[{"href":"https:\/\/portalpopmais.com.br\/en\/wp-json\/wp\/v2\/posts"}],"about":[{"href":"https:\/\/portalpopmais.com.br\/en\/wp-json\/wp\/v2\/types\/post"}],"author":[{"embeddable":true,"href":"https:\/\/portalpopmais.com.br\/en\/wp-json\/wp\/v2\/users\/2"}],"replies":[{"embeddable":true,"href":"https:\/\/portalpopmais.com.br\/en\/wp-json\/wp\/v2\/comments?post=139449"}],"version-history":[{"count":0,"href":"https:\/\/portalpopmais.com.br\/en\/wp-json\/wp\/v2\/posts\/139449\/revisions"}],"wp:featuredmedia":[{"embeddable":true,"href":"https:\/\/portalpopmais.com.br\/en\/wp-json\/wp\/v2\/media\/139451"}],"wp:attachment":[{"href":"https:\/\/portalpopmais.com.br\/en\/wp-json\/wp\/v2\/media?parent=139449"}],"wp:term":[{"taxonomy":"category","embeddable":true,"href":"https:\/\/portalpopmais.com.br\/en\/wp-json\/wp\/v2\/categories?post=139449"},{"taxonomy":"post_tag","embeddable":true,"href":"https:\/\/portalpopmais.com.br\/en\/wp-json\/wp\/v2\/tags?post=139449"}],"curies":[{"name":"wp","href":"https:\/\/api.w.org\/{rel}","templated":true}]}}