{"id":139533,"date":"2022-09-21T15:48:06","date_gmt":"2022-09-21T18:48:06","guid":{"rendered":"https:\/\/portalpopmais.com.br\/?p=139533"},"modified":"2022-09-21T15:48:11","modified_gmt":"2022-09-21T18:48:11","slug":"shakira-fala-fim-relacionamento-pique","status":"publish","type":"post","link":"https:\/\/portalpopmais.com.br\/en\/shakira-fala-fim-relacionamento-pique\/","title":{"rendered":"Shakira desabafa sobre separa\u00e7\u00e3o com Piqu\u00e9: &#8220;\u00c9 dif\u00edcil&#8221;"},"content":{"rendered":"<p class=\"wp-block-paragraph\">Em entrevista para a revista americana Elle&#8221;, <strong><a href=\"https:\/\/portalpopmais.com.br\/en\/ministerio-publico-espanha-pede-8-anos-prisao-shakira\/\" data-type=\"post\" data-id=\"129162\">Shakira<\/a><\/strong> falou abertamente sobre <a href=\"https:\/\/portalpopmais.com.br\/en\/chega-ao-fim-o-casamento-de-shakira-e-gerard-pique-diz-imprensa-espanhola\/\" data-type=\"post\" data-id=\"119160\">o fim do seu relacionamento com Gerard Piqu\u00e9<\/a>, zagueiro do Barcelona. Os dois estavam juntos desde 2010, quando se conheceram durante a Copa do Mundo, e t\u00eam dois filhos juntos: Milan, de 9 anos, e Sasha, de 7. Na conversa, ela revelou que n\u00e3o est\u00e1 sendo uma transi\u00e7\u00e3o f\u00e1cil, tanto para ela quanto para as crian\u00e7as.<\/p>\n\n\n\n<p class=\"wp-block-paragraph\">&#8220;<em>\u00c9 dif\u00edcil falar sobre isso. Eu fiquei quieta e tentei processar tudo. \u00c9 algo que ainda estou passando, eu estou sob olhares da m\u00eddia e nossa separa\u00e7\u00e3o n\u00e3o \u00e9 uma separa\u00e7\u00e3o normal. \u00c9 dif\u00edcil n\u00e3o s\u00f3 para mim, mas para as crian\u00e7as. Incrivelmente dif\u00edcil. Tem paparazzi acampando do lado de fora da minha casa 24 horas por dia. E n\u00e3o tem um lugar para eu me esconder com as crian\u00e7as, exceto minha pr\u00f3pria casa&#8221;,<\/em> <a href=\"http:\/\/instagram.com\/portalpopmais\" target=\"_blank\" rel=\"noopener\">desabafou<\/a>.<\/p>\n\n\n\n<h2 class=\"wp-block-heading\">Veja tamb\u00e9m<\/h2>\n\n\n<ul class=\"wp-block-latest-posts__list is-grid wp-block-latest-posts is-layout-flow wp-block-latest-posts-is-layout-flow\"><li><div class=\"wp-block-latest-posts__featured-image aligncenter\"><a href=\"https:\/\/portalpopmais.com.br\/en\/miss-de-santa-catarina-morre-aos-42-anos-vitima-de-cancer\/\" aria-label=\"Miss de Santa Catarina morre aos 42 anos v\u00edtima de c\u00e2ncer\"><img loading=\"lazy\" decoding=\"async\" width=\"768\" height=\"456\" src=\"https:\/\/portalpopmais.com.br\/wp-content\/uploads\/2026\/09\/ex-miss-1-1-768x456.webp\" class=\"attachment-medium size-medium wp-post-image\" alt=\"ex miss 1 1\" style=\"\" srcset=\"https:\/\/portalpopmais.com.br\/wp-content\/uploads\/2026\/09\/ex-miss-1-1-768x456.webp 768w, https:\/\/portalpopmais.com.br\/wp-content\/uploads\/2026\/09\/ex-miss-1-1-1170x694.webp 1170w, https:\/\/portalpopmais.com.br\/wp-content\/uploads\/2026\/09\/ex-miss-1-1-18x12.webp 18w\" sizes=\"auto, (max-width: 768px) 100vw, 768px\" title=\"\"><\/a><\/div><a class=\"wp-block-latest-posts__post-title\" href=\"https:\/\/portalpopmais.com.br\/en\/miss-de-santa-catarina-morre-aos-42-anos-vitima-de-cancer\/\">Miss de Santa Catarina morre aos 42 anos v\u00edtima de c\u00e2ncer<\/a><\/li>\n<li><div class=\"wp-block-latest-posts__featured-image aligncenter\"><a href=\"https:\/\/portalpopmais.com.br\/en\/carla-jeffery-atriz-da-disney-morre-aos-33-anos\/\" aria-label=\"Carla Jeffery, atriz da Disney, morre aos 33 anos\"><img loading=\"lazy\" decoding=\"async\" width=\"768\" height=\"456\" src=\"https:\/\/portalpopmais.com.br\/wp-content\/uploads\/2026\/09\/Carla-Jeffries-obit-zombies-1420x798-1-768x456.jpg\" class=\"attachment-medium size-medium wp-post-image\" alt=\"Carla Jeffries obit zombies 1420x798\" style=\"\" srcset=\"https:\/\/portalpopmais.com.br\/wp-content\/uploads\/2026\/09\/Carla-Jeffries-obit-zombies-1420x798-1-768x456.jpg 768w, https:\/\/portalpopmais.com.br\/wp-content\/uploads\/2026\/09\/Carla-Jeffries-obit-zombies-1420x798-1-1170x694.jpg 1170w, https:\/\/portalpopmais.com.br\/wp-content\/uploads\/2026\/09\/Carla-Jeffries-obit-zombies-1420x798-1-18x10.jpg 18w\" sizes=\"auto, (max-width: 768px) 100vw, 768px\" title=\"\"><\/a><\/div><a class=\"wp-block-latest-posts__post-title\" href=\"https:\/\/portalpopmais.com.br\/en\/carla-jeffery-atriz-da-disney-morre-aos-33-anos\/\">Carla Jeffery, atriz da Disney, morre aos 33 anos<\/a><\/li>\n<li><div class=\"wp-block-latest-posts__featured-image aligncenter\"><a href=\"https:\/\/portalpopmais.com.br\/en\/mark-ruffalo-e-acusado-de-antissemitismo-apos-criticas-a-paramount-e-recebe-apoio-de-artistas-judeus\/\" aria-label=\"Mark Ruffalo \u00e9 acusado de antissemitismo ap\u00f3s cr\u00edticas \u00e0 Paramount e recebe apoio de artistas judeus\"><img loading=\"lazy\" decoding=\"async\" width=\"768\" height=\"456\" src=\"https:\/\/portalpopmais.com.br\/wp-content\/uploads\/2026\/09\/4585783.jpg-r-1920-1080-f-jpg-q-x-xxyxx-768x456.jpg\" class=\"attachment-medium size-medium wp-post-image\" alt=\"4585783.jpg r 1920 1080 f jpg q x xxyxx\" style=\"\" srcset=\"https:\/\/portalpopmais.com.br\/wp-content\/uploads\/2026\/09\/4585783.jpg-r-1920-1080-f-jpg-q-x-xxyxx-768x456.jpg 768w, https:\/\/portalpopmais.com.br\/wp-content\/uploads\/2026\/09\/4585783.jpg-r-1920-1080-f-jpg-q-x-xxyxx-18x10.jpg 18w\" sizes=\"auto, (max-width: 768px) 100vw, 768px\" title=\"\"><\/a><\/div><a class=\"wp-block-latest-posts__post-title\" href=\"https:\/\/portalpopmais.com.br\/en\/mark-ruffalo-e-acusado-de-antissemitismo-apos-criticas-a-paramount-e-recebe-apoio-de-artistas-judeus\/\">Mark Ruffalo \u00e9 acusado de antissemitismo ap\u00f3s cr\u00edticas \u00e0 Paramount e recebe apoio de artistas judeus<\/a><\/li>\n<li><div class=\"wp-block-latest-posts__featured-image aligncenter\"><a href=\"https:\/\/portalpopmais.com.br\/en\/patricia-ramos-anuncia-fim-do-namoro-com-modelo-apos-dois-meses-e-responde-criticas-manda-curriculo\/\" aria-label=\"Patr\u00edcia Ramos anuncia fim do namoro com modelo ap\u00f3s dois meses e responde cr\u00edticas: &#8220;Manda curr\u00edculo&#8221;\"><img loading=\"lazy\" decoding=\"async\" width=\"768\" height=\"456\" src=\"https:\/\/portalpopmais.com.br\/wp-content\/uploads\/2026\/09\/texto-do-seu-paragrafo-2026-09-01t165110.515-768x456.jpeg\" class=\"attachment-medium size-medium wp-post-image\" alt=\"texto do seu paragrafo 2026 09 01t165110.515\" style=\"\" srcset=\"https:\/\/portalpopmais.com.br\/wp-content\/uploads\/2026\/09\/texto-do-seu-paragrafo-2026-09-01t165110.515-768x456.jpeg 768w, https:\/\/portalpopmais.com.br\/wp-content\/uploads\/2026\/09\/texto-do-seu-paragrafo-2026-09-01t165110.515-18x12.jpeg 18w\" sizes=\"auto, (max-width: 768px) 100vw, 768px\" title=\"\"><\/a><\/div><a class=\"wp-block-latest-posts__post-title\" href=\"https:\/\/portalpopmais.com.br\/en\/patricia-ramos-anuncia-fim-do-namoro-com-modelo-apos-dois-meses-e-responde-criticas-manda-curriculo\/\">Patr\u00edcia Ramos anuncia fim do namoro com modelo ap\u00f3s dois meses e responde cr\u00edticas: &#8220;Manda curr\u00edculo&#8221;<\/a><\/li>\n<li><div class=\"wp-block-latest-posts__featured-image aligncenter\"><a href=\"https:\/\/portalpopmais.com.br\/en\/esposa-tenta-convencer-roberto-justus-a-comer-escorpiao-e-grilo-durante-viagem-a-china\/\" aria-label=\"Esposa tenta convencer Roberto Justus a comer escorpi\u00e3o e grilo durante viagem \u00e0 China\"><img loading=\"lazy\" decoding=\"async\" width=\"768\" height=\"456\" src=\"https:\/\/portalpopmais.com.br\/wp-content\/uploads\/2026\/09\/image-16-768x456.png\" class=\"attachment-medium size-medium wp-post-image\" alt=\"image\" style=\"\" srcset=\"https:\/\/portalpopmais.com.br\/wp-content\/uploads\/2026\/09\/image-16-768x456.png 768w, https:\/\/portalpopmais.com.br\/wp-content\/uploads\/2026\/09\/image-16-18x10.png 18w, https:\/\/portalpopmais.com.br\/wp-content\/uploads\/2026\/09\/image-16-1170x694.png 1170w\" sizes=\"auto, (max-width: 768px) 100vw, 768px\" title=\"\"><\/a><\/div><a class=\"wp-block-latest-posts__post-title\" href=\"https:\/\/portalpopmais.com.br\/en\/esposa-tenta-convencer-roberto-justus-a-comer-escorpiao-e-grilo-durante-viagem-a-china\/\">Esposa tenta convencer Roberto Justus a comer escorpi\u00e3o e grilo durante viagem \u00e0 China<\/a><\/li>\n<li><div class=\"wp-block-latest-posts__featured-image aligncenter\"><a href=\"https:\/\/portalpopmais.com.br\/en\/harry-e-meghan-matriculam-archie-e-lilibet-em-escola-de-elite-com-mensalidade-superior-a-r-180-mil-por-ano\/\" aria-label=\"Harry e Meghan matriculam Archie e Lilibet em escola de elite com mensalidade superior a R$ 180 mil por ano\"><img loading=\"lazy\" decoding=\"async\" width=\"768\" height=\"456\" src=\"https:\/\/portalpopmais.com.br\/wp-content\/uploads\/2026\/09\/meghan-1766157304-3791124706129706755-54096840309-1--768x456.jpg\" class=\"attachment-medium size-medium wp-post-image\" alt=\"meghan 1766157304 3791124706129706755 54096840309 1\" style=\"\" srcset=\"https:\/\/portalpopmais.com.br\/wp-content\/uploads\/2026\/09\/meghan-1766157304-3791124706129706755-54096840309-1--768x456.jpg 768w, https:\/\/portalpopmais.com.br\/wp-content\/uploads\/2026\/09\/meghan-1766157304-3791124706129706755-54096840309-1--18x12.jpg 18w\" sizes=\"auto, (max-width: 768px) 100vw, 768px\" title=\"\"><\/a><\/div><a class=\"wp-block-latest-posts__post-title\" href=\"https:\/\/portalpopmais.com.br\/en\/harry-e-meghan-matriculam-archie-e-lilibet-em-escola-de-elite-com-mensalidade-superior-a-r-180-mil-por-ano\/\">Harry e Meghan matriculam Archie e Lilibet em escola de elite com mensalidade superior a R$ 180 mil por ano<\/a><\/li>\n<\/ul>\n\n\n<p class=\"wp-block-paragraph\"><em>&#8220;Eu tento proteger as crian\u00e7as, porque \u00e9 minha miss\u00e3o n\u00famero um na vida. Mas eles ouvem coisas nas escolas ou se deparam com not\u00edcias desagrad\u00e1veis na internet, e isso as afeta, sabe?&#8221;<\/em>, continuou ela, se referindo a tentar blindar as crian\u00e7as da m\u00eddia em torno do caso.<\/p>\n\n\n\n<p class=\"wp-block-paragraph\">Shakira ainda revelou que o fim do relacionamento foi uma grande frustra\u00e7\u00e3o. <em>&#8220;Para aquelas mulheres como eu que acreditam nos valores da fam\u00edlia, que t\u00eam o grande sonho de construir uma fam\u00edlia para sempre, ver esse sonho quebrado em peda\u00e7os \u00e9 provavelmente uma das coisas mais dolorosas que se pode passar&#8221;, <\/em>disse a colombiana.<\/p>\n\n\n\n<p class=\"wp-block-paragraph\"><em>&#8220;\u00c9 um circo total e todos est\u00e3o especulando sobre n\u00f3s, e mais importante nossas crian\u00e7as, e um monte de coisa nem \u00e9 verdade. Apesar da maneira como as coisas terminaram com Gerard e como nos sentimos um em rela\u00e7\u00e3o ao outro, ele \u00e9 o pai dos meus filhos&#8221;,<\/em> adicionou a cantora.<\/p>\n\n\n\n<p class=\"wp-block-paragraph\">Em rela\u00e7\u00e3o \u00e0s disputas judiciais entre ela e Piqu\u00e9 especuladas pela imprensa espanhola, Shakira preferiu n\u00e3o entrar em detalhes.<\/p>\n\n\n\n<p class=\"wp-block-paragraph\"><em>&#8220;Eu penso que esses detalhes s\u00e3o particulares, pelo menos por enquanto, tudo \u00e9 bruto e novo. Eu s\u00f3 posso dizer que eu fiz de tudo pelo meu relacionamento e minha fam\u00edlia&#8221;, <\/em>finalizou.<\/p>","protected":false},"excerpt":{"rendered":"<p>Em entrevista para a revista americana Elle&#8221;, Shakira falou abertamente sobre o fim do seu relacionamento com Gerard Piqu\u00e9, zagueiro do Barcelona. Os dois estavam juntos desde 2010, quando se conheceram durante a Copa do Mundo, e t\u00eam dois filhos juntos: Milan, de 9 anos, e Sasha, de 7. Na conversa, ela revelou que n\u00e3o [&hellip;]<\/p>\n","protected":false},"author":2,"featured_media":119193,"comment_status":"closed","ping_status":"open","sticky":false,"template":"","format":"standard","meta":{"footnotes":""},"categories":[173],"tags":[12340,466],"class_list":["post-139533","post","type-post","status-publish","format-standard","has-post-thumbnail","hentry","category-celebridades","tag-gerard-pique","tag-shakira"],"_links":{"self":[{"href":"https:\/\/portalpopmais.com.br\/en\/wp-json\/wp\/v2\/posts\/139533","targetHints":{"allow":["GET"]}}],"collection":[{"href":"https:\/\/portalpopmais.com.br\/en\/wp-json\/wp\/v2\/posts"}],"about":[{"href":"https:\/\/portalpopmais.com.br\/en\/wp-json\/wp\/v2\/types\/post"}],"author":[{"embeddable":true,"href":"https:\/\/portalpopmais.com.br\/en\/wp-json\/wp\/v2\/users\/2"}],"replies":[{"embeddable":true,"href":"https:\/\/portalpopmais.com.br\/en\/wp-json\/wp\/v2\/comments?post=139533"}],"version-history":[{"count":0,"href":"https:\/\/portalpopmais.com.br\/en\/wp-json\/wp\/v2\/posts\/139533\/revisions"}],"wp:featuredmedia":[{"embeddable":true,"href":"https:\/\/portalpopmais.com.br\/en\/wp-json\/wp\/v2\/media\/119193"}],"wp:attachment":[{"href":"https:\/\/portalpopmais.com.br\/en\/wp-json\/wp\/v2\/media?parent=139533"}],"wp:term":[{"taxonomy":"category","embeddable":true,"href":"https:\/\/portalpopmais.com.br\/en\/wp-json\/wp\/v2\/categories?post=139533"},{"taxonomy":"post_tag","embeddable":true,"href":"https:\/\/portalpopmais.com.br\/en\/wp-json\/wp\/v2\/tags?post=139533"}],"curies":[{"name":"wp","href":"https:\/\/api.w.org\/{rel}","templated":true}]}}