{"id":139597,"date":"2022-09-22T06:45:00","date_gmt":"2022-09-22T09:45:00","guid":{"rendered":"https:\/\/portalpopmais.com.br\/?p=139597"},"modified":"2022-09-22T00:58:02","modified_gmt":"2022-09-22T03:58:02","slug":"rumores-aposentadoria-silvio-gravacoes-sbt","status":"publish","type":"post","link":"https:\/\/portalpopmais.com.br\/en\/rumores-aposentadoria-silvio-gravacoes-sbt\/","title":{"rendered":"Ap\u00f3s rumores de aposentadoria, Silvio retorna \u00e0s grava\u00e7\u00f5es no SBT"},"content":{"rendered":"<p>O apresentador <strong><a href=\"https:\/\/portalpopmais.com.br\/en\/sbt-ganha-novo-jornal-ordem-silvio-santos\/\" data-type=\"post\" data-id=\"137402\">Silvio Santos<\/a><\/strong> retornou nesta quarta-feira (21) para as grava\u00e7\u00f5es de seu programa. Esse \u00e9 o primeiro em que a atra\u00e7\u00e3o \u00e9 gravada no novo est\u00fadio e que contar\u00e1 com o dono do canal 4 de S\u00e3o Paulo.<\/p>\n\n\n\n<p>Mas na contram\u00e3o do que j\u00e1 se havia estabelecido, Silvio demonstra que n\u00e3o pretende se aposentar t\u00e3o cedo, j\u00e1 que mesmo fora das telas desde junho, fazia constantes <a href=\"https:\/\/portalpopmais.com.br\/en\/silvio-muda-grade-sbt-novelas-retornam\/\" data-type=\"post\" data-id=\"138573\">mudan\u00e7as na programa\u00e7\u00e3o<\/a> do <a href=\"https:\/\/sbt.com.br\" data-type=\"URL\" data-id=\"https:\/\/sbt.com.br\" target=\"_blank\" rel=\"noopener\">SBT<\/a>.<\/p>\n\n\n\n<p>As grava\u00e7\u00f5es que aconteceram na tarde desta quarta (21) j\u00e1 v\u00e3o ao ar no pr\u00f3ximo domingo (25), junto das altera\u00e7\u00f5es na programa\u00e7\u00e3o do canal, ordenadas por ele mesmo, no qual traz de volta o \u201c<a href=\"https:\/\/portalpopmais.com.br\/en\/roda-a-roda-volta-horario-nobre-de-domingo\/\" data-type=\"post\" data-id=\"139382\">Roda a Roda<\/a>\u201d e o sorteio da Telesena para o hor\u00e1rio nobre.<\/p>\n\n\n\n<p>Como vinha acontecendo nos programas no per\u00edodo de maio \u00e0 junho, Patricia Abravanel estar\u00e1 junto de seu pai em alguns trechos dos programas. Lembrando que ela esteve apresentando o dominical de maneira interina, desde quando foi preciso o afastamento de seu pai das grava\u00e7\u00f5es.<\/p>\n\n\n\n<p>Em mar\u00e7o de 2020, o SBT optou por exibir os programas j\u00e1 gravados, e da\u00ed em diante, a filha do patr\u00e3o assumiu o posto de Silvio. Em agosto do ano passado, mesmo vacinado, contraiu o v\u00edrus. Desde ent\u00e3o, o dono do ba\u00fa n\u00e3o tem conseguido estabelecer sua rotina de grava\u00e7\u00f5es.<\/p>","protected":false},"excerpt":{"rendered":"<p>O apresentador Silvio Santos retornou nesta quarta-feira (21) para as grava\u00e7\u00f5es de seu programa. Esse \u00e9 o primeiro em que a atra\u00e7\u00e3o \u00e9 gravada no novo est\u00fadio e que contar\u00e1 com o dono do canal 4 de S\u00e3o Paulo. Mas na contram\u00e3o do que j\u00e1 se havia estabelecido, Silvio demonstra que n\u00e3o pretende se aposentar [&hellip;]<\/p>\n","protected":false},"author":2,"featured_media":139626,"comment_status":"closed","ping_status":"open","sticky":false,"template":"","format":"standard","meta":{"footnotes":""},"categories":[181],"tags":[403,657],"class_list":["post-139597","post","type-post","status-publish","format-standard","has-post-thumbnail","hentry","category-televisao","tag-sbt","tag-silvio-santos"],"_links":{"self":[{"href":"https:\/\/portalpopmais.com.br\/en\/wp-json\/wp\/v2\/posts\/139597","targetHints":{"allow":["GET"]}}],"collection":[{"href":"https:\/\/portalpopmais.com.br\/en\/wp-json\/wp\/v2\/posts"}],"about":[{"href":"https:\/\/portalpopmais.com.br\/en\/wp-json\/wp\/v2\/types\/post"}],"author":[{"embeddable":true,"href":"https:\/\/portalpopmais.com.br\/en\/wp-json\/wp\/v2\/users\/2"}],"replies":[{"embeddable":true,"href":"https:\/\/portalpopmais.com.br\/en\/wp-json\/wp\/v2\/comments?post=139597"}],"version-history":[{"count":0,"href":"https:\/\/portalpopmais.com.br\/en\/wp-json\/wp\/v2\/posts\/139597\/revisions"}],"wp:featuredmedia":[{"embeddable":true,"href":"https:\/\/portalpopmais.com.br\/en\/wp-json\/wp\/v2\/media\/139626"}],"wp:attachment":[{"href":"https:\/\/portalpopmais.com.br\/en\/wp-json\/wp\/v2\/media?parent=139597"}],"wp:term":[{"taxonomy":"category","embeddable":true,"href":"https:\/\/portalpopmais.com.br\/en\/wp-json\/wp\/v2\/categories?post=139597"},{"taxonomy":"post_tag","embeddable":true,"href":"https:\/\/portalpopmais.com.br\/en\/wp-json\/wp\/v2\/tags?post=139597"}],"curies":[{"name":"wp","href":"https:\/\/api.w.org\/{rel}","templated":true}]}}