{"id":139737,"date":"2022-09-22T14:19:43","date_gmt":"2022-09-22T17:19:43","guid":{"rendered":"https:\/\/portalpopmais.com.br\/?p=139737"},"modified":"2022-09-22T14:19:48","modified_gmt":"2022-09-22T17:19:48","slug":"ex-masterchef-e-internada-em-uti-com-problema-grave-e-causa-preocupacao","status":"publish","type":"post","link":"https:\/\/portalpopmais.com.br\/en\/ex-masterchef-e-internada-em-uti-com-problema-grave-e-causa-preocupacao\/","title":{"rendered":"Ex-MasterChef \u00e9 internada em UTI com problema grave e causa preocupa\u00e7\u00e3o"},"content":{"rendered":"<p class=\"wp-block-paragraph\">A chef de cozinha <strong><a href=\"http:\/\/portalpopmais.com.br\/en\/\">Ang\u00e9lica Vitali <\/a><\/strong>revelou em suas redes sociais que est\u00e1 internada na UTI de uma unidade hospitalar, ap\u00f3s uma disseca\u00e7\u00e3o da art\u00e9ria vertebral direita. <\/p>\n\n\n\n<p class=\"wp-block-paragraph\">Conhecida por sua participa\u00e7\u00e3o em MasterChef Profissionais, da BandTV, a cozinheira recebeu o diagn\u00f3stico da les\u00e3o durante um exame ortop\u00e9dico ap\u00f3s sentir dores no pesco\u00e7o e <a href=\"http:\/\/instagram.com\/portalpopmais\" target=\"_blank\" rel=\"noopener\">ombro<\/a>.<\/p>\n\n\n\n<h2 class=\"wp-block-heading\">Veja tamb\u00e9m<\/h2>\n\n\n<ul class=\"wp-block-latest-posts__list is-grid wp-block-latest-posts is-layout-flow wp-block-latest-posts-is-layout-flow\"><li><div class=\"wp-block-latest-posts__featured-image aligncenter\"><a href=\"https:\/\/portalpopmais.com.br\/en\/homem-condenado-morte-tupac\/\" aria-label=\"Quase 30 anos ap\u00f3s o crime, homem \u00e9 condenado pelo assassinato de Tupac Shakur\"><img loading=\"lazy\" decoding=\"async\" width=\"768\" height=\"456\" src=\"https:\/\/portalpopmais.com.br\/wp-content\/uploads\/2026\/09\/homem-condenado-morte-tuac-768x456.png\" class=\"attachment-medium size-medium wp-post-image\" alt=\"homem condenado morte tuac\" style=\"\" srcset=\"https:\/\/portalpopmais.com.br\/wp-content\/uploads\/2026\/09\/homem-condenado-morte-tuac-768x456.png 768w, https:\/\/portalpopmais.com.br\/wp-content\/uploads\/2026\/09\/homem-condenado-morte-tuac-1170x694.png 1170w, https:\/\/portalpopmais.com.br\/wp-content\/uploads\/2026\/09\/homem-condenado-morte-tuac-18x10.png 18w\" sizes=\"auto, (max-width: 768px) 100vw, 768px\" title=\"\"><\/a><\/div><a class=\"wp-block-latest-posts__post-title\" href=\"https:\/\/portalpopmais.com.br\/en\/homem-condenado-morte-tupac\/\">Quase 30 anos ap\u00f3s o crime, homem \u00e9 condenado pelo assassinato de Tupac Shakur<\/a><\/li>\n<li><div class=\"wp-block-latest-posts__featured-image aligncenter\"><a href=\"https:\/\/portalpopmais.com.br\/en\/pedro-scooby-confirma-o-fim-do-casamento-com-cintia-dicker\/\" aria-label=\"Pedro Scooby confirma o fim do casamento com Cintia Dicker\"><img loading=\"lazy\" decoding=\"async\" width=\"768\" height=\"456\" src=\"https:\/\/portalpopmais.com.br\/wp-content\/uploads\/2026\/08\/design-sem-nome-11-1-768x456.jpg\" class=\"attachment-medium size-medium wp-post-image\" alt=\"design sem nome 11 (1)\" style=\"\" srcset=\"https:\/\/portalpopmais.com.br\/wp-content\/uploads\/2026\/08\/design-sem-nome-11-1-768x456.jpg 768w, https:\/\/portalpopmais.com.br\/wp-content\/uploads\/2026\/08\/design-sem-nome-11-1-18x12.jpg 18w\" sizes=\"auto, (max-width: 768px) 100vw, 768px\" title=\"\"><\/a><\/div><a class=\"wp-block-latest-posts__post-title\" href=\"https:\/\/portalpopmais.com.br\/en\/pedro-scooby-confirma-o-fim-do-casamento-com-cintia-dicker\/\">Pedro Scooby confirma o fim do casamento com Cintia Dicker<\/a><\/li>\n<li><div class=\"wp-block-latest-posts__featured-image aligncenter\"><a href=\"https:\/\/portalpopmais.com.br\/en\/lionel-richie-e-internado-na-uti-apos-show-nos-estados-unidos-diz-site\/\" aria-label=\"Lionel Richie \u00e9 internado na UTI ap\u00f3s show nos Estados Unidos, diz site\"><img loading=\"lazy\" decoding=\"async\" width=\"768\" height=\"456\" src=\"https:\/\/portalpopmais.com.br\/wp-content\/uploads\/2025\/09\/lionel-richie-live-2023-getty-768x456.jpg\" class=\"attachment-medium size-medium wp-post-image\" alt=\"\" style=\"\" srcset=\"https:\/\/portalpopmais.com.br\/wp-content\/uploads\/2025\/09\/lionel-richie-live-2023-getty-768x456.jpg 768w, https:\/\/portalpopmais.com.br\/wp-content\/uploads\/2025\/09\/lionel-richie-live-2023-getty-1170x694.jpg 1170w, https:\/\/portalpopmais.com.br\/wp-content\/uploads\/2025\/09\/lionel-richie-live-2023-getty-18x12.jpg 18w\" sizes=\"auto, (max-width: 768px) 100vw, 768px\" title=\"\"><\/a><\/div><a class=\"wp-block-latest-posts__post-title\" href=\"https:\/\/portalpopmais.com.br\/en\/lionel-richie-e-internado-na-uti-apos-show-nos-estados-unidos-diz-site\/\">Lionel Richie \u00e9 internado na UTI ap\u00f3s show nos Estados Unidos, diz site<\/a><\/li>\n<li><div class=\"wp-block-latest-posts__featured-image aligncenter\"><a href=\"https:\/\/portalpopmais.com.br\/en\/chrigor-revela-que-foi-intubado-duas-vezes-e-diz-que-pessoas-chegaram-a-procurar-sua-mae-para-saber-sobre-velorio\/\" aria-label=\"Chrigor revela que foi intubado duas vezes e diz que pessoas chegaram a procurar sua m\u00e3e para saber sobre vel\u00f3rio\"><img loading=\"lazy\" decoding=\"async\" width=\"768\" height=\"456\" src=\"https:\/\/portalpopmais.com.br\/wp-content\/uploads\/2025\/09\/chrigor-pega-samba-768x456.jpg\" class=\"attachment-medium size-medium wp-post-image\" alt=\"\" style=\"\" srcset=\"https:\/\/portalpopmais.com.br\/wp-content\/uploads\/2025\/09\/chrigor-pega-samba-768x456.jpg 768w, https:\/\/portalpopmais.com.br\/wp-content\/uploads\/2025\/09\/chrigor-pega-samba-1170x694.jpg 1170w, https:\/\/portalpopmais.com.br\/wp-content\/uploads\/2025\/09\/chrigor-pega-samba-18x10.jpg 18w\" sizes=\"auto, (max-width: 768px) 100vw, 768px\" title=\"\"><\/a><\/div><a class=\"wp-block-latest-posts__post-title\" href=\"https:\/\/portalpopmais.com.br\/en\/chrigor-revela-que-foi-intubado-duas-vezes-e-diz-que-pessoas-chegaram-a-procurar-sua-mae-para-saber-sobre-velorio\/\">Chrigor revela que foi intubado duas vezes e diz que pessoas chegaram a procurar sua m\u00e3e para saber sobre vel\u00f3rio<\/a><\/li>\n<li><div class=\"wp-block-latest-posts__featured-image aligncenter\"><a href=\"https:\/\/portalpopmais.com.br\/en\/diogo-defante-surpreende-internautas-ao-surgir-musculoso-veja-o-antes-e-depois\/\" aria-label=\"Diogo Defante surpreende internautas ao surgir musculoso; veja o antes e depois\"><img loading=\"lazy\" decoding=\"async\" width=\"768\" height=\"448\" src=\"https:\/\/portalpopmais.com.br\/wp-content\/uploads\/2026\/06\/Diogo-Defante-e-detido-nos-EUA-durante-cobertura-da-Copa-768x448.jpg\" class=\"attachment-medium size-medium wp-post-image\" alt=\"Diogo Defante \u00e9 detido nos EUA durante cobertura da Copa\" style=\"\" srcset=\"https:\/\/portalpopmais.com.br\/wp-content\/uploads\/2026\/06\/Diogo-Defante-e-detido-nos-EUA-durante-cobertura-da-Copa-768x448.jpg 768w, https:\/\/portalpopmais.com.br\/wp-content\/uploads\/2026\/06\/Diogo-Defante-e-detido-nos-EUA-durante-cobertura-da-Copa-18x10.jpg 18w\" sizes=\"auto, (max-width: 768px) 100vw, 768px\" title=\"\"><\/a><\/div><a class=\"wp-block-latest-posts__post-title\" href=\"https:\/\/portalpopmais.com.br\/en\/diogo-defante-surpreende-internautas-ao-surgir-musculoso-veja-o-antes-e-depois\/\">Diogo Defante surpreende internautas ao surgir musculoso; veja o antes e depois<\/a><\/li>\n<li><div class=\"wp-block-latest-posts__featured-image aligncenter\"><a href=\"https:\/\/portalpopmais.com.br\/en\/morte-da-princesa-diana-completa-29-anos-saiba-o-que-aconteceu-com-o-unico-sobrevivente-do-acidente\/\" aria-label=\"Morte da princesa Diana completa 29 anos: saiba o que aconteceu com o \u00fanico sobrevivente do acidente\"><img loading=\"lazy\" decoding=\"async\" width=\"768\" height=\"456\" src=\"https:\/\/portalpopmais.com.br\/wp-content\/uploads\/2022\/08\/Princesa-Diana-768x456.jpg\" class=\"attachment-medium size-medium wp-post-image\" alt=\"Princesa Diana\" style=\"\" srcset=\"https:\/\/portalpopmais.com.br\/wp-content\/uploads\/2022\/08\/Princesa-Diana-768x456.jpg 768w, https:\/\/portalpopmais.com.br\/wp-content\/uploads\/2022\/08\/Princesa-Diana-1170x694.jpg 1170w\" sizes=\"auto, (max-width: 768px) 100vw, 768px\" title=\"\"><\/a><\/div><a class=\"wp-block-latest-posts__post-title\" href=\"https:\/\/portalpopmais.com.br\/en\/morte-da-princesa-diana-completa-29-anos-saiba-o-que-aconteceu-com-o-unico-sobrevivente-do-acidente\/\">Morte da princesa Diana completa 29 anos: saiba o que aconteceu com o \u00fanico sobrevivente do acidente<\/a><\/li>\n<\/ul>\n\n\n<p class=\"wp-block-paragraph\"><em>&#8220;\u00c9 uma disseca\u00e7\u00e3o na art\u00e9ria vertebral direita, uma coisa bem s\u00e9ria, que poderia ter tido um AVC se eu n\u00e3o estivesse tomando anticoagulante. Descobri fazendo um exame ortop\u00e9dico, por uma suspeita de h\u00e9rnia de disco na cervical&#8221;<\/em>, relatou ela nas redes sociais.<\/p>\n\n\n\n<p class=\"wp-block-paragraph\">Por ser uma situa\u00e7\u00e3o delicada, Ang\u00e9lica precisou ser internada na UTI. &#8220;<em>A les\u00e3o \u00e9 s\u00e9ria, mas n\u00e3o dissecou completamente a art\u00e9ria, ent\u00e3o o sangue continuou fluindo. O tratamento est\u00e1 sendo realizando com rem\u00e9dios e, segundo os m\u00e9dicos, s\u00e3o cerca de seis a oito meses para a art\u00e9ria voltar a condi\u00e7\u00e3o normal&#8221;<\/em>, disse ela.<\/p>\n\n\n\n<p class=\"wp-block-paragraph\">Apesar de tudo, seu quadro de sa\u00fade \u00e9 est\u00e1vel. &#8220;<em>Estou bem, est\u00e1vel e aqui na UTI, o melhor lugar para se estar em um hospital&#8221;<\/em>, completou.<\/p>\n\n\n\n<figure class=\"wp-block-embed is-type-rich is-provider-instagram wp-block-embed-instagram\"><div class=\"wp-block-embed__wrapper\">\nhttps:\/\/www.instagram.com\/p\/CilbvlogaZ4\/?utm_source=ig_embed&#038;ig_rid=12d78233-2b8f-4d26-8071-fb6589e8dc9a\n<\/div><\/figure>","protected":false},"excerpt":{"rendered":"<p>A chef de cozinha Ang\u00e9lica Vitali revelou em suas redes sociais que est\u00e1 internada na UTI de uma unidade hospitalar, ap\u00f3s uma disseca\u00e7\u00e3o da art\u00e9ria vertebral direita. Conhecida por sua participa\u00e7\u00e3o em MasterChef Profissionais, da BandTV, a cozinheira recebeu o diagn\u00f3stico da les\u00e3o durante um exame ortop\u00e9dico ap\u00f3s sentir dores no pesco\u00e7o e ombro. Veja [&hellip;]<\/p>\n","protected":false},"author":2,"featured_media":139741,"comment_status":"closed","ping_status":"open","sticky":false,"template":"","format":"standard","meta":{"footnotes":""},"categories":[173],"tags":[12355,2410],"class_list":["post-139737","post","type-post","status-publish","format-standard","has-post-thumbnail","hentry","category-celebridades","tag-angelica-vitali","tag-masterchef"],"_links":{"self":[{"href":"https:\/\/portalpopmais.com.br\/en\/wp-json\/wp\/v2\/posts\/139737","targetHints":{"allow":["GET"]}}],"collection":[{"href":"https:\/\/portalpopmais.com.br\/en\/wp-json\/wp\/v2\/posts"}],"about":[{"href":"https:\/\/portalpopmais.com.br\/en\/wp-json\/wp\/v2\/types\/post"}],"author":[{"embeddable":true,"href":"https:\/\/portalpopmais.com.br\/en\/wp-json\/wp\/v2\/users\/2"}],"replies":[{"embeddable":true,"href":"https:\/\/portalpopmais.com.br\/en\/wp-json\/wp\/v2\/comments?post=139737"}],"version-history":[{"count":0,"href":"https:\/\/portalpopmais.com.br\/en\/wp-json\/wp\/v2\/posts\/139737\/revisions"}],"wp:featuredmedia":[{"embeddable":true,"href":"https:\/\/portalpopmais.com.br\/en\/wp-json\/wp\/v2\/media\/139741"}],"wp:attachment":[{"href":"https:\/\/portalpopmais.com.br\/en\/wp-json\/wp\/v2\/media?parent=139737"}],"wp:term":[{"taxonomy":"category","embeddable":true,"href":"https:\/\/portalpopmais.com.br\/en\/wp-json\/wp\/v2\/categories?post=139737"},{"taxonomy":"post_tag","embeddable":true,"href":"https:\/\/portalpopmais.com.br\/en\/wp-json\/wp\/v2\/tags?post=139737"}],"curies":[{"name":"wp","href":"https:\/\/api.w.org\/{rel}","templated":true}]}}