{"id":140380,"date":"2022-09-26T12:34:27","date_gmt":"2022-09-26T15:34:27","guid":{"rendered":"https:\/\/portalpopmais.com.br\/?p=140380"},"modified":"2022-09-26T13:27:02","modified_gmt":"2022-09-26T16:27:02","slug":"silvio-santos-condenado-raquel-sheherazade","status":"publish","type":"post","link":"https:\/\/portalpopmais.com.br\/en\/silvio-santos-condenado-raquel-sheherazade\/","title":{"rendered":"Silvio Santos \u00e9 condenado a pagar R$ 500 mil \u00e0 Raquel Sheherazade por constrangimento"},"content":{"rendered":"<p>O apresentador <a href=\"https:\/\/portalpopmais.com.br\/en\/raffa-augusto-racismo\/\" data-type=\"post\" data-id=\"140329\">Silvio Santos<\/a> foi condenado a pagar R$ 500 mil em indeniza\u00e7\u00e3o por danos morais \u00e0 jornalista <a href=\"https:\/\/portalpopmais.com.br\/en\/rachel-sheherazade-processa-sbt-30-milhoes\/\" data-type=\"post\" data-id=\"81310\">Rachel Sheherazade<\/a> por ter sido alvo de constrangimento em rede nacional, conforme decis\u00e3o da 14\u00aa Turma do Tribunal Regional do Trabalho da 2\u00aa Regi\u00e3o (SP).<\/p>\n\n\n\n<p>A jornalista alegou na a\u00e7\u00e3o que foi v\u00edtima de ass\u00e9dio durante uma cerim\u00f4nia de premia\u00e7\u00e3o \u00e0 imprensa, na qual Silvio afirmou que Sheherazade foi contratada para ler not\u00edcias e n\u00e3o para dar sua opini\u00e3o.<\/p>\n\n\n\n<h2 class=\"wp-block-heading\">Veja tamb\u00e9m<\/h2>\n\n\n<ul class=\"wp-block-latest-posts__list is-grid columns-3 aligncenter wp-block-latest-posts\"><li><div class=\"wp-block-latest-posts__featured-image aligncenter\"><a href=\"https:\/\/portalpopmais.com.br\/en\/bella-campos-fala-pela-primeira-vez-sobre-treta-com-caua-reymond\/\" aria-label=\"Bella Campos fala pela primeira vez sobre treta com Cau\u00e3 Reymond\"><img loading=\"lazy\" decoding=\"async\" width=\"768\" height=\"456\" src=\"https:\/\/portalpopmais.com.br\/wp-content\/uploads\/2026\/04\/3tid47cvo6t8ib3y2zx98kd0w-768x456.jpg\" class=\"attachment-medium size-medium wp-post-image\" alt=\"3tid47cvo6t8ib3y2zx98kd0w\" style=\"\" srcset=\"https:\/\/portalpopmais.com.br\/wp-content\/uploads\/2026\/04\/3tid47cvo6t8ib3y2zx98kd0w-768x456.jpg 768w, https:\/\/portalpopmais.com.br\/wp-content\/uploads\/2026\/04\/3tid47cvo6t8ib3y2zx98kd0w-18x10.jpg 18w\" sizes=\"auto, (max-width: 768px) 100vw, 768px\" title=\"\"><\/a><\/div><a class=\"wp-block-latest-posts__post-title\" href=\"https:\/\/portalpopmais.com.br\/en\/bella-campos-fala-pela-primeira-vez-sobre-treta-com-caua-reymond\/\">Bella Campos fala pela primeira vez sobre treta com Cau\u00e3 Reymond<\/a><\/li>\n<li><div class=\"wp-block-latest-posts__featured-image aligncenter\"><a href=\"https:\/\/portalpopmais.com.br\/en\/stenio-garcia-passa-mal-e-da-entrada-em-hospital-apos-treta-com-as-filhas\/\" aria-label=\"St\u00eanio Garcia passa mal e d\u00e1 entrada em hospital ap\u00f3s treta com as filhas\"><img loading=\"lazy\" decoding=\"async\" width=\"768\" height=\"456\" src=\"https:\/\/portalpopmais.com.br\/wp-content\/uploads\/2025\/07\/stenio-garcia-768x456.jpg\" class=\"attachment-medium size-medium wp-post-image\" alt=\"\" style=\"\" srcset=\"https:\/\/portalpopmais.com.br\/wp-content\/uploads\/2025\/07\/stenio-garcia-768x456.jpg 768w, https:\/\/portalpopmais.com.br\/wp-content\/uploads\/2025\/07\/stenio-garcia-1170x694.jpg 1170w\" sizes=\"auto, (max-width: 768px) 100vw, 768px\" title=\"\"><\/a><\/div><a class=\"wp-block-latest-posts__post-title\" href=\"https:\/\/portalpopmais.com.br\/en\/stenio-garcia-passa-mal-e-da-entrada-em-hospital-apos-treta-com-as-filhas\/\">St\u00eanio Garcia passa mal e d\u00e1 entrada em hospital ap\u00f3s treta com as filhas<\/a><\/li>\n<li><div class=\"wp-block-latest-posts__featured-image aligncenter\"><a href=\"https:\/\/portalpopmais.com.br\/en\/as-fotos-da-suite-que-shakira-ficara-hospedada-no-rio\/\" aria-label=\"As fotos da su\u00edte que Shakira ficar\u00e1 hospedada no Rio\"><img loading=\"lazy\" decoding=\"async\" width=\"768\" height=\"456\" src=\"https:\/\/portalpopmais.com.br\/wp-content\/uploads\/2024\/10\/shakira-shows-brasil-2025-768x456.jpeg\" class=\"attachment-medium size-medium wp-post-image\" alt=\"shakira shows brasil 2025\" style=\"\" title=\"\"><\/a><\/div><a class=\"wp-block-latest-posts__post-title\" href=\"https:\/\/portalpopmais.com.br\/en\/as-fotos-da-suite-que-shakira-ficara-hospedada-no-rio\/\">As fotos da su\u00edte que Shakira ficar\u00e1 hospedada no Rio<\/a><\/li>\n<li><div class=\"wp-block-latest-posts__featured-image aligncenter\"><a href=\"https:\/\/portalpopmais.com.br\/en\/cachorro-de-edson-dupla-com-hudson-e-encontrado-morto-apos-dias-desaparecido-em-sp\/\" aria-label=\"Cachorro de Edson, dupla com Hudson, \u00e9 encontrado morto ap\u00f3s dias desaparecido em SP\"><img loading=\"lazy\" decoding=\"async\" width=\"768\" height=\"456\" src=\"https:\/\/portalpopmais.com.br\/wp-content\/uploads\/2026\/04\/cachorro-768x456.webp\" class=\"attachment-medium size-medium wp-post-image\" alt=\"cachorro\" style=\"\" title=\"\"><\/a><\/div><a class=\"wp-block-latest-posts__post-title\" href=\"https:\/\/portalpopmais.com.br\/en\/cachorro-de-edson-dupla-com-hudson-e-encontrado-morto-apos-dias-desaparecido-em-sp\/\">Cachorro de Edson, dupla com Hudson, \u00e9 encontrado morto ap\u00f3s dias desaparecido em SP<\/a><\/li>\n<li><div class=\"wp-block-latest-posts__featured-image aligncenter\"><a href=\"https:\/\/portalpopmais.com.br\/en\/preso-e-condenado-hytalo-santos-e-alvo-de-nova-acao-judicial-veja\/\" aria-label=\"Preso e condenado, Hytalo Santos \u00e9 alvo de nova a\u00e7\u00e3o judicial; veja\"><img loading=\"lazy\" decoding=\"async\" width=\"768\" height=\"456\" src=\"https:\/\/portalpopmais.com.br\/wp-content\/uploads\/2025\/08\/Hytalo-Santos-preso-768x456.png\" class=\"attachment-medium size-medium wp-post-image\" alt=\"Hytalo Santos\" style=\"\" srcset=\"https:\/\/portalpopmais.com.br\/wp-content\/uploads\/2025\/08\/Hytalo-Santos-preso-768x456.png 768w, https:\/\/portalpopmais.com.br\/wp-content\/uploads\/2025\/08\/Hytalo-Santos-preso-1170x694.png 1170w\" sizes=\"auto, (max-width: 768px) 100vw, 768px\" title=\"\"><\/a><\/div><a class=\"wp-block-latest-posts__post-title\" href=\"https:\/\/portalpopmais.com.br\/en\/preso-e-condenado-hytalo-santos-e-alvo-de-nova-acao-judicial-veja\/\">Preso e condenado, Hytalo Santos \u00e9 alvo de nova a\u00e7\u00e3o judicial; veja<\/a><\/li>\n<li><div class=\"wp-block-latest-posts__featured-image aligncenter\"><a href=\"https:\/\/portalpopmais.com.br\/en\/sam-neill-anuncia-remissao-de-cancer-apos-tratamento-experimental\/\" aria-label=\"Sam Neill anuncia remiss\u00e3o de c\u00e2ncer ap\u00f3s tratamento experimental\"><img loading=\"lazy\" decoding=\"async\" width=\"768\" height=\"456\" src=\"https:\/\/portalpopmais.com.br\/wp-content\/uploads\/2026\/04\/sam-neill-768x456.png\" class=\"attachment-medium size-medium wp-post-image\" alt=\"sam neill\" style=\"\" title=\"\"><\/a><\/div><a class=\"wp-block-latest-posts__post-title\" href=\"https:\/\/portalpopmais.com.br\/en\/sam-neill-anuncia-remissao-de-cancer-apos-tratamento-experimental\/\">Sam Neill anuncia remiss\u00e3o de c\u00e2ncer ap\u00f3s tratamento experimental<\/a><\/li>\n<\/ul>\n\n\n<p>Sheherazade disse ainda que foi contratada pela emissora por meio de pessoa jur\u00eddica para que n\u00e3o houvesse rela\u00e7\u00e3o de emprego e que n\u00e3o recebeu benef\u00edcios trabalhistas.<\/p>\n\n\n\n<p>A ju\u00edza Raquel Gabbai de Oliveira, que \u00e9 a relatora no caso, disse que a postura do apresentador envergonhou a jornalista na premia\u00e7\u00e3o e considerou que Silvio Santos utilizou o seu poder patronal e de figura not\u00f3ria no meio art\u00edstico e empresarial para repreend\u00ea-la,<\/p>\n\n\n\n<p>&#8220;N\u00e3o somente como profissional, mas, sobretudo \u2014 como se pode concluir \u2014, por quest\u00e3o de g\u00eanero, rebaixando-a pelo fato de ser mulher, a qual, segundo expressou, deveria servir como simples objeto falante de decora\u00e7\u00e3o&#8221;, determinou a magistrada na decis\u00e3o.<\/p>","protected":false},"excerpt":{"rendered":"<p>O apresentador Silvio Santos foi condenado a pagar R$ 500 mil em indeniza\u00e7\u00e3o por danos morais \u00e0 jornalista Rachel Sheherazade por ter sido alvo de constrangimento em rede nacional, conforme decis\u00e3o da 14\u00aa Turma do Tribunal Regional do Trabalho da 2\u00aa Regi\u00e3o (SP). A jornalista alegou na a\u00e7\u00e3o que foi v\u00edtima de ass\u00e9dio durante uma [&hellip;]<\/p>\n","protected":false},"author":3,"featured_media":140381,"comment_status":"closed","ping_status":"open","sticky":false,"template":"","format":"standard","meta":{"footnotes":""},"categories":[173],"tags":[12374,657],"class_list":["post-140380","post","type-post","status-publish","format-standard","has-post-thumbnail","hentry","category-celebridades","tag-raquel-sheherazade","tag-silvio-santos"],"_links":{"self":[{"href":"https:\/\/portalpopmais.com.br\/en\/wp-json\/wp\/v2\/posts\/140380","targetHints":{"allow":["GET"]}}],"collection":[{"href":"https:\/\/portalpopmais.com.br\/en\/wp-json\/wp\/v2\/posts"}],"about":[{"href":"https:\/\/portalpopmais.com.br\/en\/wp-json\/wp\/v2\/types\/post"}],"author":[{"embeddable":true,"href":"https:\/\/portalpopmais.com.br\/en\/wp-json\/wp\/v2\/users\/3"}],"replies":[{"embeddable":true,"href":"https:\/\/portalpopmais.com.br\/en\/wp-json\/wp\/v2\/comments?post=140380"}],"version-history":[{"count":0,"href":"https:\/\/portalpopmais.com.br\/en\/wp-json\/wp\/v2\/posts\/140380\/revisions"}],"wp:featuredmedia":[{"embeddable":true,"href":"https:\/\/portalpopmais.com.br\/en\/wp-json\/wp\/v2\/media\/140381"}],"wp:attachment":[{"href":"https:\/\/portalpopmais.com.br\/en\/wp-json\/wp\/v2\/media?parent=140380"}],"wp:term":[{"taxonomy":"category","embeddable":true,"href":"https:\/\/portalpopmais.com.br\/en\/wp-json\/wp\/v2\/categories?post=140380"},{"taxonomy":"post_tag","embeddable":true,"href":"https:\/\/portalpopmais.com.br\/en\/wp-json\/wp\/v2\/tags?post=140380"}],"curies":[{"name":"wp","href":"https:\/\/api.w.org\/{rel}","templated":true}]}}