{"id":140692,"date":"2022-09-27T14:51:40","date_gmt":"2022-09-27T17:51:40","guid":{"rendered":"https:\/\/portalpopmais.com.br\/?p=140692"},"modified":"2022-09-27T14:51:45","modified_gmt":"2022-09-27T17:51:45","slug":"embaixador-eletrico-do-cantor-gusttavo-lima","status":"publish","type":"post","link":"https:\/\/portalpopmais.com.br\/en\/embaixador-eletrico-do-cantor-gusttavo-lima\/","title":{"rendered":"&#8220;Embaixador El\u00e9trico&#8221;: Gusttavo Lima chega com novo projeto em Belo Horizonte"},"content":{"rendered":"<p class=\"wp-block-paragraph\">\u00c9 o embaixador beb\u00ea!! <strong><a href=\"https:\/\/portalpopmais.com.br\/en\/homem-diz-que-foi-esfaqueado-durante-show-de-gusttavo-lima-em-goiania\/\" data-type=\"post\" data-id=\"136590\">Gusttavo Lima<\/a><\/strong> traz sempre novidade para sua carreira, e chega com mais um projeto in\u00e9dito. Trata-se do<strong> &#8220;Embaixador El\u00e9trico&#8221;<\/strong>, que acontece a bordo do melhor trio el\u00e9trico do Brasil trazendo a alegria dos carnavais fora de \u00e9poca. <\/p>\n\n\n\n<p class=\"wp-block-paragraph\">A primeira edi\u00e7\u00e3o ser\u00e1 realizada em Belo Horizonte, no dia 22 de outubro com uma programa\u00e7\u00e3o que convida o p\u00fablico, literalmente, a tirar o p\u00e9 do ch\u00e3o. Al\u00e9m do show do anfitri\u00e3o, o embaixador vai trazer no line-up shows de <strong><a href=\"https:\/\/portalpopmais.com.br\/en\/dennis-dj-pelado-redes-sociais\/\" data-type=\"post\" data-id=\"101415\">DJ Dennis<\/a>, <a href=\"https:\/\/portalpopmais.com.br\/en\/bell-marques-e-rafa-e-pipo-comandam-o-bloco-vumbora-no-primeiro-dia-de-fortal-2019\/\" data-type=\"post\" data-id=\"29239\">Bell Marques<\/a><\/strong> e <strong><a href=\"https:\/\/portalpopmais.com.br\/en\/micareta-sao-paulo\/\" data-type=\"post\" data-id=\"120949\">\u00c9 o Tchan<\/a><\/strong>.<\/p>\n\n\n\n<p class=\"wp-block-paragraph\">No repert\u00f3rio de Gusttavo Lima n\u00e3o vai faltar seus maiores sucessos, e os m\u00fasicas mais recentes como \u201cBloqueado\u201d (eleita a faixa mais tocada nas r\u00e1dios no primeiro semestre de 2022) e \u201cFala Mal de Mim\u201d \u2013 que fazem parte do novo projeto do artista, e claro,\u00a0grandes sucessos que prometem sacudir os f\u00e3s.<\/p>\n\n\n\n<p class=\"wp-block-paragraph\">\u201cSe preparem, pois estamos chegando com mais um grande evento do Embaixador pra voc\u00eas! Vamos ter muita m\u00fasica e anima\u00e7\u00e3o no nosso bloco que estreia em BH trazendo um time incr\u00edvel de convidados, pra ningu\u00e9m ficar parado! Espero por voc\u00eas!\u201d, convida Gusttavo Lima, que desembarcar\u00e1 com esse bloco em 2023 no Carnaval de Salvador (BA). At\u00e9 l\u00e1, al\u00e9m da edi\u00e7\u00e3o mineira, o projeto deve contar com mais duas outras edi\u00e7\u00f5es pelo pa\u00eds.<\/p>\n\n\n\n<p class=\"wp-block-paragraph\">O <strong>&#8220;Embaixador El\u00e9trico&#8221;<\/strong> vai contar com tr\u00eas setores: <strong>Bloco do Embaixador (n\u00e3o open bar), Camarote Platinum (open bar) e Camarote Sense (open bar) e os\u00a0<\/strong>ingressos est\u00e3o \u00e0 venda pelo site\u00a0<a href=\"http:\/\/www.baladapp.com.br\/\" target=\"_blank\" rel=\"noreferrer noopener\">Balada App<\/a><\/p>\n\n\n\n<p class=\"wp-block-paragraph\"><strong>Servi\u00e7o:<\/strong><\/p>\n\n\n\n<p class=\"wp-block-paragraph\"><strong>Embaixador El\u00e9trico<\/strong><\/p>\n\n\n\n<p class=\"wp-block-paragraph\">Data: 22 de outubro (s\u00e1bado)<br>Hor\u00e1rio: 15 horas<br>Local: Mega Space<br>Endere\u00e7o:\u00a0Av. das Ind\u00fastrias, Distrito Industrial II, Santa Luzia\/MG<br>Ingressos Online pelo site e app: baladapp<\/p>\n\n\n\n<p class=\"wp-block-paragraph\">Pontos de venda autorizados:<\/p>\n\n\n\n<p class=\"wp-block-paragraph\">&#8211; American Burguer (Cidade Nova, Cai\u00e7ara, Santa Am\u00e9lia, Savassi, Santa L\u00facia e Nova Lima)<\/p>\n\n\n\n<p class=\"wp-block-paragraph\">&#8211; Malu Magazine de Santa Luzia\/MG.<\/p>\n\n\n\n<p class=\"wp-block-paragraph\">Classifica\u00e7\u00e3o:<\/p>\n\n\n\n<p class=\"wp-block-paragraph\">16 Anos: Bloco Embaixador<\/p>\n\n\n\n<p class=\"wp-block-paragraph\">18 Anos: Camarote Sense (Open Bar) e Camarote Platinum (Open Bar).<\/p>\n\n\n\n<p class=\"wp-block-paragraph\">Valores a partir de R$ 170,00<\/p>\n\n\n\n<p class=\"wp-block-paragraph\">Obs: meia entrada social (com a arrecada\u00e7\u00e3o de 2kg de alimento n\u00e3o perec\u00edveis que ser\u00e3o revertidos para institui\u00e7\u00f5es filantr\u00f3picas parceiras).&nbsp;<\/p>\n\n\n\n<p class=\"wp-block-paragraph\">Realiza\u00e7\u00e3o: Balada Music, Trio Produtora, Tim Soier Promo\u00e7\u00f5es e Four Even<\/p>","protected":false},"excerpt":{"rendered":"<p>\u00c9 o embaixador beb\u00ea!! Gusttavo Lima traz sempre novidade para sua carreira, e chega com mais um projeto in\u00e9dito. Trata-se do &#8220;Embaixador El\u00e9trico&#8221;, que acontece a bordo do melhor trio el\u00e9trico do Brasil trazendo a alegria dos carnavais fora de \u00e9poca. A primeira edi\u00e7\u00e3o ser\u00e1 realizada em Belo Horizonte, no dia 22 de outubro com [&hellip;]<\/p>\n","protected":false},"author":2,"featured_media":91309,"comment_status":"closed","ping_status":"open","sticky":false,"template":"","format":"standard","meta":{"footnotes":""},"categories":[1],"tags":[12401,1004,1772],"class_list":["post-140692","post","type-post","status-publish","format-standard","has-post-thumbnail","hentry","category-fire2","tag-embaixador-eletrico","tag-gusttavo-lima","tag-musica"],"_links":{"self":[{"href":"https:\/\/portalpopmais.com.br\/en\/wp-json\/wp\/v2\/posts\/140692","targetHints":{"allow":["GET"]}}],"collection":[{"href":"https:\/\/portalpopmais.com.br\/en\/wp-json\/wp\/v2\/posts"}],"about":[{"href":"https:\/\/portalpopmais.com.br\/en\/wp-json\/wp\/v2\/types\/post"}],"author":[{"embeddable":true,"href":"https:\/\/portalpopmais.com.br\/en\/wp-json\/wp\/v2\/users\/2"}],"replies":[{"embeddable":true,"href":"https:\/\/portalpopmais.com.br\/en\/wp-json\/wp\/v2\/comments?post=140692"}],"version-history":[{"count":0,"href":"https:\/\/portalpopmais.com.br\/en\/wp-json\/wp\/v2\/posts\/140692\/revisions"}],"wp:featuredmedia":[{"embeddable":true,"href":"https:\/\/portalpopmais.com.br\/en\/wp-json\/wp\/v2\/media\/91309"}],"wp:attachment":[{"href":"https:\/\/portalpopmais.com.br\/en\/wp-json\/wp\/v2\/media?parent=140692"}],"wp:term":[{"taxonomy":"category","embeddable":true,"href":"https:\/\/portalpopmais.com.br\/en\/wp-json\/wp\/v2\/categories?post=140692"},{"taxonomy":"post_tag","embeddable":true,"href":"https:\/\/portalpopmais.com.br\/en\/wp-json\/wp\/v2\/tags?post=140692"}],"curies":[{"name":"wp","href":"https:\/\/api.w.org\/{rel}","templated":true}]}}