{"id":140742,"date":"2022-09-27T15:40:21","date_gmt":"2022-09-27T18:40:21","guid":{"rendered":"https:\/\/portalpopmais.com.br\/?p=140742"},"modified":"2022-09-27T15:46:26","modified_gmt":"2022-09-27T18:46:26","slug":"gloria-perez-causa-polemica-ao-curtir-publicacao-pro-governo","status":"publish","type":"post","link":"https:\/\/portalpopmais.com.br\/en\/gloria-perez-causa-polemica-ao-curtir-publicacao-pro-governo\/","title":{"rendered":"Gloria Perez causa pol\u00eamica ao curtir publica\u00e7\u00e3o pr\u00f3-Bolsonaro"},"content":{"rendered":"<p class=\"wp-block-paragraph\">A autora <strong><a href=\"https:\/\/portalpopmais.com.br\/en\/globo-queria-juliette-em-vez-de-jade-picon\/\" data-type=\"post\" data-id=\"116014\">Gl\u00f3ria Perez<\/a><\/strong> deu o que falar, nesta ter\u00e7a-feira (27), ap\u00f3s curtir uma publica\u00e7\u00e3o no Twitter em apoio ao presidente Jair Bolsonaro.<\/p>\n\n\n\n<p class=\"wp-block-paragraph\">Na postagem, um internauta diz que votar\u00e1 no atual candidato a reelei\u00e7\u00e3o, por conta das a\u00e7\u00f5es que o Chefe de Estado tomou durante seu governo, incluindo defender a abertura de escolas e empresas durante a pandemia que matou mais de 500 mil pessoas no <a href=\"http:\/\/instagram.com\/portalpopmais\" target=\"_blank\" rel=\"noopener\">Brasil<\/a>.<\/p>\n\n\n\n<h2 class=\"wp-block-heading\">Veja tamb\u00e9m<\/h2>\n\n\n<ul class=\"wp-block-latest-posts__list is-grid wp-block-latest-posts is-layout-flow wp-block-latest-posts-is-layout-flow\"><li><div class=\"wp-block-latest-posts__featured-image aligncenter\"><a href=\"https:\/\/portalpopmais.com.br\/en\/patricia-ramos-anuncia-fim-do-namoro-com-modelo-apos-dois-meses-e-responde-criticas-manda-curriculo\/\" aria-label=\"Patr\u00edcia Ramos anuncia fim do namoro com modelo ap\u00f3s dois meses e responde cr\u00edticas: &#8220;Manda curr\u00edculo&#8221;\"><img loading=\"lazy\" decoding=\"async\" width=\"768\" height=\"456\" src=\"https:\/\/portalpopmais.com.br\/wp-content\/uploads\/2026\/09\/texto-do-seu-paragrafo-2026-09-01t165110.515-768x456.jpeg\" class=\"attachment-medium size-medium wp-post-image\" alt=\"texto do seu paragrafo 2026 09 01t165110.515\" style=\"max-width:192px;max-height:114px;\" srcset=\"https:\/\/portalpopmais.com.br\/wp-content\/uploads\/2026\/09\/texto-do-seu-paragrafo-2026-09-01t165110.515-768x456.jpeg 768w, https:\/\/portalpopmais.com.br\/wp-content\/uploads\/2026\/09\/texto-do-seu-paragrafo-2026-09-01t165110.515-18x12.jpeg 18w\" sizes=\"auto, (max-width: 768px) 100vw, 768px\" title=\"\"><\/a><\/div><a class=\"wp-block-latest-posts__post-title\" href=\"https:\/\/portalpopmais.com.br\/en\/patricia-ramos-anuncia-fim-do-namoro-com-modelo-apos-dois-meses-e-responde-criticas-manda-curriculo\/\">Patr\u00edcia Ramos anuncia fim do namoro com modelo ap\u00f3s dois meses e responde cr\u00edticas: &#8220;Manda curr\u00edculo&#8221;<\/a><\/li>\n<li><div class=\"wp-block-latest-posts__featured-image aligncenter\"><a href=\"https:\/\/portalpopmais.com.br\/en\/esposa-tenta-convencer-roberto-justus-a-comer-escorpiao-e-grilo-durante-viagem-a-china\/\" aria-label=\"Esposa tenta convencer Roberto Justus a comer escorpi\u00e3o e grilo durante viagem \u00e0 China\"><img loading=\"lazy\" decoding=\"async\" width=\"768\" height=\"456\" src=\"https:\/\/portalpopmais.com.br\/wp-content\/uploads\/2026\/09\/image-16-768x456.png\" class=\"attachment-medium size-medium wp-post-image\" alt=\"image\" style=\"max-width:192px;max-height:114px;\" srcset=\"https:\/\/portalpopmais.com.br\/wp-content\/uploads\/2026\/09\/image-16-768x456.png 768w, https:\/\/portalpopmais.com.br\/wp-content\/uploads\/2026\/09\/image-16-18x10.png 18w, https:\/\/portalpopmais.com.br\/wp-content\/uploads\/2026\/09\/image-16-1170x694.png 1170w\" sizes=\"auto, (max-width: 768px) 100vw, 768px\" title=\"\"><\/a><\/div><a class=\"wp-block-latest-posts__post-title\" href=\"https:\/\/portalpopmais.com.br\/en\/esposa-tenta-convencer-roberto-justus-a-comer-escorpiao-e-grilo-durante-viagem-a-china\/\">Esposa tenta convencer Roberto Justus a comer escorpi\u00e3o e grilo durante viagem \u00e0 China<\/a><\/li>\n<li><div class=\"wp-block-latest-posts__featured-image aligncenter\"><a href=\"https:\/\/portalpopmais.com.br\/en\/harry-e-meghan-matriculam-archie-e-lilibet-em-escola-de-elite-com-mensalidade-superior-a-r-180-mil-por-ano\/\" aria-label=\"Harry e Meghan matriculam Archie e Lilibet em escola de elite com mensalidade superior a R$ 180 mil por ano\"><img loading=\"lazy\" decoding=\"async\" width=\"768\" height=\"456\" src=\"https:\/\/portalpopmais.com.br\/wp-content\/uploads\/2026\/09\/meghan-1766157304-3791124706129706755-54096840309-1--768x456.jpg\" class=\"attachment-medium size-medium wp-post-image\" alt=\"meghan 1766157304 3791124706129706755 54096840309 1\" style=\"max-width:192px;max-height:114px;\" srcset=\"https:\/\/portalpopmais.com.br\/wp-content\/uploads\/2026\/09\/meghan-1766157304-3791124706129706755-54096840309-1--768x456.jpg 768w, https:\/\/portalpopmais.com.br\/wp-content\/uploads\/2026\/09\/meghan-1766157304-3791124706129706755-54096840309-1--18x12.jpg 18w\" sizes=\"auto, (max-width: 768px) 100vw, 768px\" title=\"\"><\/a><\/div><a class=\"wp-block-latest-posts__post-title\" href=\"https:\/\/portalpopmais.com.br\/en\/harry-e-meghan-matriculam-archie-e-lilibet-em-escola-de-elite-com-mensalidade-superior-a-r-180-mil-por-ano\/\">Harry e Meghan matriculam Archie e Lilibet em escola de elite com mensalidade superior a R$ 180 mil por ano<\/a><\/li>\n<li><div class=\"wp-block-latest-posts__featured-image aligncenter\"><a href=\"https:\/\/portalpopmais.com.br\/en\/simone-mendes-e-alvo-de-acao-de-r-13-milhao-apos-desabamento-atingir-casa-de-guitarrista-do-tihuana\/\" aria-label=\"Simone Mendes \u00e9 alvo de a\u00e7\u00e3o de R$ 1,3 milh\u00e3o ap\u00f3s desabamento atingir casa de guitarrista do Tihuana\"><img loading=\"lazy\" decoding=\"async\" width=\"768\" height=\"456\" src=\"https:\/\/portalpopmais.com.br\/wp-content\/uploads\/2022\/08\/WhatsApp-Image-2022-08-24-at-14.21.33-768x456.jpeg\" class=\"attachment-medium size-medium wp-post-image\" alt=\"Simone Mendes - Foto: Marcio Amaral\" style=\"max-width:192px;max-height:114px;\" title=\"\"><\/a><\/div><a class=\"wp-block-latest-posts__post-title\" href=\"https:\/\/portalpopmais.com.br\/en\/simone-mendes-e-alvo-de-acao-de-r-13-milhao-apos-desabamento-atingir-casa-de-guitarrista-do-tihuana\/\">Simone Mendes \u00e9 alvo de a\u00e7\u00e3o de R$ 1,3 milh\u00e3o ap\u00f3s desabamento atingir casa de guitarrista do Tihuana<\/a><\/li>\n<li><div class=\"wp-block-latest-posts__featured-image aligncenter\"><a href=\"https:\/\/portalpopmais.com.br\/en\/lionel-richie-investigacao-problema-cardiaco\/\" aria-label=\"Lionel Richie segue internado na UTI e m\u00e9dicos investigam problemas card\u00edacos\"><img loading=\"lazy\" decoding=\"async\" width=\"768\" height=\"456\" src=\"https:\/\/portalpopmais.com.br\/wp-content\/uploads\/2025\/09\/lionel-richie-live-2023-getty-768x456.jpg\" class=\"attachment-medium size-medium wp-post-image\" alt=\"\" style=\"max-width:192px;max-height:114px;\" srcset=\"https:\/\/portalpopmais.com.br\/wp-content\/uploads\/2025\/09\/lionel-richie-live-2023-getty-768x456.jpg 768w, https:\/\/portalpopmais.com.br\/wp-content\/uploads\/2025\/09\/lionel-richie-live-2023-getty-1170x694.jpg 1170w, https:\/\/portalpopmais.com.br\/wp-content\/uploads\/2025\/09\/lionel-richie-live-2023-getty-18x12.jpg 18w\" sizes=\"auto, (max-width: 768px) 100vw, 768px\" title=\"\"><\/a><\/div><a class=\"wp-block-latest-posts__post-title\" href=\"https:\/\/portalpopmais.com.br\/en\/lionel-richie-investigacao-problema-cardiaco\/\">Lionel Richie segue internado na UTI e m\u00e9dicos investigam problemas card\u00edacos<\/a><\/li>\n<li><div class=\"wp-block-latest-posts__featured-image aligncenter\"><a href=\"https:\/\/portalpopmais.com.br\/en\/morre-gracindo-jr\/\" aria-label=\"Morre o ator e diretor Gracindo Jr., aos 83 anos\"><img loading=\"lazy\" decoding=\"async\" width=\"768\" height=\"456\" src=\"https:\/\/portalpopmais.com.br\/wp-content\/uploads\/2026\/09\/morre-gracindo-jr-768x456.png\" class=\"attachment-medium size-medium wp-post-image\" alt=\"morre gracindo jr\" style=\"max-width:192px;max-height:114px;\" srcset=\"https:\/\/portalpopmais.com.br\/wp-content\/uploads\/2026\/09\/morre-gracindo-jr-768x456.png 768w, https:\/\/portalpopmais.com.br\/wp-content\/uploads\/2026\/09\/morre-gracindo-jr-1170x694.png 1170w, https:\/\/portalpopmais.com.br\/wp-content\/uploads\/2026\/09\/morre-gracindo-jr-18x12.png 18w\" sizes=\"auto, (max-width: 768px) 100vw, 768px\" title=\"\"><\/a><\/div><a class=\"wp-block-latest-posts__post-title\" href=\"https:\/\/portalpopmais.com.br\/en\/morre-gracindo-jr\/\">Morre o ator e diretor Gracindo Jr., aos 83 anos<\/a><\/li>\n<\/ul>\n\n\n<p class=\"wp-block-paragraph\"><em>&#8220;Em 2018, votei nele pq era o mal menor. Desta vez, votarei nele n\u00e3o apenas como um ant\u00eddoto ao PT, mas pq ele teve a coragem de defender nossa liberdade nestes 4 anos. N\u00e3o apenas a liberdade de express\u00e3o, mas tamb\u00e9m de ir e vir, de trabalhar, de escolher meus rem\u00e9dios e vacinas&#8221;,<\/em> dizia o tweet.<\/p>\n\n\n\n<figure class=\"wp-block-embed is-type-rich is-provider-twitter wp-block-embed-twitter\"><div class=\"wp-block-embed__wrapper\">\n<blockquote class=\"twitter-tweet\" data-width=\"550\" data-dnt=\"true\"><p lang=\"pt\" dir=\"ltr\">Em 2018, votei nele pq era o mal menor. Desta vez, votarei nele n\u00e3o apenas como um ant\u00eddoto ao PT, mas pq ele teve a coragem de defender nossa liberdade nestes 4 anos. N\u00e3o apenas a liberdade de express\u00e3o, mas tamb\u00e9m de ir e vir, de trabalhar, de escolher meus rem\u00e9dios e vacinas. <a href=\"https:\/\/t.co\/hCAu4xEoTL\">pic.twitter.com\/hCAu4xEoTL<\/a><\/p>&mdash; Jo\u00e3o Luiz Mauad (@mauad_joao) <a href=\"https:\/\/twitter.com\/mauad_joao\/status\/1574738963151167489?ref_src=twsrc%5Etfw\" target=\"_blank\" rel=\"noopener\">September 27, 2022<\/a><\/blockquote><script async src=\"https:\/\/platform.twitter.com\/widgets.js\" charset=\"utf-8\"><\/script>\n<\/div><\/figure>\n\n\n\n<figure class=\"wp-block-embed is-type-rich is-provider-twitter wp-block-embed-twitter\"><div class=\"wp-block-embed__wrapper\">\nhttps:\/\/twitter.com\/forumpandlr\/status\/1574825039488323592\n<\/div><\/figure>","protected":false},"excerpt":{"rendered":"<p>A autora Gl\u00f3ria Perez deu o que falar, nesta ter\u00e7a-feira (27), ap\u00f3s curtir uma publica\u00e7\u00e3o no Twitter em apoio ao presidente Jair Bolsonaro. Na postagem, um internauta diz que votar\u00e1 no atual candidato a reelei\u00e7\u00e3o, por conta das a\u00e7\u00f5es que o Chefe de Estado tomou durante seu governo, incluindo defender a abertura de escolas e [&hellip;]<\/p>\n","protected":false},"author":2,"featured_media":140746,"comment_status":"closed","ping_status":"open","sticky":false,"template":"","format":"standard","meta":{"footnotes":""},"categories":[173],"tags":[12404],"class_list":["post-140742","post","type-post","status-publish","format-standard","has-post-thumbnail","hentry","category-celebridades","tag-gloria-perez"],"_links":{"self":[{"href":"https:\/\/portalpopmais.com.br\/en\/wp-json\/wp\/v2\/posts\/140742","targetHints":{"allow":["GET"]}}],"collection":[{"href":"https:\/\/portalpopmais.com.br\/en\/wp-json\/wp\/v2\/posts"}],"about":[{"href":"https:\/\/portalpopmais.com.br\/en\/wp-json\/wp\/v2\/types\/post"}],"author":[{"embeddable":true,"href":"https:\/\/portalpopmais.com.br\/en\/wp-json\/wp\/v2\/users\/2"}],"replies":[{"embeddable":true,"href":"https:\/\/portalpopmais.com.br\/en\/wp-json\/wp\/v2\/comments?post=140742"}],"version-history":[{"count":0,"href":"https:\/\/portalpopmais.com.br\/en\/wp-json\/wp\/v2\/posts\/140742\/revisions"}],"wp:featuredmedia":[{"embeddable":true,"href":"https:\/\/portalpopmais.com.br\/en\/wp-json\/wp\/v2\/media\/140746"}],"wp:attachment":[{"href":"https:\/\/portalpopmais.com.br\/en\/wp-json\/wp\/v2\/media?parent=140742"}],"wp:term":[{"taxonomy":"category","embeddable":true,"href":"https:\/\/portalpopmais.com.br\/en\/wp-json\/wp\/v2\/categories?post=140742"},{"taxonomy":"post_tag","embeddable":true,"href":"https:\/\/portalpopmais.com.br\/en\/wp-json\/wp\/v2\/tags?post=140742"}],"curies":[{"name":"wp","href":"https:\/\/api.w.org\/{rel}","templated":true}]}}