{"id":140992,"date":"2022-09-28T20:18:02","date_gmt":"2022-09-28T23:18:02","guid":{"rendered":"https:\/\/portalpopmais.com.br\/?p=140992"},"modified":"2022-09-28T20:18:07","modified_gmt":"2022-09-28T23:18:07","slug":"mara-maravilha-se-pronuncia-sobre-voto-nas-eleicoes-preocupada-com-o-meu-pais","status":"publish","type":"post","link":"https:\/\/portalpopmais.com.br\/en\/mara-maravilha-se-pronuncia-sobre-voto-nas-eleicoes-preocupada-com-o-meu-pais\/","title":{"rendered":"Mara Maravilha se pronuncia sobre voto nas elei\u00e7\u00f5es: &#8220;Preocupada com o meu pa\u00eds&#8221;"},"content":{"rendered":"<p class=\"wp-block-paragraph\">A apresentadora <strong><a href=\"https:\/\/portalpopmais.com.br\/en\/mara-maravilha-revela-que-pegaria-luan-santana\/\" data-type=\"post\" data-id=\"130093\" target=\"_blank\" rel=\"noreferrer noopener\">Mara Maravilha<\/a><\/strong> revelou em entrevista ao <a href=\"http:\/\/uol.com.br\" target=\"_blank\" rel=\"noopener\">UOL<\/a>, que n\u00e3o pretende revelar o seu voto nessa elei\u00e7\u00f5es. Ela esclareceu que vai &#8220;exercer seu papel de cidad\u00e3&#8221;.<\/p>\n\n\n\n<p class=\"wp-block-paragraph\">Vale lembrar que em 2018 ela defendeu a candidatura de Jair Bolsonaro. Por\u00e9m, desta vez resolveu manter sigilo.<em>&#8220;Vou votar e exercer meu papel de cidad\u00e3, unicamente&#8221;, <\/em>disse ela ao colunista Lucas Pasin, do UOL.<\/p>\n\n\n<div class=\"wp-block-image\">\n<figure class=\"aligncenter size-full is-resized\"><img loading=\"lazy\" decoding=\"async\" src=\"https:\/\/portalpopmais.com.br\/wp-content\/uploads\/2022\/07\/mara-maravilha-coca-e-sexo.jpg\" alt=\"\" class=\"wp-image-126971\" width=\"600\" height=\"400\" title=\"\"><figcaption>Mara Maravilha (Foto: Reprodu\u00e7\u00e3o)<\/figcaption><\/figure>\n<\/div>\n\n\n<p class=\"wp-block-paragraph\">Ela tamb\u00e9m disse que os artistas podem escolher se pronunciar ou n\u00e3o. <em>&#8220;Acredito que temos direito de escolha, e essa \u00e9 a minha. Estou sim, muito preocupada com o meu pa\u00eds, mas independentemente de quem ganhe, n\u00e3o pretendo trocar de pa\u00eds, amo o Brasil&#8221;,<\/em> afirmou.<\/p>","protected":false},"excerpt":{"rendered":"<p>A apresentadora Mara Maravilha revelou em entrevista ao UOL, que n\u00e3o pretende revelar o seu voto nessa elei\u00e7\u00f5es. Ela esclareceu que vai &#8220;exercer seu papel de cidad\u00e3&#8221;. Vale lembrar que em 2018 ela defendeu a candidatura de Jair Bolsonaro. Por\u00e9m, desta vez resolveu manter sigilo.&#8220;Vou votar e exercer meu papel de cidad\u00e3, unicamente&#8221;, disse ela [&hellip;]<\/p>\n","protected":false},"author":2,"featured_media":140995,"comment_status":"closed","ping_status":"open","sticky":false,"template":"","format":"standard","meta":{"footnotes":""},"categories":[173],"tags":[2245],"class_list":["post-140992","post","type-post","status-publish","format-standard","has-post-thumbnail","hentry","category-celebridades","tag-mara-maravilha"],"_links":{"self":[{"href":"https:\/\/portalpopmais.com.br\/en\/wp-json\/wp\/v2\/posts\/140992","targetHints":{"allow":["GET"]}}],"collection":[{"href":"https:\/\/portalpopmais.com.br\/en\/wp-json\/wp\/v2\/posts"}],"about":[{"href":"https:\/\/portalpopmais.com.br\/en\/wp-json\/wp\/v2\/types\/post"}],"author":[{"embeddable":true,"href":"https:\/\/portalpopmais.com.br\/en\/wp-json\/wp\/v2\/users\/2"}],"replies":[{"embeddable":true,"href":"https:\/\/portalpopmais.com.br\/en\/wp-json\/wp\/v2\/comments?post=140992"}],"version-history":[{"count":0,"href":"https:\/\/portalpopmais.com.br\/en\/wp-json\/wp\/v2\/posts\/140992\/revisions"}],"wp:featuredmedia":[{"embeddable":true,"href":"https:\/\/portalpopmais.com.br\/en\/wp-json\/wp\/v2\/media\/140995"}],"wp:attachment":[{"href":"https:\/\/portalpopmais.com.br\/en\/wp-json\/wp\/v2\/media?parent=140992"}],"wp:term":[{"taxonomy":"category","embeddable":true,"href":"https:\/\/portalpopmais.com.br\/en\/wp-json\/wp\/v2\/categories?post=140992"},{"taxonomy":"post_tag","embeddable":true,"href":"https:\/\/portalpopmais.com.br\/en\/wp-json\/wp\/v2\/tags?post=140992"}],"curies":[{"name":"wp","href":"https:\/\/api.w.org\/{rel}","templated":true}]}}