{"id":141318,"date":"2022-09-30T01:16:57","date_gmt":"2022-09-30T04:16:57","guid":{"rendered":"https:\/\/portalpopmais.com.br\/?p=141318"},"modified":"2022-09-30T01:17:00","modified_gmt":"2022-09-30T04:17:00","slug":"soraya-chamada-bolsonaro-durante-debate-globo","status":"publish","type":"post","link":"https:\/\/portalpopmais.com.br\/en\/soraya-chamada-bolsonaro-durante-debate-globo\/","title":{"rendered":"Soraya Thronicke \u00e9 chamada de \u201cBolsonaro\u201d no Debate da Globo"},"content":{"rendered":"<p>A candidata Soraya Thronicke (UNI\u00c3O BRASIL) foi chamada pelo nome de Jair Bolsonaro (PL) durante o <a href=\"https:\/\/portalpopmais.com.br\/en\/debate-governador-sp-menos-visto-amistoso\/\" data-type=\"post\" data-id=\"141035\">\u00faltimo debate<\/a> realizado pela <a href=\"https:\/\/g1.globo.com\" data-type=\"URL\" data-id=\"https:\/\/g1.globo.com\" target=\"_blank\" rel=\"noopener\">TV Globo<\/a> na noite desta quinta-feira (29). A cita\u00e7\u00e3o foi feita por Simone Tebet (MDB).<\/p>\n\n\n\n<p><strong>Veja o momento:<\/strong><\/p>\n\n\n\n<figure class=\"wp-block-embed is-type-rich is-provider-twitter wp-block-embed-twitter\"><div class=\"wp-block-embed__wrapper\">\n<blockquote class=\"twitter-tweet\" data-width=\"550\" data-dnt=\"true\"><p lang=\"pt\" dir=\"ltr\">Essa foi a maior ofensa do debate hauajshausjd <a href=\"https:\/\/t.co\/kjjVBXWOlB\">pic.twitter.com\/kjjVBXWOlB<\/a><\/p>&mdash; Aecio de Papelao (@aeciodepapelao) <a href=\"https:\/\/twitter.com\/aeciodepapelao\/status\/1575694347856904192?ref_src=twsrc%5Etfw\" target=\"_blank\" rel=\"noopener\">September 30, 2022<\/a><\/blockquote><script async src=\"https:\/\/platform.twitter.com\/widgets.js\" charset=\"utf-8\"><\/script>\n<\/div><\/figure>\n\n\n\n<p>Simone pediu desculpas para Soraya, dizendo que n\u00e3o era inten\u00e7\u00e3o dela. \u201cEu pe\u00e7o desculpa candidata. Eu jamais te desrespeitaria dessa forma\u201d.<\/p>\n\n\n\n<p>Sete candidatos participam do \u00faltimo encontro entre os presidenci\u00e1veis, com quatro blocos de perguntas entre os candidatos, com temas sorteados ao vivo no segundo e quarto blocos.<\/p>","protected":false},"excerpt":{"rendered":"<p>A candidata Soraya Thronicke (UNI\u00c3O BRASIL) foi chamada pelo nome de Jair Bolsonaro (PL) durante o \u00faltimo debate realizado pela TV Globo na noite desta quinta-feira (29). A cita\u00e7\u00e3o foi feita por Simone Tebet (MDB). Veja o momento: Simone pediu desculpas para Soraya, dizendo que n\u00e3o era inten\u00e7\u00e3o dela. \u201cEu pe\u00e7o desculpa candidata. Eu jamais [&hellip;]<\/p>\n","protected":false},"author":2,"featured_media":141321,"comment_status":"closed","ping_status":"open","sticky":false,"template":"","format":"standard","meta":{"footnotes":""},"categories":[181],"tags":[12418,180],"class_list":["post-141318","post","type-post","status-publish","format-standard","has-post-thumbnail","hentry","category-televisao","tag-debate-globo","tag-globo"],"_links":{"self":[{"href":"https:\/\/portalpopmais.com.br\/en\/wp-json\/wp\/v2\/posts\/141318","targetHints":{"allow":["GET"]}}],"collection":[{"href":"https:\/\/portalpopmais.com.br\/en\/wp-json\/wp\/v2\/posts"}],"about":[{"href":"https:\/\/portalpopmais.com.br\/en\/wp-json\/wp\/v2\/types\/post"}],"author":[{"embeddable":true,"href":"https:\/\/portalpopmais.com.br\/en\/wp-json\/wp\/v2\/users\/2"}],"replies":[{"embeddable":true,"href":"https:\/\/portalpopmais.com.br\/en\/wp-json\/wp\/v2\/comments?post=141318"}],"version-history":[{"count":0,"href":"https:\/\/portalpopmais.com.br\/en\/wp-json\/wp\/v2\/posts\/141318\/revisions"}],"wp:featuredmedia":[{"embeddable":true,"href":"https:\/\/portalpopmais.com.br\/en\/wp-json\/wp\/v2\/media\/141321"}],"wp:attachment":[{"href":"https:\/\/portalpopmais.com.br\/en\/wp-json\/wp\/v2\/media?parent=141318"}],"wp:term":[{"taxonomy":"category","embeddable":true,"href":"https:\/\/portalpopmais.com.br\/en\/wp-json\/wp\/v2\/categories?post=141318"},{"taxonomy":"post_tag","embeddable":true,"href":"https:\/\/portalpopmais.com.br\/en\/wp-json\/wp\/v2\/tags?post=141318"}],"curies":[{"name":"wp","href":"https:\/\/api.w.org\/{rel}","templated":true}]}}