{"id":141365,"date":"2022-09-30T09:35:41","date_gmt":"2022-09-30T12:35:41","guid":{"rendered":"https:\/\/portalpopmais.com.br\/?p=141365"},"modified":"2022-09-30T10:55:34","modified_gmt":"2022-09-30T13:55:34","slug":"homem-flagrado-fazendo-sexo-trabalho-processa-empresa","status":"publish","type":"post","link":"https:\/\/portalpopmais.com.br\/en\/homem-flagrado-fazendo-sexo-trabalho-processa-empresa\/","title":{"rendered":"Homem flagrado fazendo sexo no trabalho processa empresa por vazamento de v\u00eddeo \u00edntimo"},"content":{"rendered":"<p class=\"wp-block-paragraph\">Um <strong><a href=\"https:\/\/portalpopmais.com.br\/en\/crocodilo-ataca-tratador\/\" data-type=\"post\" data-id=\"140040\">funcion\u00e1rio<\/a><\/strong> de uma empresa do ramo de espumas flagrado fazendo sexo durante o expediente entrou na Justi\u00e7a contra a sua antiga empregadora afirmando que ela permitiu &#8220;ampla divulga\u00e7\u00e3o&#8221; do seu v\u00eddeo \u00edntimo, o que teria gerado constrangimento. <\/p>\n\n\n\n<p class=\"wp-block-paragraph\">Segundo informa\u00e7\u00f5es do Tribunal Regional do Trabalho de Minas Gerais (TRT-MG) divulgadas na quarta-feira (dia 28), o homem pedia uma indeniza\u00e7\u00e3o por danos morais, mas acabou perdendo o processo.<\/p>\n\n\n\n<h2 class=\"wp-block-heading\">Veja tamb\u00e9m<\/h2>\n\n\n<ul class=\"wp-block-latest-posts__list is-grid wp-block-latest-posts is-layout-flow wp-block-latest-posts-is-layout-flow\"><li><div class=\"wp-block-latest-posts__featured-image aligncenter\"><a href=\"https:\/\/portalpopmais.com.br\/en\/adolescente-trava-mandibula-ao-bocejar-e-precisa-de-atendimento-medico-no-distrito-federal\/\" aria-label=\"Adolescente trava mand\u00edbula ao bocejar e precisa de atendimento m\u00e9dico no Distrito Federal\"><img loading=\"lazy\" decoding=\"async\" width=\"768\" height=\"456\" src=\"https:\/\/portalpopmais.com.br\/wp-content\/uploads\/2026\/09\/foto-2026-09-03t173635-092-s0uhoo3mw8qc-768x456.jpg\" class=\"attachment-medium size-medium wp-post-image\" alt=\"foto 2026 09 03t173635 092 s0uhoo3mw8qc\" style=\"\" srcset=\"https:\/\/portalpopmais.com.br\/wp-content\/uploads\/2026\/09\/foto-2026-09-03t173635-092-s0uhoo3mw8qc-768x456.jpg 768w, https:\/\/portalpopmais.com.br\/wp-content\/uploads\/2026\/09\/foto-2026-09-03t173635-092-s0uhoo3mw8qc-18x12.jpg 18w\" sizes=\"auto, (max-width: 768px) 100vw, 768px\" title=\"\"><\/a><\/div><a class=\"wp-block-latest-posts__post-title\" href=\"https:\/\/portalpopmais.com.br\/en\/adolescente-trava-mandibula-ao-bocejar-e-precisa-de-atendimento-medico-no-distrito-federal\/\">Adolescente trava mand\u00edbula ao bocejar e precisa de atendimento m\u00e9dico no Distrito Federal<\/a><\/li>\n<li><div class=\"wp-block-latest-posts__featured-image aligncenter\"><a href=\"https:\/\/portalpopmais.com.br\/en\/nikolas-ferreira-chamou-vorcaro-de-lindao-e-pediu-negocio-saiba-o-que\/\" aria-label=\"Nikolas Ferreira chamou Vorcaro de &#8216;lind\u00e3o&#8217; e pediu neg\u00f3cio\"><img loading=\"lazy\" decoding=\"async\" width=\"768\" height=\"456\" src=\"https:\/\/portalpopmais.com.br\/wp-content\/uploads\/2023\/02\/Nikolas-Ferreira-768x456.jpg\" class=\"attachment-medium size-medium wp-post-image\" alt=\"Nikolas Ferreira\" style=\"\" srcset=\"https:\/\/portalpopmais.com.br\/wp-content\/uploads\/2023\/02\/Nikolas-Ferreira-768x456.jpg 768w, https:\/\/portalpopmais.com.br\/wp-content\/uploads\/2023\/02\/Nikolas-Ferreira-1170x694.jpg 1170w\" sizes=\"auto, (max-width: 768px) 100vw, 768px\" title=\"\"><\/a><\/div><a class=\"wp-block-latest-posts__post-title\" href=\"https:\/\/portalpopmais.com.br\/en\/nikolas-ferreira-chamou-vorcaro-de-lindao-e-pediu-negocio-saiba-o-que\/\">Nikolas Ferreira chamou Vorcaro de &#8216;lind\u00e3o&#8217; e pediu neg\u00f3cio<\/a><\/li>\n<li><div class=\"wp-block-latest-posts__featured-image aligncenter\"><a href=\"https:\/\/portalpopmais.com.br\/en\/vice-presidente-do-bank-of-america-morre-apos-ataque-a-facadas-na-times-square-em-nova-york\/\" aria-label=\"Vice-presidente do Bank of America morre ap\u00f3s ataque a facadas na Times Square, em Nova York\"><img loading=\"lazy\" decoding=\"async\" width=\"768\" height=\"456\" src=\"https:\/\/portalpopmais.com.br\/wp-content\/uploads\/2026\/09\/1740678439336-3x2-1-768x456.webp\" class=\"attachment-medium size-medium wp-post-image\" alt=\"1740678439336 3x2 1\" style=\"\" srcset=\"https:\/\/portalpopmais.com.br\/wp-content\/uploads\/2026\/09\/1740678439336-3x2-1-768x456.webp 768w, https:\/\/portalpopmais.com.br\/wp-content\/uploads\/2026\/09\/1740678439336-3x2-1-1170x694.webp 1170w, https:\/\/portalpopmais.com.br\/wp-content\/uploads\/2026\/09\/1740678439336-3x2-1-18x12.webp 18w\" sizes=\"auto, (max-width: 768px) 100vw, 768px\" title=\"\"><\/a><\/div><a class=\"wp-block-latest-posts__post-title\" href=\"https:\/\/portalpopmais.com.br\/en\/vice-presidente-do-bank-of-america-morre-apos-ataque-a-facadas-na-times-square-em-nova-york\/\">Vice-presidente do Bank of America morre ap\u00f3s ataque a facadas na Times Square, em Nova York<\/a><\/li>\n<li><a class=\"wp-block-latest-posts__post-title\" href=\"https:\/\/portalpopmais.com.br\/en\/estilo-e-presenca-como-encontrar-a-fragrancia-masculina-que-traduz-sua-personalidade\/\">Estilo e presen\u00e7a: como encontrar a fragr\u00e2ncia masculina que traduz sua personalidade<\/a><\/li>\n<li><a class=\"wp-block-latest-posts__post-title\" href=\"https:\/\/portalpopmais.com.br\/en\/assistente-pessoal-organize-suas-financas-com-facilidade\/\">Assistente pessoal: organize suas finan\u00e7as com facilidade<\/a><\/li>\n<li><div class=\"wp-block-latest-posts__featured-image aligncenter\"><a href=\"https:\/\/portalpopmais.com.br\/en\/quem-e-youssef-khelil-influenciador-viraliza-nas-redes-sociais-apos-exibir-tatuagem-intima\/\" aria-label=\"Quem \u00e9 Youssef Khelil? Influenciador viraliza nas redes sociais ap\u00f3s exibir tatuagem \u00edntima\"><img loading=\"lazy\" decoding=\"async\" width=\"768\" height=\"456\" src=\"https:\/\/portalpopmais.com.br\/wp-content\/uploads\/2026\/08\/Screenshot_20260831-141015-768x456.png\" class=\"attachment-medium size-medium wp-post-image\" alt=\"Screenshot 20260831 141015\" style=\"\" srcset=\"https:\/\/portalpopmais.com.br\/wp-content\/uploads\/2026\/08\/Screenshot_20260831-141015-768x456.png 768w, https:\/\/portalpopmais.com.br\/wp-content\/uploads\/2026\/08\/Screenshot_20260831-141015-18x12.png 18w\" sizes=\"auto, (max-width: 768px) 100vw, 768px\" title=\"\"><\/a><\/div><a class=\"wp-block-latest-posts__post-title\" href=\"https:\/\/portalpopmais.com.br\/en\/quem-e-youssef-khelil-influenciador-viraliza-nas-redes-sociais-apos-exibir-tatuagem-intima\/\">Quem \u00e9 Youssef Khelil? Influenciador viraliza nas redes sociais ap\u00f3s exibir tatuagem \u00edntima<\/a><\/li>\n<\/ul>\n\n\n<p class=\"wp-block-paragraph\">O ju\u00edzo da 2\u00aa Vara do Trabalho de Contagem j\u00e1 havia decidido, em primeiro grau, que n\u00e3o houve irregularidade na condu\u00e7\u00e3o do caso pela empregadora. O ex-funcion\u00e1rios, ent\u00e3o, <a href=\"http:\/\/instagram.com\/portalpopmais\" target=\"_blank\" rel=\"noopener\">recorreu<\/a>.<\/p>\n\n\n\n<p class=\"wp-block-paragraph\"><em>&#8220;Em sua pe\u00e7a de ingresso, ele alegou que algu\u00e9m, dentro da f\u00e1brica, filmou aquele momento, com o intuito de expor e constrang\u00ea-los, e que teria encaminhado o v\u00eddeo para um superior da empresa&#8221;,<\/em> afirmou Jorge Berg de Mendon\u00e7a, relator do processo.<\/p>\n\n\n\n<p class=\"wp-block-paragraph\">A demiss\u00e3o ocorreu em julho de 2020. O homem n\u00e3o reclamou da dispensa, mas alegou ter se sentido abalado por causa exibi\u00e7\u00e3o da cena. Segundo o processo, a empresa gravou o momento da demiss\u00e3o, ocorrida numa sala, com testemunhas, para se resguardar.<\/p>\n\n\n\n<p class=\"wp-block-paragraph\">Al\u00e9m dos s\u00f3cios, estavam presentes duas testemunhas e a profissional do RH. O desembargador entendeu que a empresa tomou precau\u00e7\u00f5es para n\u00e3o expor o funcion\u00e1rio e a colega de trabalho que estava com ele.<\/p>\n\n\n\n<p class=\"wp-block-paragraph\"><em>&#8220;O s\u00f3cio falou expressamente com eles que o v\u00eddeo era constrangedor e que, quando quisessem, podiam pedir para parar. A exibi\u00e7\u00e3o teve in\u00edcio com 1min45s da filmagem, que foi interrompida quase que imediatamente a pedido da parte envolvida. A seguir, o s\u00f3cio perguntou se entenderam o motivo da dispensa, ao que responderam que sim. Logo ap\u00f3s, falou do apre\u00e7o que tinha por eles, mas que a conduta n\u00e3o poderia ser desconsiderada&#8221;,<\/em> destacou ele na decis\u00e3o.<\/p>\n\n\n\n<p class=\"wp-block-paragraph\">O despacho do processo destaca ainda que um dos s\u00f3cios lamentou ter que chamar duas testemunhas, mas afirmou ter pedido sigilo. O magistrado frisou que o notebook estava realmente virado para o ex-empregado e para a colega de trabalho e que mais ningu\u00e9m assistiu ao v\u00eddeo na sala.<\/p>\n\n\n\n<p class=\"wp-block-paragraph\">Segundo o relator, n\u00e3o ind\u00edcios de que a empresa tenha repassado o v\u00eddeo para outros e que, caso o registro tenha chegado a amigos ou familiares, isso pode ter sido feito pela pessoa que filmou<em>: &#8220;Na pr\u00f3pria peti\u00e7\u00e3o inicial, consta a informa\u00e7\u00e3o de que foi algu\u00e9m que filmou o ato sexual&#8221;, <\/em>destacou. O processo foi arquivado definitivamente.<\/p>","protected":false},"excerpt":{"rendered":"<p>Um funcion\u00e1rio de uma empresa do ramo de espumas flagrado fazendo sexo durante o expediente entrou na Justi\u00e7a contra a sua antiga empregadora afirmando que ela permitiu &#8220;ampla divulga\u00e7\u00e3o&#8221; do seu v\u00eddeo \u00edntimo, o que teria gerado constrangimento. Segundo informa\u00e7\u00f5es do Tribunal Regional do Trabalho de Minas Gerais (TRT-MG) divulgadas na quarta-feira (dia 28), o [&hellip;]<\/p>\n","protected":false},"author":2,"featured_media":141411,"comment_status":"closed","ping_status":"open","sticky":false,"template":"","format":"standard","meta":{"footnotes":""},"categories":[2165],"tags":[233],"class_list":["post-141365","post","type-post","status-publish","format-standard","has-post-thumbnail","hentry","category-noticias","tag-nude"],"_links":{"self":[{"href":"https:\/\/portalpopmais.com.br\/en\/wp-json\/wp\/v2\/posts\/141365","targetHints":{"allow":["GET"]}}],"collection":[{"href":"https:\/\/portalpopmais.com.br\/en\/wp-json\/wp\/v2\/posts"}],"about":[{"href":"https:\/\/portalpopmais.com.br\/en\/wp-json\/wp\/v2\/types\/post"}],"author":[{"embeddable":true,"href":"https:\/\/portalpopmais.com.br\/en\/wp-json\/wp\/v2\/users\/2"}],"replies":[{"embeddable":true,"href":"https:\/\/portalpopmais.com.br\/en\/wp-json\/wp\/v2\/comments?post=141365"}],"version-history":[{"count":0,"href":"https:\/\/portalpopmais.com.br\/en\/wp-json\/wp\/v2\/posts\/141365\/revisions"}],"wp:featuredmedia":[{"embeddable":true,"href":"https:\/\/portalpopmais.com.br\/en\/wp-json\/wp\/v2\/media\/141411"}],"wp:attachment":[{"href":"https:\/\/portalpopmais.com.br\/en\/wp-json\/wp\/v2\/media?parent=141365"}],"wp:term":[{"taxonomy":"category","embeddable":true,"href":"https:\/\/portalpopmais.com.br\/en\/wp-json\/wp\/v2\/categories?post=141365"},{"taxonomy":"post_tag","embeddable":true,"href":"https:\/\/portalpopmais.com.br\/en\/wp-json\/wp\/v2\/tags?post=141365"}],"curies":[{"name":"wp","href":"https:\/\/api.w.org\/{rel}","templated":true}]}}