{"id":141563,"date":"2022-10-01T10:29:37","date_gmt":"2022-10-01T13:29:37","guid":{"rendered":"https:\/\/portalpopmais.com.br\/?p=141563"},"modified":"2022-10-01T13:33:00","modified_gmt":"2022-10-01T16:33:00","slug":"videos-tiago-ramos-quebra-espelhos","status":"publish","type":"post","link":"https:\/\/portalpopmais.com.br\/en\/videos-tiago-ramos-quebra-espelhos\/","title":{"rendered":"V\u00eddeos: Tiago Ramos bebe demais, surta, amea\u00e7a quebrar espelhos da casa e some de A Fazenda 14"},"content":{"rendered":"\n<p class=\"wp-block-paragraph\"><strong><a href=\"https:\/\/portalpopmais.com.br\/videos-a-fazenda-14-tiago-ramos-quase-agride-pele-e-clima-pesa-de-vez-se-me-bater-e-1-a-menos\/\" data-type=\"post\" data-id=\"138954\">Tiago Ramos<\/a><\/strong> barbarizou em mais uma festa em A Fazenda 14! Ap\u00f3s beber tudo o que podia, o pe\u00e3o protagonizou mais uma crise e disse que deixaria o reality rural. Decidido, o ex da m\u00e3e de Neymar pulou o cercado, na tentativa de sair do confinamento e chegou a machucar a <a href=\"http:\/\/Instagram.com\/portalpopmais\" target=\"_blank\" rel=\"noopener\">perna<\/a>.<\/p>\n\n\n\n<p class=\"wp-block-paragraph\">A produ\u00e7\u00e3o do programa teve de correr atr\u00e1s do ex-padrasto de Neymar e felizmente conseguiram resgat\u00e1-lo, mas ele continuou insistindo na ideia de desistir de A Fazenda 14. \u201cEu quero ir embora, eu vou embora\u201d, dizia o pe\u00e3o visivelmente alterado.<\/p>\n\n\n\n<h2 class=\"wp-block-heading\">Veja tamb\u00e9m<\/h2>\n\n\n<ul class=\"wp-block-latest-posts__list is-grid aligncenter wp-block-latest-posts is-layout-flow wp-block-latest-posts-is-layout-flow\"><li><div class=\"wp-block-latest-posts__featured-image aligncenter\"><a href=\"https:\/\/portalpopmais.com.br\/en\/ze-felipe-faz-misterio-nas-redes-sociais-e-revela-desejo-misterioso-vontade\/\" aria-label=\"Z\u00e9 Felipe faz mist\u00e9rio nas redes sociais e revela desejo misterioso: \u201cVontade\u201d\"><img loading=\"lazy\" decoding=\"async\" width=\"768\" height=\"456\" src=\"https:\/\/portalpopmais.com.br\/wp-content\/uploads\/2026\/04\/design-sem-nome-4-3-768x456.jpg\" class=\"attachment-medium size-medium wp-post-image\" alt=\"design sem nome 4 (3)\" style=\"\" srcset=\"https:\/\/portalpopmais.com.br\/wp-content\/uploads\/2026\/04\/design-sem-nome-4-3-768x456.jpg 768w, https:\/\/portalpopmais.com.br\/wp-content\/uploads\/2026\/04\/design-sem-nome-4-3-18x12.jpg 18w\" sizes=\"auto, (max-width: 768px) 100vw, 768px\" title=\"\"><\/a><\/div><a class=\"wp-block-latest-posts__post-title\" href=\"https:\/\/portalpopmais.com.br\/en\/ze-felipe-faz-misterio-nas-redes-sociais-e-revela-desejo-misterioso-vontade\/\">Z\u00e9 Felipe faz mist\u00e9rio nas redes sociais e revela desejo misterioso: \u201cVontade\u201d<\/a><\/li>\n<li><div class=\"wp-block-latest-posts__featured-image aligncenter\"><a href=\"https:\/\/portalpopmais.com.br\/en\/antonio-rafaski-revela-ser-gay-e-versatil-ao-responder-perguntas-de-seguidores\/\" aria-label=\"Antonio Rafaski revela ser gay e vers\u00e1til ao responder perguntas de seguidores\"><img loading=\"lazy\" decoding=\"async\" width=\"600\" height=\"427\" src=\"https:\/\/portalpopmais.com.br\/wp-content\/uploads\/2026\/09\/IMG-20260904-WA0044.jpg\" class=\"attachment-medium size-medium wp-post-image\" alt=\"Antonio Rafaski revela ser gay\" style=\"\" srcset=\"https:\/\/portalpopmais.com.br\/wp-content\/uploads\/2026\/09\/IMG-20260904-WA0044.jpg 600w, https:\/\/portalpopmais.com.br\/wp-content\/uploads\/2026\/09\/IMG-20260904-WA0044-18x12.jpg 18w\" sizes=\"auto, (max-width: 600px) 100vw, 600px\" title=\"\"><\/a><\/div><a class=\"wp-block-latest-posts__post-title\" href=\"https:\/\/portalpopmais.com.br\/en\/antonio-rafaski-revela-ser-gay-e-versatil-ao-responder-perguntas-de-seguidores\/\">Antonio Rafaski revela ser gay e vers\u00e1til ao responder perguntas de seguidores<\/a><\/li>\n<li><div class=\"wp-block-latest-posts__featured-image aligncenter\"><a href=\"https:\/\/portalpopmais.com.br\/en\/luana-piovani-pedro-scooby-propria-cova\/\" aria-label=\"Luana Piovani volta a criticar Pedro Scooby e afirma que surfista \u201ccavou a pr\u00f3pria cova\u201d\"><img loading=\"lazy\" decoding=\"async\" width=\"768\" height=\"456\" src=\"https:\/\/portalpopmais.com.br\/wp-content\/uploads\/2025\/11\/Luana-Piovani-alfineta-Pedro-Scooby-sobre-valor-da-pensao-paga-aos-filhos-768x456.jpg\" class=\"attachment-medium size-medium wp-post-image\" alt=\"Luana Piovani alfineta Pedro Scooby sobre valor da pens\u00e3o paga aos filhos: \u201cbem inferior\u201d\" style=\"\" srcset=\"https:\/\/portalpopmais.com.br\/wp-content\/uploads\/2025\/11\/Luana-Piovani-alfineta-Pedro-Scooby-sobre-valor-da-pensao-paga-aos-filhos-768x456.jpg 768w, https:\/\/portalpopmais.com.br\/wp-content\/uploads\/2025\/11\/Luana-Piovani-alfineta-Pedro-Scooby-sobre-valor-da-pensao-paga-aos-filhos-1170x694.jpg 1170w, https:\/\/portalpopmais.com.br\/wp-content\/uploads\/2025\/11\/Luana-Piovani-alfineta-Pedro-Scooby-sobre-valor-da-pensao-paga-aos-filhos-18x10.jpg 18w\" sizes=\"auto, (max-width: 768px) 100vw, 768px\" title=\"\"><\/a><\/div><a class=\"wp-block-latest-posts__post-title\" href=\"https:\/\/portalpopmais.com.br\/en\/luana-piovani-pedro-scooby-propria-cova\/\">Luana Piovani volta a criticar Pedro Scooby e afirma que surfista \u201ccavou a pr\u00f3pria cova\u201d<\/a><\/li>\n<li><div class=\"wp-block-latest-posts__featured-image aligncenter\"><a href=\"https:\/\/portalpopmais.com.br\/en\/nina-dobrev-e-retirada-do-tapete-vermelho-no-festival-de-veneza-eu-teria-evaporado-de-vergonha\/\" aria-label=\"Nina Dobrev \u00e9 retirada do tapete vermelho no Festival de Veneza: \u201cEu teria evaporado de vergonha\u201d\"><img loading=\"lazy\" decoding=\"async\" width=\"768\" height=\"456\" src=\"https:\/\/portalpopmais.com.br\/wp-content\/uploads\/2026\/09\/Screenshot_20260903-194159-768x456.png\" class=\"attachment-medium size-medium wp-post-image\" alt=\"Screenshot 20260903 194159\" style=\"\" srcset=\"https:\/\/portalpopmais.com.br\/wp-content\/uploads\/2026\/09\/Screenshot_20260903-194159-768x456.png 768w, https:\/\/portalpopmais.com.br\/wp-content\/uploads\/2026\/09\/Screenshot_20260903-194159-18x12.png 18w\" sizes=\"auto, (max-width: 768px) 100vw, 768px\" title=\"\"><\/a><\/div><a class=\"wp-block-latest-posts__post-title\" href=\"https:\/\/portalpopmais.com.br\/en\/nina-dobrev-e-retirada-do-tapete-vermelho-no-festival-de-veneza-eu-teria-evaporado-de-vergonha\/\">Nina Dobrev \u00e9 retirada do tapete vermelho no Festival de Veneza: \u201cEu teria evaporado de vergonha\u201d<\/a><\/li>\n<li><div class=\"wp-block-latest-posts__featured-image aligncenter\"><a href=\"https:\/\/portalpopmais.com.br\/en\/justica-condena-miguel-falabella-por-plagio-em-peca-de-teatro\/\" aria-label=\"Justi\u00e7a condena Miguel Falabella por pl\u00e1gio em pe\u00e7a de teatro\"><img loading=\"lazy\" decoding=\"async\" width=\"768\" height=\"456\" src=\"https:\/\/portalpopmais.com.br\/wp-content\/uploads\/2020\/06\/falabella-768x456.jpg\" class=\"attachment-medium size-medium wp-post-image\" alt=\"Miguel Falabella \u00e9 demitido da Globo ap\u00f3s quase 40 anos\" style=\"\" srcset=\"https:\/\/portalpopmais.com.br\/wp-content\/uploads\/2020\/06\/falabella-768x456.jpg 768w, https:\/\/portalpopmais.com.br\/wp-content\/uploads\/2020\/06\/falabella-1170x694.jpg 1170w\" sizes=\"auto, (max-width: 768px) 100vw, 768px\" title=\"\"><\/a><\/div><a class=\"wp-block-latest-posts__post-title\" href=\"https:\/\/portalpopmais.com.br\/en\/justica-condena-miguel-falabella-por-plagio-em-peca-de-teatro\/\">Justi\u00e7a condena Miguel Falabella por pl\u00e1gio em pe\u00e7a de teatro<\/a><\/li>\n<li><div class=\"wp-block-latest-posts__featured-image aligncenter\"><a href=\"https:\/\/portalpopmais.com.br\/en\/juliano-floss-e-flagrado-em-momento-intimo-com-affair\/\" aria-label=\"Juliano Floss \u00e9 flagrado em momento \u00edntimo com affair\"><img loading=\"lazy\" decoding=\"async\" width=\"768\" height=\"456\" src=\"https:\/\/portalpopmais.com.br\/wp-content\/uploads\/2026\/02\/juliano-floss-768x456.jpg\" class=\"attachment-medium size-medium wp-post-image\" alt=\"juliano floss\" style=\"\" srcset=\"https:\/\/portalpopmais.com.br\/wp-content\/uploads\/2026\/02\/juliano-floss-768x456.jpg 768w, https:\/\/portalpopmais.com.br\/wp-content\/uploads\/2026\/02\/juliano-floss-1170x694.jpg 1170w, https:\/\/portalpopmais.com.br\/wp-content\/uploads\/2026\/02\/juliano-floss-18x10.jpg 18w\" sizes=\"auto, (max-width: 768px) 100vw, 768px\" title=\"\"><\/a><\/div><a class=\"wp-block-latest-posts__post-title\" href=\"https:\/\/portalpopmais.com.br\/en\/juliano-floss-e-flagrado-em-momento-intimo-com-affair\/\">Juliano Floss \u00e9 flagrado em momento \u00edntimo com affair<\/a><\/li>\n<\/ul>\n\n\n<p class=\"wp-block-paragraph\">Deolane Bezerra foi informada da crise de Tiago e que o modelo desejava ir embora, mas a doutora fez pouco caso. \u201cVai, eu n\u00e3o posso fazer nada, meus filhos est\u00e3o em casa\u201d, avisou a vi\u00fava de MC Kevin.<\/p>\n\n\n\n<p class=\"wp-block-paragraph\">O confinado chegou a ter um pequeno desentendimento com a loira, que o repreendeu ap\u00f3s ser chamada de \u201cgata\u201d e \u201cgostosa\u201d. \u201cParou com essas brincadeiras, Tiago\u201d, decretou a peoa. Tiago seguiu na ideia de sair do reality e chegou a insinuar que usa drogas pesadas, levando a crer que tudo isso seria uma crise de abstin\u00eancia.<\/p>\n\n\n\n<p class=\"wp-block-paragraph\">A equipe de A Fazenda 14 atendeu ao pedido do modelo que desceu para o celeiro a fim de bater o sino. Os principais sinais do PlayPlus ficaram focados no quarto, mas a c\u00e2mera da Baia captou em \u00e1udio os gritos do ex da m\u00e3e de Neymar, que minutos antes amea\u00e7ou quebrar os espelhos da casa.<\/p>\n\n\n\n<p class=\"wp-block-paragraph\">Ao mesmo tempo, Deolane e Lucas Santos aproveitaram que a porta estava aberta para fumar. A c\u00e2mera da \u00e1rea externa mostrou o ator e Deborah Albuquerque olhando em dire\u00e7\u00e3o ao celeiro. \u201cSer\u00e1 que ele [Tiago] pediu para sair mesmo?\u201d, indagou o ex-Carrossel para a advogada que sa\u00eda da \u00e1rea de fumantes. \u201cSei l\u00e1\u201d, ela respondeu.<\/p>\n\n\n\n<p class=\"wp-block-paragraph\">Em seguida, o influenciador digital foi filmado subindo as escadas de volta para sede enquanto a ruiva comentava: \u201cIsso Tiago, n\u00e3o deixa eles acabarem com o seu sonho, \u00e9 muita ruindade para uma pessoa s\u00f3\u201d. Entretanto, as c\u00e2meras n\u00e3o o captaram entrando na casa. Ali\u00e1s, metade das c\u00e2meras foram desligadas e a outra parte, que corresponde aos sinais principais, est\u00e3o focadas no quarto, onde se v\u00ea que a cama de Tiago permanece vazia.<\/p>\n\n\n\n<p class=\"wp-block-paragraph\">Tiago voltando depois de ter pulado o cercado:<\/p>\n\n\n\n<figure class=\"wp-block-embed is-type-rich is-provider-twitter wp-block-embed-twitter\"><div class=\"wp-block-embed__wrapper\">\nhttps:\/\/twitter.com\/Eu_simplesment\/status\/1576078136265302016?t=2shKLWkxW398_IEIOQXxDQ&#038;s=19\n<\/div><\/figure>\n\n\n\n<figure class=\"wp-block-embed is-type-rich is-provider-twitter wp-block-embed-twitter\"><div class=\"wp-block-embed__wrapper\">\n<blockquote class=\"twitter-tweet\" data-width=\"550\" data-dnt=\"true\"><p lang=\"pt\" dir=\"ltr\">O Tiago gritando d\u00e1 pra ouvir da c\u00e2mera da baia&#8230; o Colorado at\u00e9 se assustou  <a href=\"https:\/\/twitter.com\/hashtag\/AFazenda?src=hash&amp;ref_src=twsrc%5Etfw\" target=\"_blank\" rel=\"noopener\">#AFazenda<\/a> <a href=\"https:\/\/t.co\/IQBA1QwClW\">https:\/\/t.co\/IQBA1QwClW<\/a><\/p>&mdash; Central Reality (@centralreality) <a href=\"https:\/\/twitter.com\/centralreality\/status\/1576102393799794688?ref_src=twsrc%5Etfw\" target=\"_blank\" rel=\"noopener\">October 1, 2022<\/a><\/blockquote><script async src=\"https:\/\/platform.twitter.com\/widgets.js\" charset=\"utf-8\"><\/script>\n<\/div><\/figure>\n\n\n\n<figure class=\"wp-block-embed is-type-rich is-provider-twitter wp-block-embed-twitter\"><div class=\"wp-block-embed__wrapper\">\n<blockquote class=\"twitter-tweet\" data-width=\"550\" data-dnt=\"true\"><p lang=\"pt\" dir=\"ltr\">Quem t\u00e1 assistindo? \ud83d\udc40 <a href=\"https:\/\/twitter.com\/hashtag\/AFazenda?src=hash&amp;ref_src=twsrc%5Etfw\" target=\"_blank\" rel=\"noopener\">#AFazenda<\/a><br><br>\ud83d\udc49 Assine o <a href=\"https:\/\/twitter.com\/SigaPlayPlus?ref_src=twsrc%5Etfw\" target=\"_blank\" rel=\"noopener\">@SigaPlayPlus<\/a> e tenha acesso \u00e0 transmiss\u00e3o 24 horas com 9 sinais exclusivos: <a href=\"https:\/\/t.co\/UpWImxSIbX\">https:\/\/t.co\/UpWImxSIbX<\/a> <a href=\"https:\/\/t.co\/z8W6Z504UB\">pic.twitter.com\/z8W6Z504UB<\/a><\/p>&mdash; RecordPlus (@_recordplus) <a href=\"https:\/\/twitter.com\/_recordplus\/status\/1576104615992516610?ref_src=twsrc%5Etfw\" target=\"_blank\" rel=\"noopener\">October 1, 2022<\/a><\/blockquote><script async src=\"https:\/\/platform.twitter.com\/widgets.js\" charset=\"utf-8\"><\/script>\n<\/div><\/figure>\n","protected":false},"excerpt":{"rendered":"<p>Tiago Ramos barbarizou em mais uma festa em A Fazenda 14! Ap\u00f3s beber tudo o que podia, o pe\u00e3o protagonizou mais uma crise e disse que deixaria o reality rural. Decidido, o ex da m\u00e3e de Neymar pulou o cercado, na tentativa de sair do confinamento e chegou a machucar a perna. A produ\u00e7\u00e3o do [&hellip;]<\/p>\n","protected":false},"author":2,"featured_media":141568,"comment_status":"closed","ping_status":"open","sticky":false,"template":"","format":"standard","meta":{"footnotes":""},"categories":[8605],"tags":[9241,2242],"class_list":["post-141563","post","type-post","status-publish","format-standard","has-post-thumbnail","hentry","category-realities","tag-a-fazenda-14","tag-tiago-ramos"],"_links":{"self":[{"href":"https:\/\/portalpopmais.com.br\/en\/wp-json\/wp\/v2\/posts\/141563","targetHints":{"allow":["GET"]}}],"collection":[{"href":"https:\/\/portalpopmais.com.br\/en\/wp-json\/wp\/v2\/posts"}],"about":[{"href":"https:\/\/portalpopmais.com.br\/en\/wp-json\/wp\/v2\/types\/post"}],"author":[{"embeddable":true,"href":"https:\/\/portalpopmais.com.br\/en\/wp-json\/wp\/v2\/users\/2"}],"replies":[{"embeddable":true,"href":"https:\/\/portalpopmais.com.br\/en\/wp-json\/wp\/v2\/comments?post=141563"}],"version-history":[{"count":0,"href":"https:\/\/portalpopmais.com.br\/en\/wp-json\/wp\/v2\/posts\/141563\/revisions"}],"wp:featuredmedia":[{"embeddable":true,"href":"https:\/\/portalpopmais.com.br\/en\/wp-json\/wp\/v2\/media\/141568"}],"wp:attachment":[{"href":"https:\/\/portalpopmais.com.br\/en\/wp-json\/wp\/v2\/media?parent=141563"}],"wp:term":[{"taxonomy":"category","embeddable":true,"href":"https:\/\/portalpopmais.com.br\/en\/wp-json\/wp\/v2\/categories?post=141563"},{"taxonomy":"post_tag","embeddable":true,"href":"https:\/\/portalpopmais.com.br\/en\/wp-json\/wp\/v2\/tags?post=141563"}],"curies":[{"name":"wp","href":"https:\/\/api.w.org\/{rel}","templated":true}]}}