{"id":141728,"date":"2022-10-02T14:37:25","date_gmt":"2022-10-02T17:37:25","guid":{"rendered":"https:\/\/portalpopmais.com.br\/?p=141728"},"modified":"2022-10-02T14:37:30","modified_gmt":"2022-10-02T17:37:30","slug":"bolsonarista-atira-eleitores-salvador","status":"publish","type":"post","link":"https:\/\/portalpopmais.com.br\/en\/bolsonarista-atira-eleitores-salvador\/","title":{"rendered":"Homem vestindo verde e amerelo atira contra eleitores em Salvador; testemunhas dizem que atirador \u00e9 bolsonarista"},"content":{"rendered":"<p>Um caso de terrorismo foi registrado em <a href=\"https:\/\/portalpopmais.com.br\/en\/globo-malvino-declara-voto-bolsonaro\/\" data-type=\"post\" data-id=\"136813\">Salvador<\/a>, na manh\u00e3 deste domingo (2). Um homem que usava camisa com as cores verde e amarela atirou contra um grupo de pessoas que defendiam outro partido, no momento em que elas chegavam para votar em uma sess\u00e3o eleitoral no bairro de S\u00e3o Caetano. As informa\u00e7\u00f5es s\u00e3o do <a href=\"https:\/\/www.correio24horas.com.br\/noticia\/nid\/tiros-em-frente-a-secao-eleitoral-de-sao-caetano-deixam-mulher-ferida\/\" target=\"_blank\" rel=\"noreferrer noopener\">Correio 24 Horas<\/a>.<\/p>\n\n\n\n<p><em>&#8220;Eram dois homens que vestiam verde e amarelo, mas apenas um atirou contra as pessoas que defendiam outro ideal pol\u00edtico&#8221;, <\/em>declarou Anilton Alc\u00e2ntara, coordenador da 15\u00aa Zona Eleitoral, sem definir os partidos.<\/p>\n\n\n\n<p>De acordo com o mes\u00e1rio, uma senhora de 85 anos ficou ferida. <em>&#8220;Ela usava bengala. Na hora da correria, acabou caindo e partiu a boca. Acolhemos ela e os parentes vieram e a levaram para uma unidade m\u00e9dica&#8221;,<\/em> disse.<\/p>\n\n\n\n<p>Outras duas pessoas tamb\u00e9m passaram mal. <em>&#8220;Eram tamb\u00e9m duas senhoras. Elas tinham problema de press\u00e3o. Os parentes vieram busc\u00e1-las. Mas na hora foi um p\u00e2nico total porque as pessoas correram para se proteger dentro do col\u00e9gio&#8221;<\/em>, disse Alc\u00e2ntara.<\/p>\n\n\n\n<p>O fato foi registrado na 4\u00aa Delegacia (S\u00e3o Caetano). A ocorr\u00eancia diz que policiais foram acionados para a situa\u00e7\u00e3o de disparo de arma de fogo dentro do col\u00e9gio. Foi constatado que houve &#8220;uma briga eleitoral generalizada&#8221; e que uma senhora &#8220;para n\u00e3o ser atingida&#8221; acabou caindo e ficando ferida. Ningu\u00e9m foi preso at\u00e9 o fechamento desta mat\u00e9ria.<\/p>","protected":false},"excerpt":{"rendered":"<p>Um caso de terrorismo foi registrado em Salvador, na manh\u00e3 deste domingo (2). Um homem que usava camisa com as cores verde e amarela atirou contra um grupo de pessoas que defendiam outro partido, no momento em que elas chegavam para votar em uma sess\u00e3o eleitoral no bairro de S\u00e3o Caetano. As informa\u00e7\u00f5es s\u00e3o do [&hellip;]<\/p>\n","protected":false},"author":2,"featured_media":141730,"comment_status":"closed","ping_status":"open","sticky":false,"template":"","format":"standard","meta":{"footnotes":""},"categories":[2165],"tags":[577],"class_list":["post-141728","post","type-post","status-publish","format-standard","has-post-thumbnail","hentry","category-noticias","tag-jair-bolsonaro"],"_links":{"self":[{"href":"https:\/\/portalpopmais.com.br\/en\/wp-json\/wp\/v2\/posts\/141728","targetHints":{"allow":["GET"]}}],"collection":[{"href":"https:\/\/portalpopmais.com.br\/en\/wp-json\/wp\/v2\/posts"}],"about":[{"href":"https:\/\/portalpopmais.com.br\/en\/wp-json\/wp\/v2\/types\/post"}],"author":[{"embeddable":true,"href":"https:\/\/portalpopmais.com.br\/en\/wp-json\/wp\/v2\/users\/2"}],"replies":[{"embeddable":true,"href":"https:\/\/portalpopmais.com.br\/en\/wp-json\/wp\/v2\/comments?post=141728"}],"version-history":[{"count":0,"href":"https:\/\/portalpopmais.com.br\/en\/wp-json\/wp\/v2\/posts\/141728\/revisions"}],"wp:featuredmedia":[{"embeddable":true,"href":"https:\/\/portalpopmais.com.br\/en\/wp-json\/wp\/v2\/media\/141730"}],"wp:attachment":[{"href":"https:\/\/portalpopmais.com.br\/en\/wp-json\/wp\/v2\/media?parent=141728"}],"wp:term":[{"taxonomy":"category","embeddable":true,"href":"https:\/\/portalpopmais.com.br\/en\/wp-json\/wp\/v2\/categories?post=141728"},{"taxonomy":"post_tag","embeddable":true,"href":"https:\/\/portalpopmais.com.br\/en\/wp-json\/wp\/v2\/tags?post=141728"}],"curies":[{"name":"wp","href":"https:\/\/api.w.org\/{rel}","templated":true}]}}