{"id":141736,"date":"2022-10-02T14:51:12","date_gmt":"2022-10-02T17:51:12","guid":{"rendered":"https:\/\/portalpopmais.com.br\/?p=141736"},"modified":"2022-10-02T14:51:16","modified_gmt":"2022-10-02T17:51:16","slug":"marido-candidata-raquel-lyra-morre-dia-eleicao","status":"publish","type":"post","link":"https:\/\/portalpopmais.com.br\/en\/marido-candidata-raquel-lyra-morre-dia-eleicao\/","title":{"rendered":"Marido de candidata ao governo de Pernambuco morre no dia da elei\u00e7\u00e3o"},"content":{"rendered":"<p>O empres\u00e1rio Fernando Lucena, marido da candidata ao governo de Pernambuco, <strong><a href=\"http:\/\/portalpopmais.com.br\/en\/\">Raquel Lyra<\/a><\/strong>, morreu na manh\u00e3 deste domingo (2). Ele foi v\u00edtima de um infarto fulminante.<\/p>\n\n\n\n<p>De acordo com informa\u00e7\u00f5es preliminares, Fernando Lucena, que tinha apenas 44 anos, teria passado mal nas primeiras horas do dia, chegou a ser socorrido pelo SAMU, mas acabou n\u00e3o resistindo. O falecimento foi confirmado pela equipe de campanha de Raquel. <\/p>\n\n\n\n<p>Em sua conta pessoal no Twitter, Daniel Coelho lamentou a morte de Fernando Lucena. &#8220;Fernando meu irm\u00e3o, \u00e9 por voc\u00ea. Deus est\u00e1 te recebendo de bra\u00e7os abertos! O melhor pai, o marido de todas as horas, o amigo do cora\u00e7\u00e3o. Como queria mais um abra\u00e7o seu! For\u00e7a Raquel&#8221;, escreveu.<\/p>\n\n\n\n<figure class=\"wp-block-embed is-type-rich is-provider-twitter wp-block-embed-twitter\"><div class=\"wp-block-embed__wrapper\">\nhttps:\/\/twitter.com\/DanielCoelho23\/status\/1576544181115183106\n<\/div><\/figure>","protected":false},"excerpt":{"rendered":"<p>O empres\u00e1rio Fernando Lucena, marido da candidata ao governo de Pernambuco, Raquel Lyra, morreu na manh\u00e3 deste domingo (2). Ele foi v\u00edtima de um infarto fulminante. De acordo com informa\u00e7\u00f5es preliminares, Fernando Lucena, que tinha apenas 44 anos, teria passado mal nas primeiras horas do dia, chegou a ser socorrido pelo SAMU, mas acabou n\u00e3o [&hellip;]<\/p>\n","protected":false},"author":2,"featured_media":141739,"comment_status":"closed","ping_status":"open","sticky":false,"template":"","format":"standard","meta":{"footnotes":""},"categories":[2165],"tags":[12447],"class_list":["post-141736","post","type-post","status-publish","format-standard","has-post-thumbnail","hentry","category-noticias","tag-raquel-lyra"],"_links":{"self":[{"href":"https:\/\/portalpopmais.com.br\/en\/wp-json\/wp\/v2\/posts\/141736","targetHints":{"allow":["GET"]}}],"collection":[{"href":"https:\/\/portalpopmais.com.br\/en\/wp-json\/wp\/v2\/posts"}],"about":[{"href":"https:\/\/portalpopmais.com.br\/en\/wp-json\/wp\/v2\/types\/post"}],"author":[{"embeddable":true,"href":"https:\/\/portalpopmais.com.br\/en\/wp-json\/wp\/v2\/users\/2"}],"replies":[{"embeddable":true,"href":"https:\/\/portalpopmais.com.br\/en\/wp-json\/wp\/v2\/comments?post=141736"}],"version-history":[{"count":0,"href":"https:\/\/portalpopmais.com.br\/en\/wp-json\/wp\/v2\/posts\/141736\/revisions"}],"wp:featuredmedia":[{"embeddable":true,"href":"https:\/\/portalpopmais.com.br\/en\/wp-json\/wp\/v2\/media\/141739"}],"wp:attachment":[{"href":"https:\/\/portalpopmais.com.br\/en\/wp-json\/wp\/v2\/media?parent=141736"}],"wp:term":[{"taxonomy":"category","embeddable":true,"href":"https:\/\/portalpopmais.com.br\/en\/wp-json\/wp\/v2\/categories?post=141736"},{"taxonomy":"post_tag","embeddable":true,"href":"https:\/\/portalpopmais.com.br\/en\/wp-json\/wp\/v2\/tags?post=141736"}],"curies":[{"name":"wp","href":"https:\/\/api.w.org\/{rel}","templated":true}]}}