{"id":142354,"date":"2022-10-05T16:27:45","date_gmt":"2022-10-05T19:27:45","guid":{"rendered":"https:\/\/portalpopmais.com.br\/?p=142354"},"modified":"2022-10-05T16:28:52","modified_gmt":"2022-10-05T19:28:52","slug":"simone-tebet-segundo-turno-das-eleicoes","status":"publish","type":"post","link":"https:\/\/portalpopmais.com.br\/en\/simone-tebet-segundo-turno-das-eleicoes\/","title":{"rendered":"Simone Tebet anuncia apoio no segundo turno das elei\u00e7\u00f5es: &#8220;Compromisso com a democraria&#8221;"},"content":{"rendered":"<p><a href=\"https:\/\/portalpopmais.com.br\/en\/soraya-chamada-bolsonaro-durante-debate-globo\/\" data-type=\"post\" data-id=\"141318\">Simone Tebet<\/a>, ex-candidata \u00e0 presid\u00eancia pelo MDB, anunciou que apoiar\u00e1 <a href=\"https:\/\/portalpopmais.com.br\/en\/carlinhos-maia-rasga-elogios-lula\/\" data-type=\"post\" data-id=\"141122\">Lula<\/a> (PT) nas elei\u00e7\u00f5es do segundo turno, que acontecer\u00e3o no pr\u00f3ximo dia 30 de outubro.<\/p>\n\n\n\n<p>Em uma coletiva de imprensa, a sul-matogrossense diacussou sobre os motivos que a leveram a tomar esta decis\u00e3o em favor do candidato de esquerda.<\/p>\n\n\n\n<p>\u201cN\u00e3o estou autorizada a abandonar as ruas e as pra\u00e7as. Critiquei os dois candidatos, continuo a reiterar as duas cr\u00edticas, mas pe\u00e7o desculpas aos companheiros que imploraram pela neutralidade, para dizer que o que est\u00e1 em jogo \u00e9 muito maior do que todos n\u00f3s\u201d, disse Tebet.<\/p>\n\n\n\n<p>\u201cN\u00e3o anularei meu voto, n\u00e3o votarei em branco, n\u00e3o abra\u00e7arei a omiss\u00e3o da neutralidade. H\u00e1 um Brasil pra ser reconstru\u00eddo. Nos \u00faltimos quatro anos, o Brasil foi abandonado. A nega\u00e7\u00e3o atrasou as vacinas. A arma ocupou o lugar dos livros&#8221;, prosseguiu a Senadora.<\/p>\n\n\n\n<p>Embora tenha diverg\u00eancias pol\u00edticas com Lula, Simone admitiu que consegue observarar um di\u00e1logo democrata com o candidato.<\/p>\n\n\n\n<p>&#8220;Ainda que mantenha as cr\u00edticas que fiz ao candidato Lu\u00eds In\u00e1cio Lula da Silva, depositarei nele o meu voto, porque reconhe\u00e7o no candidato Lula seu compromisso com a democracia e a constitui\u00e7\u00e3o; o que desconhe\u00e7o no atual presidente!\u201d, pontuou.<\/p>","protected":false},"excerpt":{"rendered":"<p>Simone Tebet, ex-candidata \u00e0 presid\u00eancia pelo MDB, anunciou que apoiar\u00e1 Lula (PT) nas elei\u00e7\u00f5es do segundo turno, que acontecer\u00e3o no pr\u00f3ximo dia 30 de outubro. Em uma coletiva de imprensa, a sul-matogrossense diacussou sobre os motivos que a leveram a tomar esta decis\u00e3o em favor do candidato de esquerda. \u201cN\u00e3o estou autorizada a abandonar as [&hellip;]<\/p>\n","protected":false},"author":3,"featured_media":142355,"comment_status":"closed","ping_status":"open","sticky":false,"template":"","format":"standard","meta":{"footnotes":""},"categories":[2165],"tags":[],"class_list":["post-142354","post","type-post","status-publish","format-standard","has-post-thumbnail","hentry","category-noticias"],"_links":{"self":[{"href":"https:\/\/portalpopmais.com.br\/en\/wp-json\/wp\/v2\/posts\/142354","targetHints":{"allow":["GET"]}}],"collection":[{"href":"https:\/\/portalpopmais.com.br\/en\/wp-json\/wp\/v2\/posts"}],"about":[{"href":"https:\/\/portalpopmais.com.br\/en\/wp-json\/wp\/v2\/types\/post"}],"author":[{"embeddable":true,"href":"https:\/\/portalpopmais.com.br\/en\/wp-json\/wp\/v2\/users\/3"}],"replies":[{"embeddable":true,"href":"https:\/\/portalpopmais.com.br\/en\/wp-json\/wp\/v2\/comments?post=142354"}],"version-history":[{"count":0,"href":"https:\/\/portalpopmais.com.br\/en\/wp-json\/wp\/v2\/posts\/142354\/revisions"}],"wp:featuredmedia":[{"embeddable":true,"href":"https:\/\/portalpopmais.com.br\/en\/wp-json\/wp\/v2\/media\/142355"}],"wp:attachment":[{"href":"https:\/\/portalpopmais.com.br\/en\/wp-json\/wp\/v2\/media?parent=142354"}],"wp:term":[{"taxonomy":"category","embeddable":true,"href":"https:\/\/portalpopmais.com.br\/en\/wp-json\/wp\/v2\/categories?post=142354"},{"taxonomy":"post_tag","embeddable":true,"href":"https:\/\/portalpopmais.com.br\/en\/wp-json\/wp\/v2\/tags?post=142354"}],"curies":[{"name":"wp","href":"https:\/\/api.w.org\/{rel}","templated":true}]}}