{"id":142515,"date":"2022-10-07T00:00:00","date_gmt":"2022-10-07T03:00:00","guid":{"rendered":"https:\/\/portalpopmais.com.br\/?p=142515"},"modified":"2022-10-13T14:49:23","modified_gmt":"2022-10-13T17:49:23","slug":"lancamentos-musicais-07-de-outubro-de-2022","status":"publish","type":"post","link":"https:\/\/portalpopmais.com.br\/en\/lancamentos-musicais-07-de-outubro-de-2022\/","title":{"rendered":"Lan\u00e7amentos da semana: M\u00e5neskin, Charlie Puth, ALOK, Marc Yann, Shawn Mendes, Spartakus e mais!"},"content":{"rendered":"\n<p>Os primeiros lan\u00e7amentos do m\u00eas de outubro chegam nesta sexta-feira (7), com uma coluna fresquinha de novidade para adicionar na sua playlist!&nbsp;E hoje traz, como destaque a banda <strong><a href=\"https:\/\/portalpopmais.com.br\/vocalista-maneskin-bumbum-vma\/\" data-type=\"post\" data-id=\"134560\">M\u00e5neskin<\/a><\/strong> com toda melancolia no single \u201c<strong>THE LONELIEST\u201c<\/strong>. <\/p>\n\n\n\n<p>Tem ainda o novo \u00e1lbum de <strong>Charlie Puth<\/strong>, <strong>ALOK<\/strong> ao lado de <strong>Ellie Goulding<\/strong> e ao <strong>DJ Sigala<\/strong> em<strong> &#8220;All By Myself\u201d<\/strong>, al\u00e9m de <strong>Marc Yann<\/strong>, <strong>Shawn Mendes<\/strong>, <strong>Spartakus<\/strong>. Acompanhe os principais lan\u00e7amentos no list\u00e3o abaixo.<\/p>\n\n\n\n<h2 class=\"wp-block-heading\">M\u00e5neskin<\/h2>\n\n\n\n<p>o <strong>M\u00e5neskin<\/strong> chega com o single <strong>\u201cTHE LONELIEST\u201c, <\/strong>que traz uma sonoridade melanc\u00f3lica, trazendo o vocalista Damiano David aparece cantando embaixo de chuva, em um traje todo preto e chorando.&nbsp;<\/p>\n\n\n\n<figure class=\"wp-block-embed is-type-video is-provider-youtube wp-block-embed-youtube wp-embed-aspect-16-9 wp-has-aspect-ratio\"><div class=\"wp-block-embed__wrapper\">\n<iframe loading=\"lazy\" title=\"M\u00e5neskin - THE LONELIEST (Official Audio with lyrics)\" width=\"880\" height=\"495\" src=\"https:\/\/www.youtube.com\/embed\/fC1uROpxNrQ?feature=oembed\" frameborder=\"0\" allow=\"accelerometer; autoplay; clipboard-write; encrypted-media; gyroscope; picture-in-picture; web-share\" referrerpolicy=\"strict-origin-when-cross-origin\" allowfullscreen><\/iframe>\n<\/div><\/figure>\n\n\n\n<h2 class=\"wp-block-heading\">Marc Yann<\/h2>\n\n\n\n<p>Ap\u00f3s a bem-sucedida era \u201cSem L\u00e1grimas\u201d que acumula mais de meio milh\u00e3o de plays nas plataformas de streaming e que incluiu 10 clipes, \u00e1lbum de 25 faixas todas escritas e produzidas pelo pr\u00f3prio artista, performances em festivais online e que colocou o cantor independente <strong>Marc Yann<\/strong> no radar do cen\u00e1rio pop nacional, o jovem do interior do Paran\u00e1 que canta sobre sexo, liberdade, ilus\u00f5es e amores falidos, retorna com um novo \u00e1lbum. <strong>\u201cPLAT\u00d4NICO\u201d<\/strong>, como \u00e9 intitulado, apresenta 14 faixas, incluindo os singles de sucesso lan\u00e7ados esse ano VOC\u00ca QUER? e AGOSTO, e como sempre, todas escritas e produzidas pelo pr\u00f3prio artista multifacetado. O projeto come\u00e7ou a ser pensado em agosto de 2020 durante a pandemia e foi finalizado no in\u00edcio deste ano, com inspira\u00e7\u00f5es em Taylor Swift, Ariana Grande, J\u00e3o, Gloria Groove e Billie Eilish e em experi\u00eancias reais traumatizadas de Marc.<\/p>\n\n\n\n<figure class=\"wp-block-embed is-type-rich is-provider-spotify wp-block-embed-spotify wp-embed-aspect-21-9 wp-has-aspect-ratio\"><div class=\"wp-block-embed__wrapper\">\n<iframe title=\"Spotify Embed: PLAT\u00d4NICO\" style=\"border-radius: 12px\" width=\"100%\" height=\"352\" frameborder=\"0\" allowfullscreen allow=\"autoplay; clipboard-write; encrypted-media; fullscreen; picture-in-picture\" loading=\"lazy\" src=\"https:\/\/open.spotify.com\/embed\/album\/3iZVI9SANNghj1iFpTuAVD?utm_source=oembed\"><\/iframe>\n<\/div><\/figure>\n\n\n\n<h2 class=\"wp-block-heading\">Sueth<\/h2>\n\n\n\n<p>N\u00e3o \u00e9 de hoje que os f\u00e3s pedem pelo segundo \u00e1lbum de <strong>Sueth<\/strong>. Nesta ter\u00e7a-feira (04), o artista da <strong>UCL\u00c3 <\/strong>lan\u00e7a <strong>&#8220;Pelos Acessos&#8221; &#8211; <\/strong>primeira faixa do disco que j\u00e1 est\u00e1 confirmado ainda para este ano, o SUETHSEASON. Com mais de 1,3 milh\u00f5es de ouvintes mensais, Sueth \u00e9 conhecido por hits como &#8220;Safadinha&#8221;, &#8220;Personnalite&#8221; e &#8220;Royal Salute&#8221;. Outra novidade, que marca o SUETHSEASON, \u00e9 que todas as faixas e clipes sair\u00e3o pelo YouTube de Sueth. <em>&#8220;Sempre solto meus trabalhos pelo canal da UCL\u00c3 e esta decis\u00e3o veio como uma estrat\u00e9gia para movimentarmos mais o meu canal&#8221;<\/em>, explica Sueth.<\/p>\n\n\n\n<figure class=\"wp-block-embed is-type-rich is-provider-spotify wp-block-embed-spotify wp-embed-aspect-21-9 wp-has-aspect-ratio\"><div class=\"wp-block-embed__wrapper\">\n<iframe title=\"Spotify Embed: Pelos Acessos\" style=\"border-radius: 12px\" width=\"100%\" height=\"352\" frameborder=\"0\" allowfullscreen allow=\"autoplay; clipboard-write; encrypted-media; fullscreen; picture-in-picture\" loading=\"lazy\" src=\"https:\/\/open.spotify.com\/embed\/album\/5Lb8r5i2uJfiS0KhamAO5S?utm_source=oembed\"><\/iframe>\n<\/div><\/figure>\n\n\n\n<h2 class=\"wp-block-heading\">Spartakus (SPARTTA)<\/h2>\n\n\n\n<p>Para celebrar 5 anos de carreira, youtuber <strong>Spartakus<\/strong>, que agora se chama <strong>SPARTTA<\/strong>, lan\u00e7a \u201c<strong>MISSION\u201d<\/strong> &#8211; m\u00fasica reflete sobre a import\u00e2ncia da persist\u00eancia nas lutas sociais e ter\u00e1 vers\u00f5es em ingl\u00eas e em portugu\u00eas Racismo, LGBTfobia, sa\u00fade mental e cultura pop s\u00e3o apenas alguns dos temas em que o baiano Spartakus Santiago construiu sua comunica\u00e7\u00e3o digital, extremamente necess\u00e1ria para os dias de hoje \u201cMISSION\u201d, \u00e9 uma m\u00fasica que busca inspirar outras pessoas da sua comunidade a n\u00e3o desistirem dos seus sonhos e manterem o foco na miss\u00e3o apesar dos obst\u00e1culos.<em> \u201cEu comecei essa m\u00fasica como uma brincadeira, como uma forma de expressar o que eu estava sentindo ap\u00f3s receber ataques de \u00f3dio na internet. Mas minha psic\u00f3loga me disse que esse projeto estava ajudando na minha sa\u00fade mental e eu deveria seguir em frente com ele&#8221;, revela o baiano.&nbsp;<\/em><\/p>\n\n\n\n<p><\/p>\n\n\n\n<h2 class=\"wp-block-heading\">Alok feat Ellie Goulding e DJ Sigala&nbsp;<\/h2>\n\n\n\n<p><strong>Alok <\/strong>junta-se a<strong> Ellie Goulding <\/strong>e ao <strong>DJ Sigala<\/strong> em<strong> &#8220;All By Myself<\/strong>\u201d, acompanhada de lyric v\u00eddeo no canal oficial do YouTube de Ellie. A parceria anglo-brasileira \u00e9 aquilo que poder\u00edamos chamar, coloquialmente, de um encontro de milh\u00f5es, ou melhor bilh\u00f5es, j\u00e1 que Alok supera a marca dos cinco bi de streams no Spotify. &#8220;All By Myself&#8221; mistura a influ\u00eancia eletr\u00f4nica de Alok e Sigala com a linhagem do pop brit\u00e2nico no qual Ellie faz parte. O resultado \u00e9 uma faixa dan\u00e7ante que traz uma surpresa: um sample &#8211; trecho &#8211; do atemporal &#8220;Enjoy the Silence&#8221;, do Depeche Mode. A prop\u00f3sito, a banda inglesa deu sinal verde para Alok e Sigala usarem o fragmento da m\u00fasica permeado aos vocais de Ellie Goulding.<\/p>\n\n\n\n<figure class=\"wp-block-embed is-type-rich is-provider-spotify wp-block-embed-spotify wp-embed-aspect-21-9 wp-has-aspect-ratio\"><div class=\"wp-block-embed__wrapper\">\n<iframe title=\"Spotify Embed: All By Myself\" style=\"border-radius: 12px\" width=\"100%\" height=\"352\" frameborder=\"0\" allowfullscreen allow=\"autoplay; clipboard-write; encrypted-media; fullscreen; picture-in-picture\" loading=\"lazy\" src=\"https:\/\/open.spotify.com\/embed\/album\/3lAmnw0gNntYuTltwETnSn?utm_source=oembed\"><\/iframe>\n<\/div><\/figure>\n\n\n\n<h2 class=\"wp-block-heading\">Gusttavo Lima<\/h2>\n\n\n\n<p>Depois de surpreender o p\u00fablico com tr\u00eas singles lan\u00e7ados em 2022,\u201cTermina Comigo Antes\u201d, \u201cN\u00e3o Pega Ningu\u00e9m Ainda\u201d e \u201cFala Mal de Mim\u201d, que est\u00e3o fazendo sucesso absoluto, o cantor <strong>Gusttavo Lima<\/strong> abre o m\u00eas de outubro apresentando uma grande novidade aos f\u00e3s. Desta vez, o Embaixador disponibiliza na \u00edntegra seu mais novo projeto, o EP<strong> \u201cButeco Goi\u00e2nia\u201d<\/strong>.<\/p>\n\n\n\n<figure class=\"wp-block-embed is-type-rich is-provider-spotify wp-block-embed-spotify wp-embed-aspect-21-9 wp-has-aspect-ratio\"><div class=\"wp-block-embed__wrapper\">\n<iframe title=\"Spotify Embed: Buteco Goi\u00e2nia (Ao Vivo)\" style=\"border-radius: 12px\" width=\"100%\" height=\"352\" frameborder=\"0\" allowfullscreen allow=\"autoplay; clipboard-write; encrypted-media; fullscreen; picture-in-picture\" loading=\"lazy\" src=\"https:\/\/open.spotify.com\/embed\/album\/00jkZlcpl1OU9kZbgLqBMT?utm_source=oembed\"><\/iframe>\n<\/div><\/figure>\n\n\n\n<h2 class=\"wp-block-heading\">Indica\u00e7\u00e3o Groover &#8211; Oliver Metayer &#8211; &#8220;Selfish&#8221;<\/h2>\n\n\n\n<p>&#8220;Selfish&#8221;, nova m\u00fasica de trabalho de Oliver Metayer, fala sobre um homem que quer se torna rpai mesmo sabendo que pode n\u00e3o ser uma boa ideia porque seus filhos teriam que lidar com um mundo perigoso com muitos problemas herdados das gera\u00e7\u00f5es anteriores. A m\u00fasica \u00e9 realmente tocante, e traz a tona sentimentos mistos de felicidade e tristeza. Uma boa lista de m\u00fasicas para f\u00e3s de m\u00fasicas pop.<\/p>\n\n\n\n<figure class=\"wp-block-embed is-type-video is-provider-youtube wp-block-embed-youtube wp-embed-aspect-4-3 wp-has-aspect-ratio\"><div class=\"wp-block-embed__wrapper\">\n<iframe loading=\"lazy\" title=\"Selfish\" width=\"880\" height=\"660\" src=\"https:\/\/www.youtube.com\/embed\/5AaMW75pKPc?feature=oembed\" frameborder=\"0\" allow=\"accelerometer; autoplay; clipboard-write; encrypted-media; gyroscope; picture-in-picture; web-share\" referrerpolicy=\"strict-origin-when-cross-origin\" allowfullscreen><\/iframe>\n<\/div><\/figure>\n\n\n\n<h2 class=\"wp-block-heading\">Vitor Kley<\/h2>\n\n\n\n<p><strong>Vitor Kley<\/strong> acaba de voltar de uma turn\u00ea por Portugal, onde milhares de pessoas cantaram juntas seus sucessos, e agora segue para levantar plateias nos Estados Unidos! Como celebra\u00e7\u00e3o dessa fase, o artista surge com novidade, o lan\u00e7amento <strong>\u201cAinda Vou Morrer Por N\u00e3o Falar\u201d.<\/strong> O artista interpreta sua composi\u00e7\u00e3o de maneira vulner\u00e1vel e afetiva. A produ\u00e7\u00e3o, que \u00e9 sofisticadamente leve, introduz suavemente elementos ao decorrer da faixa e chega ao cl\u00edmax no \u00faltimo refr\u00e3o com o encontro de guitarra, viol\u00e3o, piano e cordas. A percuss\u00e3o contribui para a atmosfera litor\u00e2nea e desacelerada da m\u00fasica, ao mesmo tempo que cria uma faixa pop perfeita para ser desfrutada em v\u00e1rios momentos.<\/p>\n\n\n\n<figure class=\"wp-block-embed is-type-video is-provider-youtube wp-block-embed-youtube wp-embed-aspect-16-9 wp-has-aspect-ratio\"><div class=\"wp-block-embed__wrapper\">\n<iframe loading=\"lazy\" title=\"@vitorkley - Ainda Vou Morrer Por N\u00e3o Falar (Lyric Video)\" width=\"880\" height=\"495\" src=\"https:\/\/www.youtube.com\/embed\/8xvZtgmWQLE?feature=oembed\" frameborder=\"0\" allow=\"accelerometer; autoplay; clipboard-write; encrypted-media; gyroscope; picture-in-picture; web-share\" referrerpolicy=\"strict-origin-when-cross-origin\" allowfullscreen><\/iframe>\n<\/div><\/figure>\n\n\n\n<h2 class=\"wp-block-heading\">Shawn Mendes&nbsp;<\/h2>\n\n\n\n<p><strong>Shawn Mendes<\/strong> canta <strong>\u201cCarried Away\u201d<\/strong>. A faixa est\u00e1 presente na trilha sonora do filme \u2018Lilo, Lilo, Crocodilo\u2019, que chega aos cinemas internacionais no dia 7 de outubro e no Brasil no dia 2 de novembro. A m\u00fasica \u00e9 apenas uma das oito faixas em que Shawn aparece na trilha sonora do filme.<\/p>\n\n\n\n<h2 class=\"wp-block-heading\">Charlie Puth<\/h2>\n\n\n\n<p>Ap\u00f3s lan\u00e7ar a in\u00e9dita faixa Charlie Be Quiet!,Charlie Puth chega com seu novo \u00e1lbum de est\u00fadi<strong>o \u201cCHARLIE\u201d<\/strong>. Produzido inteiramente por Puth, o t\u00e3o esperado projeto \u00e9 o seu mais pessoal at\u00e9 a data, com 12 faixas que culminam num som aut\u00eantico, intimista e evocativo.<\/p>\n\n\n\n<figure class=\"wp-block-embed is-type-rich is-provider-spotify wp-block-embed-spotify wp-embed-aspect-21-9 wp-has-aspect-ratio\"><div class=\"wp-block-embed__wrapper\">\n<iframe title=\"Spotify Embed: CHARLIE\" style=\"border-radius: 12px\" width=\"100%\" height=\"352\" frameborder=\"0\" allowfullscreen allow=\"autoplay; clipboard-write; encrypted-media; fullscreen; picture-in-picture\" loading=\"lazy\" src=\"https:\/\/open.spotify.com\/embed\/album\/2LTqBgZUH4EkDcj8hdkNjK?utm_source=oembed\"><\/iframe>\n<\/div><\/figure>\n\n\n\n<h2 class=\"wp-block-heading\">Yasmin Santos<\/h2>\n\n\n\n<p>Um dos nomes de maior destaque do sertanejo na atualidade, <strong>Yasmin Santos<\/strong> segue trabalhando o projeto <strong>\u201cAo Vivo em Goi\u00e2nia\u201d<\/strong>, que acumula mais de 60 milh\u00f5es de execu\u00e7\u00f5es nas plataformas digitais e trouxe o sucesso \u201cCiclo Vicioso\u201d. Nesta sexta (07), ela soma mais tr\u00eas can\u00e7\u00f5es ao DVD e traz o EP<strong> \u201cAc\u00fastico Mod\u00f5es\u201d<\/strong>, com cl\u00e1ssicos do g\u00eanero. O destaque \u00e9 a releitura de <strong>\u201cS\u00f3 D\u00e1 Voc\u00ea na Minha Vida\u201d<\/strong>, m\u00fasica que ficou conhecida nas vozes da dupla Jo\u00e3o Paulo &amp; Daniel.<em>\u201cTem m\u00fasicas que marcam, n\u00e9? Esse \u00e9 o esp\u00edrito de regravar cl\u00e1ssicos para o \u00b4Ac\u00fastico Mod\u00f5es\u00b4, reviver e criar novos bons momentos com sucessos como \u2018S\u00f3 D\u00e1 Voc\u00ea Na Minha Vida\u2019\u201d, conta Yasmin.<\/em><\/p>\n\n\n\n<figure class=\"wp-block-embed is-type-rich is-provider-spotify wp-block-embed-spotify wp-embed-aspect-21-9 wp-has-aspect-ratio\"><div class=\"wp-block-embed__wrapper\">\n<iframe title=\"Spotify Embed: Ac\u00fastico Mod\u00f5es - Ao vivo em Goi\u00e2nia VOL 03\" style=\"border-radius: 12px\" width=\"100%\" height=\"352\" frameborder=\"0\" allowfullscreen allow=\"autoplay; clipboard-write; encrypted-media; fullscreen; picture-in-picture\" loading=\"lazy\" src=\"https:\/\/open.spotify.com\/embed\/album\/4ijFxdsWIvgkhG3JiV9FUN?utm_source=oembed\"><\/iframe>\n<\/div><\/figure>\n\n\n\n<h2 class=\"wp-block-heading\">Cleber &amp; Cauan&nbsp;<\/h2>\n\n\n\n<p>A&nbsp; dupla<strong> Cleber &amp; Cauan <\/strong>chega nesta sexta-feira (7) com o \u00e1lbum completo <strong>\u201cResenha 3\u201d, <\/strong>que une o EP lan\u00e7ado no m\u00eas passado, incluindo o grande sucesso de &#8220;T\u00e1 Namorando&#8221; &#8211; que acumula 10 milh\u00f5es de views somente no YouTube &#8211; mais oito faixas, entre in\u00e9ditas potentes e regrava\u00e7\u00f5es de sucesso. A faixa de trabalho escolhida \u00e9 o single <strong>\u201cCi\u00fame \u2018Ni\u2019 Mim\u201d, <\/strong>com participa\u00e7\u00e3o de<strong> Clayton &amp; Rom\u00e1rio. <\/strong>Composta por Lucas Papada, Thales Lessa, Anajuh e Junior Silva, a faixa chega acompanhada de um v\u00eddeo oficial no YouTube.&nbsp;<\/p>\n\n\n\n<figure class=\"wp-block-embed is-type-rich is-provider-spotify wp-block-embed-spotify wp-embed-aspect-21-9 wp-has-aspect-ratio\"><div class=\"wp-block-embed__wrapper\">\n<iframe title=\"Spotify Embed: Resenha 3 (Ao Vivo)\" style=\"border-radius: 12px\" width=\"100%\" height=\"352\" frameborder=\"0\" allowfullscreen allow=\"autoplay; clipboard-write; encrypted-media; fullscreen; picture-in-picture\" loading=\"lazy\" src=\"https:\/\/open.spotify.com\/embed\/album\/6NATO2Ljai8xB1a9WCta1h?utm_source=oembed\"><\/iframe>\n<\/div><\/figure>\n\n\n\n<h2 class=\"wp-block-heading\">Janet Jackson<\/h2>\n\n\n\n<p><strong>Janet Jackson<\/strong> vai comemorar o 25\u00ba anivers\u00e1rio de seu sexto \u00e1lbum, The Velvet Rope, com uma edi\u00e7\u00e3o Deluxe do \u00e1lbum <strong>\u201cThe Velvet Rope\u201d<\/strong>, e conta com dez faixas b\u00f4nus, incluindo TNT Remix de Teddy Riley de &#8220;I Get Lonely&#8221; com Blackstreet, o remix de J. Dilla (Ummah Jay Dee) de &#8220;Got &#8216;Til It&#8217;s Gone&#8221; e Timbaland e Missy Elliott remix de &#8220;Go Deep&#8221;.Al\u00e9m disso, incluir\u00e1 mixagens de faixas de David Morales e Frankie Knuckles, Masters at Work, Tony Moran, Jason Nevins e Tony Humphries. E tem mais Os v\u00eddeos oficiais daquela \u00e9poca estar\u00e3o dispon\u00edveis em HD pela primeira vez no YouTube, incluindo \u201cGo Deep\u201d, \u201cI Get Lonely\u201d, \u201cYou\u201d, \u201cGot \u2018Til It\u2019s Gone\u201d e \u201cTogether Again [Deeper Remix]\u201d.<\/p>\n\n\n\n<figure class=\"wp-block-embed is-type-rich is-provider-spotify wp-block-embed-spotify wp-embed-aspect-21-9 wp-has-aspect-ratio\"><div class=\"wp-block-embed__wrapper\">\n<iframe title=\"Spotify Embed: The Velvet Rope (Deluxe Edition)\" style=\"border-radius: 12px\" width=\"100%\" height=\"352\" frameborder=\"0\" allowfullscreen allow=\"autoplay; clipboard-write; encrypted-media; fullscreen; picture-in-picture\" loading=\"lazy\" src=\"https:\/\/open.spotify.com\/embed\/album\/37WYZ1tN3kn5D9hw6yfwsA?utm_source=oembed\"><\/iframe>\n<\/div><\/figure>\n\n\n\n<h2 class=\"wp-block-heading\">Lucas Andrade<\/h2>\n\n\n\n<p>O cantor e compositor <strong>Lucas Andrade<\/strong>, uma das apostas da <strong>Alma Music<\/strong> para o pop brasileiro, lan\u00e7a a faixa <strong>&#8220;Celular&#8221;<\/strong> e inicia uma nova era em sua carreira. Este \u00e9 o primeiro trabalho do artista pelo selo musical paulistano e estar\u00e1 dispon\u00edvel em todas as plataformas digitais. Escrita por Lucas, Deco Martins e Julio Petterman (ambos da banda Hotelo), o single \u00e9 a pedida perfeita para todos aqueles que adoram um pop rom\u00e2ntico mais animado. &#8220;Na \u00e9poca em que escrevi a m\u00fasica, estava totalmente apaixonado e a inspira\u00e7\u00e3o veio desse sentimento. Por mais simples que fosse, tudo que a pessoa fazia me deixava feliz, ent\u00e3o decidi escrever sobre isso&#8221;, conta Lucas.&nbsp;<\/p>\n\n\n\n<figure class=\"wp-block-embed is-type-rich is-provider-spotify wp-block-embed-spotify wp-embed-aspect-21-9 wp-has-aspect-ratio\"><div class=\"wp-block-embed__wrapper\">\n<iframe title=\"Spotify Embed: Celular\" style=\"border-radius: 12px\" width=\"100%\" height=\"352\" frameborder=\"0\" allowfullscreen allow=\"autoplay; clipboard-write; encrypted-media; fullscreen; picture-in-picture\" loading=\"lazy\" src=\"https:\/\/open.spotify.com\/embed\/album\/6Yasd19uLB5h6NjNsHYyLq?utm_source=oembed\"><\/iframe>\n<\/div><\/figure>\n\n\n\n<h2 class=\"wp-block-heading\">Felipe Amorim feat Dj Guuga<\/h2>\n\n\n\n<p><strong>Felipe Amorim<\/strong> chega nas plataformas com o sucesso <strong>&#8220;No Escurinho&#8221;<\/strong>, single em parceria com<strong> Dj Guuga<\/strong>, do hit &#8220;Vidrado em Voc\u00ea&#8221;. Os dois somam mais de 5 milh\u00f5es de seguidores nas redes e quase 10 milh\u00f5es de ouvintes mensais no Spotify. Felipe j\u00e1 foi remixado por Guuga em &#8220;Rave do Brabo &#8211; Putariazinha&#8221;, com quase 6 milh\u00f5es de streams no Spotify. O single \u00e9 acelerado pela Atabaque e conta com clipe oficial no canal do YouTube do artista.<\/p>\n\n\n\n<figure class=\"wp-block-embed is-type-rich is-provider-spotify wp-block-embed-spotify wp-embed-aspect-21-9 wp-has-aspect-ratio\"><div class=\"wp-block-embed__wrapper\">\n<iframe title=\"Spotify Embed: No Escurinho\" style=\"border-radius: 12px\" width=\"100%\" height=\"352\" frameborder=\"0\" allowfullscreen allow=\"autoplay; clipboard-write; encrypted-media; fullscreen; picture-in-picture\" loading=\"lazy\" src=\"https:\/\/open.spotify.com\/embed\/album\/0JTQ4bWjg0qAw4jcXyipAt?utm_source=oembed\"><\/iframe>\n<\/div><\/figure>\n\n\n\n<h2 class=\"wp-block-heading\">Nickelback<\/h2>\n\n\n\n<p>O <strong>Nickelback <\/strong>se prepara para seu novo \u00e1lbum de est\u00fadio. <strong>\u201cGet Rollin\u2019\u201d<\/strong> tem lan\u00e7amento previsto para o dia 18 de novembro via <strong>BMG<\/strong>. Ap\u00f3s o pesado single <strong>\u201cSan Quentin\u201d<\/strong>, eles buscam um olhar nost\u00e1lgico na sua nova faixa <strong>\u201cThose Days\u201d. <\/strong>A can\u00e7\u00e3o evoca hits da banda,&nbsp; como <strong>\u201cRockstar\u201d<\/strong> e <strong>&#8220;Photograph&#8221;<\/strong>, sem perder o foco no futuro. A ideia \u00e9 lembrar das primeiras vezes de algumas experi\u00eancias, de ouvir uma m\u00fasica que se gosta muito at\u00e9 as primeiras paix\u00f5es. <em>\u201cPassamos os \u00faltimos anos gravando em um ritmo que nos deu liberdade para criar sem pressa e mal podemos esperar para que todos ou\u00e7am as novas m\u00fasicas. Sentimos falta do contato com o p\u00fablico e estamos ansiosos para dar vida \u00e0s novas m\u00fasicas no palco, ent\u00e3o vamos fazer rolar!\u201d<\/em>, conta o grupo<\/p>\n\n\n\n<figure class=\"wp-block-embed is-type-rich is-provider-spotify wp-block-embed-spotify wp-embed-aspect-21-9 wp-has-aspect-ratio\"><div class=\"wp-block-embed__wrapper\">\n<iframe title=\"Spotify Embed: Those Days\" style=\"border-radius: 12px\" width=\"100%\" height=\"352\" frameborder=\"0\" allowfullscreen allow=\"autoplay; clipboard-write; encrypted-media; fullscreen; picture-in-picture\" loading=\"lazy\" src=\"https:\/\/open.spotify.com\/embed\/album\/2VpBMpnkXJIgvwGfRBX11K?utm_source=oembed\"><\/iframe>\n<\/div><\/figure>\n\n\n\n<h2 class=\"wp-block-heading\">L7NNON<\/h2>\n\n\n\n<p>A caminhada para se tornar o rapper mais ouvido do Brasil foi longa, mas durante todo percurso<strong> L7NNON <\/strong>nunca se esqueceu da sua origem. Agora, o cantor com mais ouvintes mensais no Spotify, independentemente do g\u00eanero, conquistou o pa\u00eds e mesmo assim faz quest\u00e3o de relembrar o in\u00edcio da sua trajet\u00f3ria para inspirar pessoas de todo Brasil. Este \u00e9 o tema de<strong> &#8220;Vim de L\u00e1&#8221;<\/strong>, single que L7 lan\u00e7ou na \u00faltima ter\u00e7a-feira.&nbsp;<\/p>\n\n\n\n<figure class=\"wp-block-embed is-type-video is-provider-youtube wp-block-embed-youtube wp-embed-aspect-16-9 wp-has-aspect-ratio\"><div class=\"wp-block-embed__wrapper\">\n<iframe loading=\"lazy\" title=\"L7NNON - Vim De L\u00e1 (prod. Nagalli)\" width=\"880\" height=\"495\" src=\"https:\/\/www.youtube.com\/embed\/X_DIgyt_aSw?feature=oembed\" frameborder=\"0\" allow=\"accelerometer; autoplay; clipboard-write; encrypted-media; gyroscope; picture-in-picture; web-share\" referrerpolicy=\"strict-origin-when-cross-origin\" allowfullscreen><\/iframe>\n<\/div><\/figure>\n\n\n\n<h2 class=\"wp-block-heading\">Z\u00e9 Felipe &amp; Miguel&nbsp;<\/h2>\n\n\n\n<p>O ano de 2022 est\u00e1 chegando na reta final e para a dupla <strong>Z\u00e9 Felipe &amp; Miguel <\/strong>&nbsp;foi repleto de boas conquistas, como \u00e9 o caso da novidade <strong>\u201cN\u00e3o \u00e9 o Fim do Mundo\u201d , <\/strong>m\u00fasica que traz a \u00faltima participa\u00e7\u00e3o especial do DVD, de <strong>Jorge &amp; Mateus<\/strong>,&nbsp; e d\u00e1 nome ao projeto<strong>. <\/strong>Composta por Cristhyan Ribeiro, Felipe Kef, Rodrigo Marco e Matheus Aleixo (Matheus &amp; Kauan), a m\u00fasica tem um tom de sofr\u00eancia e fala sobre o fim de um&nbsp; amor que \u00e9&nbsp; superado com um copo na m\u00e3o. No mesmo dia, ser\u00e3o lan\u00e7adas as outras \u00faltimas quatro faixas do DVD, que tamb\u00e9m trazem toda a veia rom\u00e2ntica dos artistas &#8211; unindo letras comerciais \u00e0s melodias marcantes,&nbsp; sendo elas: \u201cBriga por Briga\u201d, \u201cPremeditado\u201d, \u201cEntre Aspas\u201d e \u201cCorpo Inflam\u00e1vel\u201d<\/p>\n\n\n\n<figure class=\"wp-block-embed is-type-rich is-provider-spotify wp-block-embed-spotify wp-embed-aspect-21-9 wp-has-aspect-ratio\"><div class=\"wp-block-embed__wrapper\">\n<iframe title=\"Spotify Embed: N\u00e3o \u00e9 o Fim do Mundo (Ao Vivo)\" style=\"border-radius: 12px\" width=\"100%\" height=\"352\" frameborder=\"0\" allowfullscreen allow=\"autoplay; clipboard-write; encrypted-media; fullscreen; picture-in-picture\" loading=\"lazy\" src=\"https:\/\/open.spotify.com\/embed\/album\/0Zstdv98LsCQH5HgstkMYR?utm_source=oembed\"><\/iframe>\n<\/div><\/figure>\n\n\n\n<h2 class=\"wp-block-heading\">Julia Smith&nbsp;<\/h2>\n\n\n\n<p>A cantora e compositora <strong>Julia Smith<\/strong> inicia outubro com novidades. Seguindo a sequ\u00eancia de lan\u00e7amentos projetados, a artista lan\u00e7a nesta sexta-feira (07) a faixa \u201c<strong>Estranhos Perfeitos\u201d<\/strong>, que integra o seu pr\u00f3ximo \u00e1lbum &#8211; previsto para ser divulgado na pr\u00f3xima semana. A m\u00fasica j\u00e1 est\u00e1 dispon\u00edvel em todas as plataformas digitais e YouTube. \u201c<em>A hist\u00f3ria dessa m\u00fasica \u00e9 a seguinte: voc\u00ea sai, conhece algu\u00e9m e voc\u00eas s\u00e3o estranhos perfeitos, pois n\u00e3o existe culpa e n\u00e3o tem compromisso! Ou seja, n\u00e3o existe nada e \u00e9 apenas uma noite perfeita para curtir\u201d, conta Julia.<\/em><\/p>\n\n\n\n<figure class=\"wp-block-embed is-type-rich is-provider-spotify wp-block-embed-spotify wp-embed-aspect-21-9 wp-has-aspect-ratio\"><div class=\"wp-block-embed__wrapper\">\n<iframe title=\"Spotify Embed: Estranhos Perfeitos\" style=\"border-radius: 12px\" width=\"100%\" height=\"352\" frameborder=\"0\" allowfullscreen allow=\"autoplay; clipboard-write; encrypted-media; fullscreen; picture-in-picture\" loading=\"lazy\" src=\"https:\/\/open.spotify.com\/embed\/album\/2eE28FlOZ668AiClj9Fgj5?utm_source=oembed\"><\/iframe>\n<\/div><\/figure>\n\n\n\n<h2 class=\"wp-block-heading\">Evokings<\/h2>\n\n\n\n<p>O duo <strong>Evokings<\/strong> lan\u00e7a seu novo single <strong>\u201cWe Already Know\u201d<\/strong>. A track, lan\u00e7ada pela HUB Records, traduz a continuidade da dupla carioca formada pelos m\u00fasicos e amigos de longa data Thiago Cymbal e Wagner Farias, em uma carreira aut\u00eantica. Com a linha sonora caracter\u00edstica, voltada para o House, com sintetizadores progressivos \u2013 assinatura do Evokings, a faixa far\u00e1 parte de uma nova fase vivida na sonoridade org\u00e2nica e anal\u00f3gica.<\/p>\n\n\n\n<figure class=\"wp-block-embed is-type-rich is-provider-spotify wp-block-embed-spotify wp-embed-aspect-21-9 wp-has-aspect-ratio\"><div class=\"wp-block-embed__wrapper\">\n<iframe title=\"Spotify Embed: We Already Know\" style=\"border-radius: 12px\" width=\"100%\" height=\"352\" frameborder=\"0\" allowfullscreen allow=\"autoplay; clipboard-write; encrypted-media; fullscreen; picture-in-picture\" loading=\"lazy\" src=\"https:\/\/open.spotify.com\/embed\/album\/76xOGkrQUbL7kjSNIKSKlw?utm_source=oembed\"><\/iframe>\n<\/div><\/figure>\n\n\n\n<h2 class=\"wp-block-heading\">Dudalu&nbsp;<\/h2>\n\n\n\n<p>A dupla <strong>Dudalu<\/strong>, formada pelo casal Dani Guimar\u00e3es e Luiz do Brownie, lan\u00e7a nesta sexta-feira (07) o primeiro \u00e1lbum de sua carreira. Intitulado <strong>\u201cRecome\u00e7ar\u201d<\/strong>, a obra conta com quatro faixas in\u00e9ditas, al\u00e9m de mais quatro que j\u00e1 foram disponibilizadas anteriormente. O lead single fica por conta de \u201cVem, Manhosinho\u201d, que chega acompanhado de um clipe no canal do YouTube dos artistas.<\/p>\n\n\n\n<figure class=\"wp-block-embed is-type-rich is-provider-spotify wp-block-embed-spotify wp-embed-aspect-21-9 wp-has-aspect-ratio\"><div class=\"wp-block-embed__wrapper\">\n<iframe title=\"Spotify Embed: Recome\u00e7ar\" style=\"border-radius: 12px\" width=\"100%\" height=\"352\" frameborder=\"0\" allowfullscreen allow=\"autoplay; clipboard-write; encrypted-media; fullscreen; picture-in-picture\" loading=\"lazy\" src=\"https:\/\/open.spotify.com\/embed\/album\/7o4Sy0OgTKKZzLphsdhAnP?utm_source=oembed\"><\/iframe>\n<\/div><\/figure>\n\n\n\n<h2 class=\"wp-block-heading\">Ozuna<\/h2>\n\n\n\n<p><strong>Ozuna<\/strong>, um dos mais ic\u00f4nicos astros da m\u00fasica latina, estreia um novo ciclo em sua carreira com <strong>&#8220;Ozutochi&#8221;<\/strong>. O projeto conta com 19 m\u00fasicas, incluindo as j\u00e1 lan\u00e7adas &#8220;Somos Iguales&#8221;, com Tokischa, e &#8220;La Copa&#8221;. O \u00e1lbum tamb\u00e9m conta com colabora\u00e7\u00f5es de grandes nomes da ind\u00fastria, como J. Balvin, TINI, Chencho Chorleone, Feid, Danny Ocean, Pedro Cap\u00f3 e outros. Com esse novo projeto, Ozuna mostra por que se tornou um dos maiores artistas da m\u00fasica latina e traz sua versatilidade musical \u00e0 tona atrav\u00e9s do reggaeton, trap e pop. Na \u00faltima ter\u00e7a-feira (04), o cantor aumentou as expectativas do p\u00fablico com o lan\u00e7amento pr\u00e9vio de <strong>\u201cTe Pienso\u201d<\/strong>, uma can\u00e7\u00e3o que fala sobre a ruptura de relacionamentos modernos em um ritmo lento e batida envolvente.<\/p>\n\n\n\n<figure class=\"wp-block-embed is-type-rich is-provider-spotify wp-block-embed-spotify wp-embed-aspect-21-9 wp-has-aspect-ratio\"><div class=\"wp-block-embed__wrapper\">\n<iframe title=\"Spotify Embed: OzuTochi\" style=\"border-radius: 12px\" width=\"100%\" height=\"352\" frameborder=\"0\" allowfullscreen allow=\"autoplay; clipboard-write; encrypted-media; fullscreen; picture-in-picture\" loading=\"lazy\" src=\"https:\/\/open.spotify.com\/embed\/album\/1kjfMVBNhsDeRyAu9zbLfF?utm_source=oembed\"><\/iframe>\n<\/div><\/figure>\n\n\n\n<h2 class=\"wp-block-heading\">Luiz Henrique &amp; L\u00e9o feat Netto e Henrique<\/h2>\n\n\n\n<p>A dupla <strong>Luiz Henrique e L\u00e9o<\/strong> lan\u00e7a a m\u00fasica<strong> \u201cEsfriou\u201d<\/strong>, parceria com N<strong>etto e Henrique<\/strong>. A faixa faz parte do audiovisual \u201cAo Vivo em Goi\u00e2nia\u201d, gravado em abril deste ano<em>.\u201c\u2019Esfriou\u2019 \u00e9, sem d\u00favidas, a m\u00fasica que mais gosto nesse DVD. Arrepia, melodia e letra envolventes e inteligentes. A participa\u00e7\u00e3o dos nossos amigos Netto e Henrique trouxe o tempero que apimentou ainda mais e, desde o dia da grava\u00e7\u00e3o, j\u00e1 consegu\u00edamos sentir que as pessoas se apaixonam \u00e0 primeira ouvida, estamos muito gratos por tudo!\u201d, comenta Luiz Henrique.<\/em><\/p>\n\n\n\n<figure class=\"wp-block-embed is-type-rich is-provider-spotify wp-block-embed-spotify wp-embed-aspect-21-9 wp-has-aspect-ratio\"><div class=\"wp-block-embed__wrapper\">\n<iframe title=\"Spotify Embed: Esfriou (Ao Vivo)\" style=\"border-radius: 12px\" width=\"100%\" height=\"352\" frameborder=\"0\" allowfullscreen allow=\"autoplay; clipboard-write; encrypted-media; fullscreen; picture-in-picture\" loading=\"lazy\" src=\"https:\/\/open.spotify.com\/embed\/album\/3FlQdQ6oZbWKtHKyVkrraJ?utm_source=oembed\"><\/iframe>\n<\/div><\/figure>\n\n\n\n<h2 class=\"wp-block-heading\">Jotta A<\/h2>\n\n\n\n<p>As rela\u00e7\u00f5es amorosas s\u00e3o tema do novo single da cantora pop J<strong>otta A<\/strong>,<strong> &#8216;Humano&#8217;<\/strong>. A composi\u00e7\u00e3o \u00e9 da pr\u00f3pria artista e transita pelo retrowave levando a melodia para uma atmosfera que \u00e9 nost\u00e1lgica e, ao mesmo tempo, convida para dan\u00e7ar. A letra aborda tamb\u00e9m a instantaneidade das redes sociais durante o processo de t\u00e9rminos de relacionamentos. <em>&#8220;\u00c9 um pop sofr\u00eancia, a letra conta sobre o dilema de algu\u00e9m tentando superar a dor de uma separa\u00e7\u00e3o. Acredito que qualquer ferida por mais que um dia cicatrize, ainda assim deixar\u00e1 marcas&#8230; E durante esse processo de vulnerabilidade, \u00e9 quando refletimos nossa humanidade, que carrega temores e virtudes&#8221;, explica a cantora que lan\u00e7a &#8216;Humano&#8217; tamb\u00e9m em v\u00eddeo, produ\u00e7\u00e3o que promete &#8220;causar&#8221; na nova fase da cantora.<\/em><\/p>\n\n\n\n<figure class=\"wp-block-embed is-type-rich is-provider-spotify wp-block-embed-spotify wp-embed-aspect-21-9 wp-has-aspect-ratio\"><div class=\"wp-block-embed__wrapper\">\n<iframe title=\"Spotify Embed: Humano\" style=\"border-radius: 12px\" width=\"100%\" height=\"352\" frameborder=\"0\" allowfullscreen allow=\"autoplay; clipboard-write; encrypted-media; fullscreen; picture-in-picture\" loading=\"lazy\" src=\"https:\/\/open.spotify.com\/embed\/album\/4GFDkRCCTP9IrjKNMJXhc9?utm_source=oembed\"><\/iframe>\n<\/div><\/figure>\n\n\n\n<h2 class=\"wp-block-heading\">WILLOW<\/h2>\n\n\n\n<p><strong>WILLOW <\/strong>lan\u00e7a o \u00e1lbum<strong> \u201c&lt;COPING MECHANISM&gt;\u201d<\/strong>, o sucessor de \u201clately i feel EVERYTHING\u201d. O \u00e1lbum mostra uma evolu\u00e7\u00e3o do som que a filha de Will Smith explorou no projeto anterior.<\/p>\n\n\n\n<figure class=\"wp-block-embed is-type-rich is-provider-spotify wp-block-embed-spotify wp-embed-aspect-21-9 wp-has-aspect-ratio\"><div class=\"wp-block-embed__wrapper\">\n<iframe title=\"Spotify Embed: &lt;COPINGMECHANISM&gt;\" style=\"border-radius: 12px\" width=\"100%\" height=\"352\" frameborder=\"0\" allowfullscreen allow=\"autoplay; clipboard-write; encrypted-media; fullscreen; picture-in-picture\" loading=\"lazy\" src=\"https:\/\/open.spotify.com\/embed\/album\/0oMXn0MNLNyvB4iJPZXOuV?utm_source=oembed\"><\/iframe>\n<\/div><\/figure>\n\n\n\n<h2 class=\"wp-block-heading\">Rodrigo Silva feat Alice Brand\u00e3o<\/h2>\n\n\n\n<p>O pagodeiro carioca <strong>Rodrigo Silva<\/strong> traz mais um lan\u00e7amento rom\u00e2ntico para seu repert\u00f3rio. <strong>\u201c\u00d4 Se Valeu\u201d<\/strong>, que tem a participa\u00e7\u00e3o da paraense <strong>Alice Brand\u00e3o<\/strong>, conta a hist\u00f3ria de um casal que se separou, mas percebeu que vale a pena se perdoar e come\u00e7ar um novo cap\u00edtulo em suas vidas. A faixa \u00e9 mais um resultado da parceria entre Soull Music e Sony Music.<\/p>\n\n\n\n<figure class=\"wp-block-embed is-type-rich is-provider-spotify wp-block-embed-spotify wp-embed-aspect-21-9 wp-has-aspect-ratio\"><div class=\"wp-block-embed__wrapper\">\n<iframe title=\"Spotify Embed: \u00d4 Se Valeu\" style=\"border-radius: 12px\" width=\"100%\" height=\"352\" frameborder=\"0\" allowfullscreen allow=\"autoplay; clipboard-write; encrypted-media; fullscreen; picture-in-picture\" loading=\"lazy\" src=\"https:\/\/open.spotify.com\/embed\/album\/71pTMddURmzMoTrDHEXIRo?highlight=spotify%3Atrack%3A1aVYQiqqc2Xv9o5yXKbJ3H&#038;utm_source=oembed\"><\/iframe>\n<\/div><\/figure>\n\n\n\n<h2 class=\"wp-block-heading\">Thiago &amp; Graciano<\/h2>\n\n\n\n<p>No come\u00e7o de setembro, Thiago &amp; Graciano disponibilizaram o primeiro compilado do projeto &#8220;<strong>Onda de Amor<\/strong>&#8220;, que trouxe as parcerias com Tierry (&#8220;Terceiro Sofrendo&#8221;) e Grupo Sem Abuso (&#8220;Ela N\u00e3o \u00e9 Fake&#8221;). A dupla j\u00e1 havia soltado as colabora\u00e7\u00f5es com Daniel Caon (&#8220;MiMiMi&#8221;) e Lucca e Mateus (&#8220;Acostamento&#8221;). Ao todo, s\u00e3o mais de 15 milh\u00f5es de views no audiovisual apenas no YouTube. E agora chegam com o P 2, com mais seis faixas in\u00e9ditas, poder\u00e1 ser conferido em todas as plataformas. Os clipes ser\u00e3o disponibilizados no YouTube da dupla sempre \u00e0s sextas, a partir de 12h, come\u00e7ando pela faixa-foco &#8220;<strong>Dois Ex&#8221;.<\/strong>&nbsp;&nbsp;&nbsp;<\/p>\n\n\n\n<figure class=\"wp-block-embed is-type-rich is-provider-spotify wp-block-embed-spotify wp-embed-aspect-21-9 wp-has-aspect-ratio\"><div class=\"wp-block-embed__wrapper\">\n<iframe title=\"Spotify Embed: Dois Ex (Ao Vivo)\" style=\"border-radius: 12px\" width=\"100%\" height=\"352\" frameborder=\"0\" allowfullscreen allow=\"autoplay; clipboard-write; encrypted-media; fullscreen; picture-in-picture\" loading=\"lazy\" src=\"https:\/\/open.spotify.com\/embed\/album\/3S5LXGnJnwjC6SrboVJwwE?utm_source=oembed\"><\/iframe>\n<\/div><\/figure>\n\n\n\n<h2 class=\"wp-block-heading\">Suh Maya<\/h2>\n\n\n\n<p>A cantora e compositora<strong> Suh Maya<\/strong>, uma das apostas da cena da m\u00fasica sertaneja e sucesso no TikTok, <strong>acumulando mais de 227 mil seguidores na plataforma<\/strong>, comemora nesta sexta-feira (07), o lan\u00e7amento do seu mais novo <em>single,<\/em> <strong>\u201cAntiga Lembran\u00e7a\u201d<\/strong>. Carregado de sentimento, o novo trabalho <a href=\"https:\/\/onerpm.link\/antigalembranca\" target=\"_blank\" rel=\"noopener\">chega em todas as plataformas de \u00e1udio<\/a> pelo selo musical<strong> Mar\u00e3 M\u00fasica<\/strong>. A m\u00fasica tamb\u00e9m vem acompanhada de um videoclipe no canal do youtube da artista.&nbsp;<\/p>\n\n\n\n<figure class=\"wp-block-embed is-type-rich is-provider-spotify wp-block-embed-spotify wp-embed-aspect-21-9 wp-has-aspect-ratio\"><div class=\"wp-block-embed__wrapper\">\n<iframe title=\"Spotify Embed: Antiga Lembran\u00e7a\" style=\"border-radius: 12px\" width=\"100%\" height=\"352\" frameborder=\"0\" allowfullscreen allow=\"autoplay; clipboard-write; encrypted-media; fullscreen; picture-in-picture\" loading=\"lazy\" src=\"https:\/\/open.spotify.com\/embed\/album\/2IHvzdRemvPvXbGTx0DG3e?utm_source=oembed\"><\/iframe>\n<\/div><\/figure>\n\n\n\n<h2 class=\"wp-block-heading\">Jo\u00e3o Brasil<\/h2>\n\n\n\n<p><strong>Jo\u00e3o Brasil<\/strong> lan\u00e7a hoje seu novo hit<strong> \u201cRave Estilo Vecna\u201d<\/strong>, unindo funk e house. O single, que tem estrat\u00e9gia de lan\u00e7amento da Atabaque, d\u00e1 continuidade aos lan\u00e7amentos do DJ para o ano, que j\u00e1 conta com os sucessos &#8220;Michael Douglas&#8221;, e o remix oficial de &#8220;Ela \u00c9 Top&#8221;, de MC Bola, que ultrapassa mais de 1.2 bilh\u00f5es de views no Kwai. O artista coleciona mais de 87 mil ouvintes mensais e 10 mil seguidores no Spotify.&nbsp;<\/p>\n\n\n\n<figure class=\"wp-block-embed is-type-rich is-provider-spotify wp-block-embed-spotify wp-embed-aspect-21-9 wp-has-aspect-ratio\"><div class=\"wp-block-embed__wrapper\">\n<iframe title=\"Spotify Embed: Rave Estilo Vecna\" style=\"border-radius: 12px\" width=\"100%\" height=\"352\" frameborder=\"0\" allowfullscreen allow=\"autoplay; clipboard-write; encrypted-media; fullscreen; picture-in-picture\" loading=\"lazy\" src=\"https:\/\/open.spotify.com\/embed\/album\/2GAsX8WCx0Q4QEDkyiwT3i?utm_source=oembed\"><\/iframe>\n<\/div><\/figure>\n\n\n\n<h2 class=\"wp-block-heading\">Raylla Ara\u00fajo feat Lorena Simpson&nbsp;<\/h2>\n\n\n\n<p>A artista amazonense <strong>Raylla Ara\u00fajo<\/strong> se prepara para lan\u00e7ar nesta sexta-feira (07) uma parceria musical com um nome de peso da m\u00fasica pop brasileira: Lorena Simpson. Intitulado <strong>&#8220;Felicidade&#8221;<\/strong>, o trabalho promete levar mensagem inspiradora e cheia de positividade.&nbsp;&nbsp;&nbsp;&nbsp;&nbsp;&nbsp;<\/p>\n\n\n\n<figure class=\"wp-block-embed is-type-rich is-provider-spotify wp-block-embed-spotify wp-embed-aspect-21-9 wp-has-aspect-ratio\"><div class=\"wp-block-embed__wrapper\">\n<iframe title=\"Spotify Embed: Felicidade\" style=\"border-radius: 12px\" width=\"100%\" height=\"352\" frameborder=\"0\" allowfullscreen allow=\"autoplay; clipboard-write; encrypted-media; fullscreen; picture-in-picture\" loading=\"lazy\" src=\"https:\/\/open.spotify.com\/embed\/album\/1QjKVmHnkUDeCDMdFwndNo?utm_source=oembed\"><\/iframe>\n<\/div><\/figure>\n\n\n\n<h2 class=\"wp-block-heading\">Tayh<\/h2>\n\n\n\n<p>O cantor e compositor paulistano <strong>Tayh<\/strong>, aposta do selo <strong>Alma Music<\/strong> para o hip hop e trap, lan\u00e7a &#8220;<strong>Sente O Grave<\/strong>&#8220;, que conta com quatro faixas autorais. Este \u00e9 o primeiro EP do artista a ser lan\u00e7ado pelo selo musical e estar\u00e1 dispon\u00edvel em todas as plataformas digitais. Uma das faixas do EP, &#8220;Sente O Grave Bater&#8221;, leva a grande responsabilidade de ter o mesmo nome do \u00e1lbum. &#8220;Desde o in\u00edcio, sabia que &#8216;Sente O Grave Bater&#8217; ou &#8216;Sente O Grave&#8217; era um excelente nome para o EP, al\u00e9m de ser uma das faixas que comp\u00f5em o mesmo. Este nome, de certa forma, conversa diretamente com as outras m\u00fasicas que est\u00e3o ali tamb\u00e9m&#8221;, conta Tayh.&nbsp;<\/p>\n\n\n\n<figure class=\"wp-block-embed is-type-rich is-provider-spotify wp-block-embed-spotify wp-embed-aspect-21-9 wp-has-aspect-ratio\"><div class=\"wp-block-embed__wrapper\">\n<iframe title=\"Spotify Embed: Sente o Grave\" style=\"border-radius: 12px\" width=\"100%\" height=\"352\" frameborder=\"0\" allowfullscreen allow=\"autoplay; clipboard-write; encrypted-media; fullscreen; picture-in-picture\" loading=\"lazy\" src=\"https:\/\/open.spotify.com\/embed\/album\/7dewSLTYlQ3HRxx56PAqvY?utm_source=oembed\"><\/iframe>\n<\/div><\/figure>\n\n\n\n<h2 class=\"wp-block-heading\">Kamatos&nbsp;<\/h2>\n\n\n\n<p>A juventude geralmente vem acompanhada por diversos questionamentos e uma grande \u00e2nsia de viver experi\u00eancias e amores. Muitas vezes, \u00e9 nessa fase da vida que s\u00e3o apresentados um tanto de novos sentimentos e sensa\u00e7\u00f5es. \u00c9 sobre esta fase intensa de descobrimentos e paix\u00e3o pela vida que fala o novo single de <strong>Kamatos<\/strong>, chamado <strong>\u2018\u2019De Tanto Viver\u2019\u2019.<\/strong> Apresentando uma atmosfera de inspira\u00e7\u00e3o e motiva\u00e7\u00e3o, o audiovisual complementa a vibe positiva da letra e da melodia. Segundo a artista, o single fala sobre liberta\u00e7\u00e3o e intensidade.&nbsp;<\/p>\n\n\n\n<figure class=\"wp-block-embed is-type-rich is-provider-spotify wp-block-embed-spotify wp-embed-aspect-21-9 wp-has-aspect-ratio\"><div class=\"wp-block-embed__wrapper\">\n<iframe title=\"Spotify Embed: De Tanto Viver\" style=\"border-radius: 12px\" width=\"100%\" height=\"352\" frameborder=\"0\" allowfullscreen allow=\"autoplay; clipboard-write; encrypted-media; fullscreen; picture-in-picture\" loading=\"lazy\" src=\"https:\/\/open.spotify.com\/embed\/album\/60ziz0DJyAQI8WusPiljvQ?utm_source=oembed\"><\/iframe>\n<\/div><\/figure>\n\n\n\n<h2 class=\"wp-block-heading\">Milky Chance<\/h2>\n\n\n\n<p>Enquanto finalizam um \u00e1lbum de in\u00e9ditas, o <strong>Milky Chance<\/strong> lan\u00e7a<strong> \u2018Trip Tape II<\/strong>\u2018, volume 2 da mixtape que foi lan\u00e7ada de surpresa no ano passado. \u201cTrip Tape II\u201d come\u00e7a com \u2018Synchronize\u2019, hit lan\u00e7ado em mar\u00e7o que figurou entre as m\u00fasicas internacionais mais ouvidas nas r\u00e1dios brasileiras. Na sequ\u00eancia vem um carrossel de faixas sombrias e a\u00e7ucaradas que d\u00e3o uma chancelada no universo criativo do Milky Chance. Destaque para \u2018As It Was\u2019 de Harry Styles e \u2018Do You Really Want to Hurt Me\u2019 do Culture Club que soam como se fossem m\u00fasicas in\u00e9ditas da dupla. Outro ponto alto \u00e9 a in\u00e9dita \u2018Table for Two\u2019, que fala sobre um amor que nunca veio. \u2018Beautiful World\u2019 \u00e9 um feat com o The Kooks, lan\u00e7ado em abril pela banda brit\u00e2nica.<\/p>\n\n\n\n<figure class=\"wp-block-embed is-type-rich is-provider-spotify wp-block-embed-spotify wp-embed-aspect-21-9 wp-has-aspect-ratio\"><div class=\"wp-block-embed__wrapper\">\n<iframe title=\"Spotify Embed: Trip Tape II\" style=\"border-radius: 12px\" width=\"100%\" height=\"352\" frameborder=\"0\" allowfullscreen allow=\"autoplay; clipboard-write; encrypted-media; fullscreen; picture-in-picture\" loading=\"lazy\" src=\"https:\/\/open.spotify.com\/embed\/album\/3anT3sq943fma4yCM5FhvG?go=1&#038;utm_source=oembed&#038;utm_medium=desktop&#038;nd=1\"><\/iframe>\n<\/div><\/figure>\n\n\n\n<h2 class=\"wp-block-heading\">WIU feat Oruam<\/h2>\n\n\n\n<p><strong>WIU<\/strong>, o artista conhecido pelos hits \u2018Mant\u00e9m\u2019, \u2018L\u00e1grimas de Crocodilo\u2019, \u2018Pitbull\u2019 e \u2018Vampiro\u2019, j\u00e1 acumulando milh\u00f5es de streams e visualiza\u00e7\u00f5es. Agora, o jovem cantor volta com o single e clipe \u2018<a href=\"https:\/\/popnow.com.br\/wiu-lanca-horas-iguais-ao-lado-de-oruam\/#Horas%20Iguais\" target=\"_blank\" rel=\"noopener\"><strong>Horas Iguais<\/strong><\/a>\u2018 ao lado de<strong> Oruam<\/strong>, j\u00e1 dispon\u00edvel nas principais plataformas digitais. A letra de \u2018Horas Iguais\u2019 come\u00e7a com versos rom\u00e2nticos, WIU e <a href=\"https:\/\/popnow.com.br\/wiu-lanca-horas-iguais-ao-lado-de-oruam\/#Oruam\" target=\"_blank\" rel=\"noopener\">Oruam<\/a>, sentados no banco da pra\u00e7a, acompanham ela passar. <em>\u2018Ela passava, o mundo parava o tempo\/ N\u00e3o \u00e9 para menos\/ O sorriso encantador\/ Ent\u00e3o jogo o cabelo\u2019<\/em>.<\/p>\n\n\n\n<figure class=\"wp-block-embed is-type-video is-provider-youtube wp-block-embed-youtube wp-embed-aspect-16-9 wp-has-aspect-ratio\"><div class=\"wp-block-embed__wrapper\">\n<iframe loading=\"lazy\" title=\"WIU &amp; Oruam - Horas Iguais \ud83d\udd70\ufe0f\ud83d\udc90\" width=\"880\" height=\"495\" src=\"https:\/\/www.youtube.com\/embed\/hr_83ZXhmOI?feature=oembed\" frameborder=\"0\" allow=\"accelerometer; autoplay; clipboard-write; encrypted-media; gyroscope; picture-in-picture; web-share\" referrerpolicy=\"strict-origin-when-cross-origin\" allowfullscreen><\/iframe>\n<\/div><\/figure>\n\n\n\n<h2 class=\"wp-block-heading\">Bruna Mandz<\/h2>\n\n\n\n<p>A cantora e compositora carioca<strong> Bruna Mandz<\/strong> apresenta seu mais novo trabalho, repleto de encanto, romance e leveza. <strong>\u201cCasinha de Madeira\u201d<\/strong> \u00e9 o nome do lan\u00e7amento, que vem acompanhado de um clipe t\u00e3o delicado quanto a letra da composi\u00e7\u00e3o. A produ\u00e7\u00e3o visual conta com interpreta\u00e7\u00e3o da pr\u00f3pria artista e de Wesley Roque, baterista, arranjador e parceiro de trabalho de Bruna. \u201c\u2018Casinha de Madeira\u2019 fala de um casal que se apaixona literalmente em uma casa de madeira e se permite sentir e experimentar cada fase do in\u00edcio de um romance. Eu quis trazer esse lado mais l\u00fadico para o clipe, tanto na est\u00e9tica do local quanto no nosso figurino &#8211; a citar as flores na barba do Wesley e nos tons suaves da minha maquiagem\u201d, comenta Bruna a respeito do processo criativo do clipe. A cantora tamb\u00e9m diz ter se inspirado no filme \u201cA Bela e a Fera&#8221; para a produ\u00e7\u00e3o.<\/p>\n\n\n\n<figure class=\"wp-block-embed is-type-rich is-provider-spotify wp-block-embed-spotify wp-embed-aspect-21-9 wp-has-aspect-ratio\"><div class=\"wp-block-embed__wrapper\">\n<iframe title=\"Spotify Embed: Casinha de Madeira\" style=\"border-radius: 12px\" width=\"100%\" height=\"352\" frameborder=\"0\" allowfullscreen allow=\"autoplay; clipboard-write; encrypted-media; fullscreen; picture-in-picture\" loading=\"lazy\" src=\"https:\/\/open.spotify.com\/embed\/album\/1iKpzMhehtirGqVsLjjbfV?utm_source=oembed\"><\/iframe>\n<\/div><\/figure>\n\n\n\n<h2 class=\"wp-block-heading\">Jo\u00e3o Beydoun<\/h2>\n\n\n\n<figure class=\"wp-block-embed is-type-rich is-provider-spotify wp-block-embed-spotify wp-embed-aspect-21-9 wp-has-aspect-ratio\"><div class=\"wp-block-embed__wrapper\">\n<iframe title=\"Spotify Embed: Jah \u00c9 a Luz\" style=\"border-radius: 12px\" width=\"100%\" height=\"352\" frameborder=\"0\" allowfullscreen allow=\"autoplay; clipboard-write; encrypted-media; fullscreen; picture-in-picture\" loading=\"lazy\" src=\"https:\/\/open.spotify.com\/embed\/album\/5U5XEkouS7329fmm7JyRuU?utm_source=oembed\"><\/iframe>\n<\/div><\/figure>\n\n\n\n<h2 class=\"wp-block-heading\">Reid<\/h2>\n\n\n\n<p>O rapper<strong> Reid <\/strong>se tornou uma das grandes promessas do trap no Brasil. Seu sucesso chamou a aten\u00e7\u00e3o do Papatinho, lend\u00e1rio produtor e beatmaker, e que assinou o artista no seu selo, a Papatunes. O jovem MC \u00e9 autor de &#8220;Vestido Vermelho&#8221; e participa das cyphers de &#8220;Drip da Ro\u00e7a&#8221; e &#8220;Tudo de Melhor&#8221;, que juntas ultrapassam 70 milh\u00f5es de streams nas plataformas digitais. Agora, com a nova gravadora, Reid lan\u00e7a <strong>&#8220;Fuck 12 PT. 2&#8221;<\/strong><\/p>\n\n\n\n<figure class=\"wp-block-embed is-type-rich is-provider-spotify wp-block-embed-spotify wp-embed-aspect-21-9 wp-has-aspect-ratio\"><div class=\"wp-block-embed__wrapper\">\n<iframe title=\"Spotify Embed: Fuck 12, Pt. 2\" style=\"border-radius: 12px\" width=\"100%\" height=\"352\" frameborder=\"0\" allowfullscreen allow=\"autoplay; clipboard-write; encrypted-media; fullscreen; picture-in-picture\" loading=\"lazy\" src=\"https:\/\/open.spotify.com\/embed\/album\/0nlEqWKNmZydF0z2wikdtq?utm_source=oembed\"><\/iframe>\n<\/div><\/figure>\n\n\n\n<h2 class=\"wp-block-heading\">Abayomi<\/h2>\n\n\n\n<p>Abayomi, compositor de grandes hits da m\u00fasica brasileira, como <strong>&#8220;Caraca, Muleke!&#8221; e &#8220;Ainda Bem&#8221; (Thiaguinho), &#8220;Vai e Chora&#8221; (Sorriso Maroto), &#8220;Preserv\u00ea&#8221; (Gaab), &#8220;T\u00e1 F\u00e1cil&#8221; (Preta Gil) entre outros <\/strong>trabalhos para grupos como Exaltasamba, Turma do Pagode e Sorriso Maroto, decidiu buscar novos ares em sua carreira. Sempre \u00e0 procura de desafios, o artista come\u00e7ou a escrever suas pr\u00f3prias can\u00e7\u00f5es e o resultado foi um disco, que chega 2023. Entretanto, antes do lan\u00e7amento da obra completa, Abayomi decidiu <strong>antecipar tr\u00eas singles<\/strong>. O primeiro deles, intitulado <strong>&#8220;Olha\u00ed&#8221;<\/strong>, com uma cr\u00edtica social onde prega o amor e coragem para fazer o bem, uma tentativa de trazer os olhos da sociedade para como estamos vivendo. <em>&#8220;\u00c9 um pedido para que as pessoas fa\u00e7am uma autocr\u00edtica, e serve para nos lembrar que tudo que est\u00e1 acontecendo no mundo \u00e9 de nossa responsabilidade. Ainda h\u00e1 esperan\u00e7a e ela est\u00e1 vive em n\u00f3s, como indiv\u00edduos e sociedade&#8221;<\/em>, destaca o artista.&nbsp;<\/p>\n\n\n\n<figure class=\"wp-block-embed is-type-rich is-provider-spotify wp-block-embed-spotify wp-embed-aspect-21-9 wp-has-aspect-ratio\"><div class=\"wp-block-embed__wrapper\">\n<iframe title=\"Spotify Embed: Olha\u00ed\" style=\"border-radius: 12px\" width=\"100%\" height=\"352\" frameborder=\"0\" allowfullscreen allow=\"autoplay; clipboard-write; encrypted-media; fullscreen; picture-in-picture\" loading=\"lazy\" src=\"https:\/\/open.spotify.com\/embed\/album\/6ebFenwaTKzvG9APZsZlxW?utm_source=oembed\"><\/iframe>\n<\/div><\/figure>\n\n\n\n<h2 class=\"wp-block-heading\">Pe Lu feat Lofi Land, LinearWave, Colours in the dark e Epifania<\/h2>\n\n\n\n<p>Somando mais de 200 milh\u00f5es de streamings, os maiores produtores do Lofi se uniram em um single que promete levar do relaxamento ao foco, ou vice-versa, conforme o interesse do ouvinte. <strong>Pe Lu<\/strong>, <strong>Lofi Land, LinearWave, Colours in the dark<\/strong> e <strong>Epifania. <\/strong>Composta por Chris Martin, <strong>\u201cYellow\u201d<\/strong> une um beat com influ\u00eancia do lofi hip hop, texturas e melodias de lofi cl\u00e1ssico, feito para relaxar e focar, com vocais na onda da Shiloh Dinasty- &nbsp; produtora famosa por ter seus vocais em faixas do xxxtentacion com centenas de milh\u00f5es de plays.&nbsp;<em>\u201cSomos apaixonados por essa m\u00fasica e pela mensagem amorosa e bonita dela. Essa \u00e9 uma daquelas m\u00fasicas de amor que de t\u00e3o poderosas servem para v\u00e1rios tipos de relacionamento diferentes, o que \u00e9 uma tarefa dif\u00edcil de se executar. A melodia, sens\u00edvel e marcante, completam esse ambiente de carinho e aconchego\u201d, explica Pe Lu.<\/em><\/p>\n\n\n\n<figure class=\"wp-block-embed is-type-rich is-provider-spotify wp-block-embed-spotify wp-embed-aspect-21-9 wp-has-aspect-ratio\"><div class=\"wp-block-embed__wrapper\">\n<iframe title=\"Spotify Embed: Yellow\" style=\"border-radius: 12px\" width=\"100%\" height=\"352\" frameborder=\"0\" allowfullscreen allow=\"autoplay; clipboard-write; encrypted-media; fullscreen; picture-in-picture\" loading=\"lazy\" src=\"https:\/\/open.spotify.com\/embed\/album\/5Wmjn0PPDFBufLMHFS6E8z?utm_source=oembed\"><\/iframe>\n<\/div><\/figure>\n\n\n\n<h2 class=\"wp-block-heading\">Lalalaura<\/h2>\n\n\n\n<p>Com influ\u00eancias de The Strokes, Wet Leg e Courtney Barnett, a cantora e compositora, <strong>Lalalaura<\/strong> traz um tema mais do que atual em seu novo single \u201c<strong>talvez o problema seja eu\u201d<\/strong>: a ansiedade. Parte do selo Papaya Music, dos produtores e compositores Pe Lu (Restart, SELVA), Fred Vieira (SUBB) e Renato Frei, a artista comemora o sucesso do EP \u201cN\u00e3o sei usar Excel\u201d De forma inventiva, trazendo um humor cr\u00edtico dos outros e de si, Lalalaura apresenta um rock indie direto e reto. \u201cEssa \u00e9 uma carta aberta, leia quem tiver afim, sempre tive uma ou duas manias\u201d, ela canta sobre baixo e guitarra que carregam o single.<\/p>\n\n\n\n<figure class=\"wp-block-embed is-type-rich is-provider-spotify wp-block-embed-spotify wp-embed-aspect-21-9 wp-has-aspect-ratio\"><div class=\"wp-block-embed__wrapper\">\n<iframe title=\"Spotify Embed: Talvez o Problema Seja Eu\" style=\"border-radius: 12px\" width=\"100%\" height=\"352\" frameborder=\"0\" allowfullscreen allow=\"autoplay; clipboard-write; encrypted-media; fullscreen; picture-in-picture\" loading=\"lazy\" src=\"https:\/\/open.spotify.com\/embed\/album\/4Wx7IxNpv0caspljzbFMKL?utm_source=oembed\"><\/iframe>\n<\/div><\/figure>\n\n\n\n<h2 class=\"wp-block-heading\">Yosh#<\/h2>\n\n\n\n<p>O jovem cantor e compositor <strong>Yosh#<\/strong>, natural de Valinhos (SP) e atualmente morando na cidade de Weston, na Fl\u00f3rida (EUA), comemora nesta sexta-feira (7), o lan\u00e7amento do <em>single <\/em>\u201c<strong>Fight Against the Distance<\/strong>\u201d. A nova faixa, que chega na esteira do lan\u00e7amento do seu mais recente \u00e1lbum <a href=\"https:\/\/open.spotify.com\/album\/2nwRKFvkg6iCKl9LoAHY4W?si=-VdsjTMUQfanPxShYXn5tQ\" target=\"_blank\" rel=\"noopener\">\u201cCircles, Part I\u201d<\/a> (lan\u00e7ado h\u00e1 apenas tr\u00eas meses), estar\u00e1 dispon\u00edvel em todas as plataformas digitais e \u00e9 um lan\u00e7amento do selo musical <strong>Mar\u00e3 M\u00fasica<\/strong>.&nbsp;<\/p>\n\n\n\n<figure class=\"wp-block-embed is-type-rich is-provider-spotify wp-block-embed-spotify wp-embed-aspect-21-9 wp-has-aspect-ratio\"><div class=\"wp-block-embed__wrapper\">\n<iframe title=\"Spotify Embed: Fight Against the Distance\" style=\"border-radius: 12px\" width=\"100%\" height=\"352\" frameborder=\"0\" allowfullscreen allow=\"autoplay; clipboard-write; encrypted-media; fullscreen; picture-in-picture\" loading=\"lazy\" src=\"https:\/\/open.spotify.com\/embed\/album\/2WrPDYdLdKpU9Re4IOGtIE?utm_source=oembed\"><\/iframe>\n<\/div><\/figure>\n\n\n\n<h2 class=\"wp-block-heading\">Clovis feat Ton Carfi<\/h2>\n\n\n\n<p>O cantor e compositor <strong>Clovis Pinho<\/strong> traz uma bela releitura da can\u00e7\u00e3o <strong>\u201cNingu\u00e9m Explica Deus\u201d<\/strong>, com a participa\u00e7\u00e3o mais que especial de <strong>Ton Carfi<\/strong>. A primeira vers\u00e3o da m\u00fasica, lan\u00e7ada com o grupo Preto no Branco em dezembro de 2015, j\u00e1 ultrapassou a casa dos milh\u00f5es de visualiza\u00e7\u00f5es no YouTube e de plays nas plataformas digitais, se tornando um hino entoado em v\u00e1rias partes do mundo.<\/p>\n\n\n\n<figure class=\"wp-block-embed is-type-rich is-provider-spotify wp-block-embed-spotify wp-embed-aspect-21-9 wp-has-aspect-ratio\"><div class=\"wp-block-embed__wrapper\">\n<iframe title=\"Spotify Embed: Ningu\u00e9m Explica Deus\" style=\"border-radius: 12px\" width=\"100%\" height=\"352\" frameborder=\"0\" allowfullscreen allow=\"autoplay; clipboard-write; encrypted-media; fullscreen; picture-in-picture\" loading=\"lazy\" src=\"https:\/\/open.spotify.com\/embed\/album\/0rtnasiLRIz9jg94tmwTU3?utm_source=oembed\"><\/iframe>\n<\/div><\/figure>\n\n\n\n<h2 class=\"wp-block-heading\">Stray Kids<\/h2>\n\n\n\n<p><strong>\u201cMaxident<\/strong>\u201d \u00e9 o s\u00e9timo extended play em coreano da boy band sul-coreana<strong> Stray Kids, <\/strong>que vem sete meses ap\u00f3s o EP anterior \u201cOddinary\u201d. O disco apresenta um repert\u00f3rio de oito m\u00fasicas.&nbsp;<\/p>\n\n\n\n<figure class=\"wp-block-embed is-type-rich is-provider-spotify wp-block-embed-spotify wp-embed-aspect-21-9 wp-has-aspect-ratio\"><div class=\"wp-block-embed__wrapper\">\n<iframe title=\"Spotify Embed: MAXIDENT\" style=\"border-radius: 12px\" width=\"100%\" height=\"352\" frameborder=\"0\" allowfullscreen allow=\"autoplay; clipboard-write; encrypted-media; fullscreen; picture-in-picture\" loading=\"lazy\" src=\"https:\/\/open.spotify.com\/embed\/album\/0T6hYH0UyDjNraWZk2mZWi?utm_source=oembed\"><\/iframe>\n<\/div><\/figure>\n\n\n\n<h2 class=\"wp-block-heading\">Duquesa<\/h2>\n\n\n\n<p>Trilhando seu caminho na cena R&amp;B nacional, a cantora e compositora <strong>Duquesa <\/strong>apresenta a faixa-foco de seu primeiro EP \u2013 trabalho que chega em novembro, por meio da Boogie Naipe, produtora por tr\u00e1s de nomes como Racionais MC&#8217;s e Mano Brown. O single<strong> &#8220;Duas da Manh\u00e3&#8221; <\/strong>delineia uma nova faceta da artista, agora explorando as dualidades do amor da mulher preta de maneira mais ousada e sensual. <em>&#8220;Canto sobre uma uma fase em que me escondo, mas depois assumo querer viver um amor rom\u00e2ntico&#8221;<\/em>, resume a artista. A faixa chegou aos aplicativos de streaming nesta quinta-feira (6 de outubro), acompanhada de um videoclipe que estende a narrativa da can\u00e7\u00e3o, com refer\u00eancias da est\u00e9tica 2000&#8217;s R&amp;B. O clipe j\u00e1 est\u00e1 dispon\u00edvel no canal de YouTube da artista.<\/p>\n\n\n\n<figure class=\"wp-block-embed is-type-rich is-provider-spotify wp-block-embed-spotify wp-embed-aspect-21-9 wp-has-aspect-ratio\"><div class=\"wp-block-embed__wrapper\">\n<iframe title=\"Spotify Embed: Duas da Manh\u00e3\" style=\"border-radius: 12px\" width=\"100%\" height=\"352\" frameborder=\"0\" allowfullscreen allow=\"autoplay; clipboard-write; encrypted-media; fullscreen; picture-in-picture\" loading=\"lazy\" src=\"https:\/\/open.spotify.com\/embed\/album\/4abXc101PwZSpjUovJdABZ?utm_source=oembed\"><\/iframe>\n<\/div><\/figure>\n\n\n\n<h2 class=\"wp-block-heading\">Tau\u00e3 Cordel<\/h2>\n\n\n\n<p>O cantor <strong>Tau\u00e3<\/strong> Cordel lan\u00e7ou, nesta quinta-feira (7), em todas as plataformas digitais, via <strong>ONErpm<\/strong>,<strong> &#8220;Avisa&#8221;<\/strong>, uma releitura de um dos grandes sucessos do grupo Falamansa. O lan\u00e7amento faz parte do projeto #TBT, gravado no tradicional restaurante Beijupir\u00e1, em Olinda \u2013 regi\u00e3o metropolitana de Recife.<\/p>\n\n\n\n<figure class=\"wp-block-embed\"><div class=\"wp-block-embed__wrapper\">\nhttps:\/\/open.spotify.com\/album\/6dAS1btjiTQa1VS\n<\/div><\/figure>\n\n\n\n<h2 class=\"wp-block-heading\">Luthuly feat Bivolt&nbsp;<\/h2>\n\n\n\n<p>Dono de uma potente voz, o cantor e compositor <strong>Luthuly<\/strong> carrega consigo a ess\u00eancia da brasilidade e a traduz de forma singular para suas composi\u00e7\u00f5es. Celebrando a nova fase da carreira, o artista natural do Rio de Janeiro apresenta ao p\u00fablico o single <strong>\u201cEla\u201d<\/strong>, em colabora\u00e7\u00e3o com a rapper paulista <strong>Bivolt. <\/strong>Apostando em um som mais direto, \u201cEla\u201d conversa com a nova gera\u00e7\u00e3o da MPB e deixa em evid\u00eancia a variedade de estilos em que Luthuly \u00e9 capaz de performar.&nbsp;<\/p>\n\n\n\n<figure class=\"wp-block-embed is-type-rich is-provider-spotify wp-block-embed-spotify wp-embed-aspect-21-9 wp-has-aspect-ratio\"><div class=\"wp-block-embed__wrapper\">\n<iframe title=\"Spotify Embed: Ela\" style=\"border-radius: 12px\" width=\"100%\" height=\"352\" frameborder=\"0\" allowfullscreen allow=\"autoplay; clipboard-write; encrypted-media; fullscreen; picture-in-picture\" loading=\"lazy\" src=\"https:\/\/open.spotify.com\/embed\/album\/6hgMAiw5faQUZgStrv3EDg?utm_source=oembed\"><\/iframe>\n<\/div><\/figure>\n\n\n\n<h2 class=\"wp-block-heading\">Igow feat Mc Mari<\/h2>\n\n\n\n<p>O DJ e produtor musical <strong>Igow<\/strong> &#8211; mais conhecido por suas parcerias com o sertanejo Matheus Fernandes -, lan\u00e7a&nbsp; o single <strong>\u201cFesta na Piscina\u201d<\/strong>, em um feat in\u00e9dito com o fen\u00f4meno MC Mari. A track apresenta um mix do g\u00eanero brega funk com m\u00fasica eletr\u00f4nica, mistura que vem se popularizando no Brasil nos \u00faltimos anos. No clipe, gravado em uma mans\u00e3o de luxo, os artistas s\u00e3o vistos rodeados por dan\u00e7arinas, dando o tom animado \u00e0 festa na piscina. As cenas se alternam entre as \u00e1reas internas e externas da casa, onde Igow e MC Mari cantam sobre curti\u00e7\u00e3o.<\/p>\n\n\n\n<figure class=\"wp-block-embed is-type-rich is-provider-spotify wp-block-embed-spotify wp-embed-aspect-21-9 wp-has-aspect-ratio\"><div class=\"wp-block-embed__wrapper\">\n<iframe title=\"Spotify Embed: Festa Na Piscina\" style=\"border-radius: 12px\" width=\"100%\" height=\"352\" frameborder=\"0\" allowfullscreen allow=\"autoplay; clipboard-write; encrypted-media; fullscreen; picture-in-picture\" loading=\"lazy\" src=\"https:\/\/open.spotify.com\/embed\/album\/7yafmwSvv1AkeCF31035H7?utm_source=oembed\"><\/iframe>\n<\/div><\/figure>\n\n\n\n<h2 class=\"wp-block-heading\">Mac Julia feat PK Delas e DJ Alle da Cor<\/h2>\n\n\n\n<p>Dona de hits de sucesso, como &#8220;Sof\u00e1, Breja e Netflix&#8221; e &#8220;Se T\u00e1 Solteira&#8221;, <strong>Mac Julia<\/strong> vem construindo uma carreira s\u00f3lida e se firmando como um dos principais nomes femininos do rap no Brasil. Versando sempre com intensidade sobre a liberdade da mulher, a cantora e compositora mostra sua versatilidade em mais um single. Mergulhando na sonoridade do funk carioca, a artista lan\u00e7a<strong> &#8220;Rompe&#8221;<\/strong>, com PK Delas e DJ Alle da Cor.<\/p>\n\n\n\n<figure class=\"wp-block-embed is-type-rich is-provider-spotify wp-block-embed-spotify wp-embed-aspect-21-9 wp-has-aspect-ratio\"><div class=\"wp-block-embed__wrapper\">\n<iframe title=\"Spotify Embed: Rompe\" style=\"border-radius: 12px\" width=\"100%\" height=\"352\" frameborder=\"0\" allowfullscreen allow=\"autoplay; clipboard-write; encrypted-media; fullscreen; picture-in-picture\" loading=\"lazy\" src=\"https:\/\/open.spotify.com\/embed\/album\/283BKOpijdldRWEsKOfAmT?utm_source=oembed\"><\/iframe>\n<\/div><\/figure>\n\n\n\n<h2 class=\"wp-block-heading\">Hozier<\/h2>\n\n\n\n<p>O cantor e compositor irland\u00eas <strong>Hozier<\/strong> retornou com uma nova m\u00fasica <strong>\u201cSwan Upon Leda\u201d<\/strong>. A m\u00fasica aparecer\u00e1 em seu terceiro \u00e1lbum de est\u00fadio \u201cUnreal Unearth\u201d, que deve ser lan\u00e7ado ainda este ano. Este ser\u00e1 seu primeiro \u00e1lbum em tr\u00eas anos desde o \u00e1lbum de 2019.&nbsp;<\/p>\n\n\n\n<figure class=\"wp-block-embed is-type-rich is-provider-spotify wp-block-embed-spotify wp-embed-aspect-21-9 wp-has-aspect-ratio\"><div class=\"wp-block-embed__wrapper\">\n<iframe title=\"Spotify Embed: Swan Upon Leda\" style=\"border-radius: 12px\" width=\"100%\" height=\"352\" frameborder=\"0\" allowfullscreen allow=\"autoplay; clipboard-write; encrypted-media; fullscreen; picture-in-picture\" loading=\"lazy\" src=\"https:\/\/open.spotify.com\/embed\/album\/7m6BGvx8EBvA7VXsoOKMuk?utm_source=oembed\"><\/iframe>\n<\/div><\/figure>\n\n\n\n<h3 class=\"wp-block-heading\">Outros lan\u00e7amentos<\/h3>\n\n\n\n<h3 class=\"wp-block-heading\">Wesley Safad\u00e3o<\/h3>\n\n\n\n<center><iframe loading=\"lazy\" style=\"border-radius:12px\" src=\"https:\/\/open.spotify.com\/embed\/album\/2oWwrQdP0baKtj55Jf2ql0?utm_source=generator\" width=\"100%\" height=\"380\" frameborder=\"0\" allowfullscreen=\"\" allow=\"autoplay; clipboard-write; encrypted-media; fullscreen; picture-in-picture\"><\/iframe><\/center>\n\n\n\n<h3 class=\"wp-block-heading\">Jo\u00e3o Gomes feat Yara Tch\u00ea<\/h3>\n\n\n\n<figure class=\"wp-block-embed is-type-video is-provider-youtube wp-block-embed-youtube wp-embed-aspect-16-9 wp-has-aspect-ratio\"><div class=\"wp-block-embed__wrapper\">\n<iframe loading=\"lazy\" title=\"ESPERANDO VOC\u00ca \/ MUNDO INTEIRO - Jo\u00e3o Gomes e Yara Tch\u00ea (DVD Acredite - Ao Vivo em Recife)\" width=\"880\" height=\"495\" src=\"https:\/\/www.youtube.com\/embed\/FQgZAj45ojY?feature=oembed\" frameborder=\"0\" allow=\"accelerometer; autoplay; clipboard-write; encrypted-media; gyroscope; picture-in-picture; web-share\" referrerpolicy=\"strict-origin-when-cross-origin\" allowfullscreen><\/iframe>\n<\/div><\/figure>\n\n\n\n<h3 class=\"wp-block-heading\"><br>Lucas Lucco&nbsp;<\/h3>\n\n\n\n<figure class=\"wp-block-embed is-type-rich is-provider-spotify wp-block-embed-spotify wp-embed-aspect-21-9 wp-has-aspect-ratio\"><div class=\"wp-block-embed__wrapper\">\n<iframe title=\"Spotify Embed: Vou Virar Pe\u00e3o (Ao Vivo)\" style=\"border-radius: 12px\" width=\"100%\" height=\"352\" frameborder=\"0\" allowfullscreen allow=\"autoplay; clipboard-write; encrypted-media; fullscreen; picture-in-picture\" loading=\"lazy\" src=\"https:\/\/open.spotify.com\/embed\/album\/4ZyGN8gtQI3i3Cl1INZhYX?utm_source=oembed\"><\/iframe>\n<\/div><\/figure>\n\n\n\n<h3 class=\"wp-block-heading\">Netto e Henrique<\/h3>\n\n\n\n<figure class=\"wp-block-embed is-type-rich is-provider-spotify wp-block-embed-spotify wp-embed-aspect-21-9 wp-has-aspect-ratio\"><div class=\"wp-block-embed__wrapper\">\n<iframe title=\"Spotify Embed: Simplesmente Ac\u00fastico (Ao Vivo \/ Vol. 2)\" style=\"border-radius: 12px\" width=\"100%\" height=\"352\" frameborder=\"0\" allowfullscreen allow=\"autoplay; clipboard-write; encrypted-media; fullscreen; picture-in-picture\" loading=\"lazy\" src=\"https:\/\/open.spotify.com\/embed\/album\/57Lpp71FDTUn1gr9Xb1J3j?utm_source=oembed\"><\/iframe>\n<\/div><\/figure>\n\n\n\n<h3 class=\"wp-block-heading\">Ty Dolla $ign &amp; Mustard<\/h3>\n\n\n\n<figure class=\"wp-block-embed is-type-rich is-provider-spotify wp-block-embed-spotify wp-embed-aspect-21-9 wp-has-aspect-ratio\"><div class=\"wp-block-embed__wrapper\">\n<iframe title=\"Spotify Embed: My Friends (feat. Lil Durk)\" style=\"border-radius: 12px\" width=\"100%\" height=\"352\" frameborder=\"0\" allowfullscreen allow=\"autoplay; clipboard-write; encrypted-media; fullscreen; picture-in-picture\" loading=\"lazy\" src=\"https:\/\/open.spotify.com\/embed\/album\/2clsCCVAKCSc7PcwJ7uFLW?utm_source=oembed\"><\/iframe>\n<\/div><\/figure>\n\n\n\n<h3 class=\"wp-block-heading\">Adam Lambert<\/h3>\n\n\n\n<figure class=\"wp-block-embed is-type-rich is-provider-spotify wp-block-embed-spotify wp-embed-aspect-21-9 wp-has-aspect-ratio\"><div class=\"wp-block-embed__wrapper\">\n<iframe title=\"Spotify Embed: Mad About the Boy\" style=\"border-radius: 12px\" width=\"100%\" height=\"352\" frameborder=\"0\" allowfullscreen allow=\"autoplay; clipboard-write; encrypted-media; fullscreen; picture-in-picture\" loading=\"lazy\" src=\"https:\/\/open.spotify.com\/embed\/album\/3j2L0K6cvEOxQVOROZEoIS?utm_source=oembed\"><\/iframe>\n<\/div><\/figure>\n\n\n\n<h3 class=\"wp-block-heading\">Kodak Black&nbsp;<\/h3>\n\n\n\n<figure class=\"wp-block-embed is-type-rich is-provider-spotify wp-block-embed-spotify wp-embed-aspect-21-9 wp-has-aspect-ratio\"><div class=\"wp-block-embed__wrapper\">\n<iframe title=\"Spotify Embed: I\u2019m So Awesome\" style=\"border-radius: 12px\" width=\"100%\" height=\"352\" frameborder=\"0\" allowfullscreen allow=\"autoplay; clipboard-write; encrypted-media; fullscreen; picture-in-picture\" loading=\"lazy\" src=\"https:\/\/open.spotify.com\/embed\/album\/4D0WwN3ZWPdVqGLYRQw7pd?utm_source=oembed\"><\/iframe>\n<\/div><\/figure>\n\n\n\n<h3 class=\"wp-block-heading\">Maisie Peters&nbsp;<\/h3>\n\n\n\n<figure class=\"wp-block-embed is-type-rich is-provider-spotify wp-block-embed-spotify wp-embed-aspect-21-9 wp-has-aspect-ratio\"><div class=\"wp-block-embed__wrapper\">\n<iframe title=\"Spotify Embed: Not Another Rockstar\" style=\"border-radius: 12px\" width=\"100%\" height=\"352\" frameborder=\"0\" allowfullscreen allow=\"autoplay; clipboard-write; encrypted-media; fullscreen; picture-in-picture\" loading=\"lazy\" src=\"https:\/\/open.spotify.com\/embed\/album\/1kiowmIzvFyO1hXi1Wyqkn?utm_source=oembed\"><\/iframe>\n<\/div><\/figure>\n\n\n\n<h3 class=\"wp-block-heading\">Darren Hayes<\/h3>\n\n\n\n<figure class=\"wp-block-embed is-type-rich is-provider-spotify wp-block-embed-spotify wp-embed-aspect-21-9 wp-has-aspect-ratio\"><div class=\"wp-block-embed__wrapper\">\n<iframe title=\"Spotify Embed: Homosexual\" style=\"border-radius: 12px\" width=\"100%\" height=\"352\" frameborder=\"0\" allowfullscreen allow=\"autoplay; clipboard-write; encrypted-media; fullscreen; picture-in-picture\" loading=\"lazy\" src=\"https:\/\/open.spotify.com\/embed\/album\/5z033Znec1mOrjsXNxFqjM?utm_source=oembed\"><\/iframe>\n<\/div><\/figure>\n\n\n\n<h3 class=\"wp-block-heading\">GAYLE<\/h3>\n\n\n\n<figure class=\"wp-block-embed is-type-rich is-provider-spotify wp-block-embed-spotify wp-embed-aspect-21-9 wp-has-aspect-ratio\"><div class=\"wp-block-embed__wrapper\">\n<iframe title=\"Spotify Embed: a study of the human experience volume two\" style=\"border-radius: 12px\" width=\"100%\" height=\"352\" frameborder=\"0\" allowfullscreen allow=\"autoplay; clipboard-write; encrypted-media; fullscreen; picture-in-picture\" loading=\"lazy\" src=\"https:\/\/open.spotify.com\/embed\/album\/4k9Mz7WO4U1rx3JIRF3iFz?utm_source=oembed\"><\/iframe>\n<\/div><\/figure>\n\n\n\n<h3 class=\"wp-block-heading\">Joshua Bassett<\/h3>\n\n\n\n<figure class=\"wp-block-embed is-type-rich is-provider-spotify wp-block-embed-spotify wp-embed-aspect-21-9 wp-has-aspect-ratio\"><div class=\"wp-block-embed__wrapper\">\n<iframe title=\"Spotify Embed: would you love me now?\" style=\"border-radius: 12px\" width=\"100%\" height=\"352\" frameborder=\"0\" allowfullscreen allow=\"autoplay; clipboard-write; encrypted-media; fullscreen; picture-in-picture\" loading=\"lazy\" src=\"https:\/\/open.spotify.com\/embed\/album\/7FhtEvJcaDWM92vlsJUrkw?utm_source=oembed\"><\/iframe>\n<\/div><\/figure>\n\n\n\n<h3 class=\"wp-block-heading\">\u200bMimi Webb<\/h3>\n\n\n\n<figure class=\"wp-block-embed is-type-rich is-provider-spotify wp-block-embed-spotify wp-embed-aspect-21-9 wp-has-aspect-ratio\"><div class=\"wp-block-embed__wrapper\">\n<iframe title=\"Spotify Embed: Ghost of You\" style=\"border-radius: 12px\" width=\"100%\" height=\"352\" frameborder=\"0\" allowfullscreen allow=\"autoplay; clipboard-write; encrypted-media; fullscreen; picture-in-picture\" loading=\"lazy\" src=\"https:\/\/open.spotify.com\/embed\/album\/3tDXcAFGzJelw2FvjDP9aI?utm_source=oembed\"><\/iframe>\n<\/div><\/figure>\n\n\n\n<h3 class=\"wp-block-heading\">NAESSA<\/h3>\n\n\n\n<figure class=\"wp-block-embed is-type-rich is-provider-spotify wp-block-embed-spotify wp-embed-aspect-21-9 wp-has-aspect-ratio\"><div class=\"wp-block-embed__wrapper\">\n<iframe title=\"Spotify Embed: Correndo Do Tchau\" style=\"border-radius: 12px\" width=\"100%\" height=\"352\" frameborder=\"0\" allowfullscreen allow=\"autoplay; clipboard-write; encrypted-media; fullscreen; picture-in-picture\" loading=\"lazy\" src=\"https:\/\/open.spotify.com\/embed\/album\/6Ov3FfZ06rE22owgghD925?utm_source=oembed\"><\/iframe>\n<\/div><\/figure>\n\n\n\n<h3 class=\"wp-block-heading\">3Breezy<\/h3>\n\n\n\n<figure class=\"wp-block-embed is-type-rich is-provider-spotify wp-block-embed-spotify wp-embed-aspect-21-9 wp-has-aspect-ratio\"><div class=\"wp-block-embed__wrapper\">\n<iframe title=\"Spotify Embed: All Of Me\" style=\"border-radius: 12px\" width=\"100%\" height=\"352\" frameborder=\"0\" allowfullscreen allow=\"autoplay; clipboard-write; encrypted-media; fullscreen; picture-in-picture\" loading=\"lazy\" src=\"https:\/\/open.spotify.com\/embed\/album\/4vzGua7BYmBwGKtXVj5Z5U?utm_source=oembed\"><\/iframe>\n<\/div><\/figure>\n\n\n\n<h3 class=\"wp-block-heading\">bbno$<\/h3>\n\n\n\n<figure class=\"wp-block-embed is-type-rich is-provider-spotify wp-block-embed-spotify wp-embed-aspect-21-9 wp-has-aspect-ratio\"><div class=\"wp-block-embed__wrapper\">\n<iframe title=\"Spotify Embed: top gun\" style=\"border-radius: 12px\" width=\"100%\" height=\"352\" frameborder=\"0\" allowfullscreen allow=\"autoplay; clipboard-write; encrypted-media; fullscreen; picture-in-picture\" loading=\"lazy\" src=\"https:\/\/open.spotify.com\/embed\/album\/3yCB0HDiI8ilckWy85Em4u?utm_source=oembed\"><\/iframe>\n<\/div><\/figure>\n\n\n\n<figure class=\"wp-block-embed is-type-rich is-provider-spotify wp-block-embed-spotify wp-embed-aspect-21-9 wp-has-aspect-ratio\"><div class=\"wp-block-embed__wrapper\">\n<iframe title=\"Spotify Embed: Lan\u00e7amentos da semana by POP +\" style=\"border-radius: 12px\" width=\"100%\" height=\"352\" frameborder=\"0\" allowfullscreen allow=\"autoplay; clipboard-write; encrypted-media; fullscreen; picture-in-picture\" loading=\"lazy\" src=\"https:\/\/open.spotify.com\/embed\/playlist\/6wTneMDrHfgctoSDS3GqNw?utm_source=oembed\"><\/iframe>\n<\/div><\/figure>\n","protected":false},"excerpt":{"rendered":"<p>Os primeiros lan\u00e7amentos do m\u00eas de outubro chegam nesta sexta-feira (7), com uma coluna fresquinha de novidade para adicionar na sua playlist!&nbsp;E hoje traz, como destaque a banda M\u00e5neskin com toda melancolia no single \u201cTHE LONELIEST\u201c. Tem ainda o novo \u00e1lbum de Charlie Puth, ALOK ao lado de Ellie Goulding e ao DJ Sigala em [&hellip;]<\/p>\n","protected":false},"author":2,"featured_media":142541,"comment_status":"closed","ping_status":"open","sticky":false,"template":"","format":"standard","meta":{"footnotes":""},"categories":[2164],"tags":[266,232,12483,9949,6877,494,12482],"class_list":["post-142515","post","type-post","status-publish","format-standard","has-post-thumbnail","hentry","category-lancamentos","tag-alok","tag-charlie-puth","tag-lancamentos-da-semana","tag-maneskin","tag-marc-yann","tag-shawn-mendes","tag-spartakus"],"_links":{"self":[{"href":"https:\/\/portalpopmais.com.br\/en\/wp-json\/wp\/v2\/posts\/142515","targetHints":{"allow":["GET"]}}],"collection":[{"href":"https:\/\/portalpopmais.com.br\/en\/wp-json\/wp\/v2\/posts"}],"about":[{"href":"https:\/\/portalpopmais.com.br\/en\/wp-json\/wp\/v2\/types\/post"}],"author":[{"embeddable":true,"href":"https:\/\/portalpopmais.com.br\/en\/wp-json\/wp\/v2\/users\/2"}],"replies":[{"embeddable":true,"href":"https:\/\/portalpopmais.com.br\/en\/wp-json\/wp\/v2\/comments?post=142515"}],"version-history":[{"count":0,"href":"https:\/\/portalpopmais.com.br\/en\/wp-json\/wp\/v2\/posts\/142515\/revisions"}],"wp:featuredmedia":[{"embeddable":true,"href":"https:\/\/portalpopmais.com.br\/en\/wp-json\/wp\/v2\/media\/142541"}],"wp:attachment":[{"href":"https:\/\/portalpopmais.com.br\/en\/wp-json\/wp\/v2\/media?parent=142515"}],"wp:term":[{"taxonomy":"category","embeddable":true,"href":"https:\/\/portalpopmais.com.br\/en\/wp-json\/wp\/v2\/categories?post=142515"},{"taxonomy":"post_tag","embeddable":true,"href":"https:\/\/portalpopmais.com.br\/en\/wp-json\/wp\/v2\/tags?post=142515"}],"curies":[{"name":"wp","href":"https:\/\/api.w.org\/{rel}","templated":true}]}}