{"id":142865,"date":"2022-10-08T08:30:00","date_gmt":"2022-10-08T11:30:00","guid":{"rendered":"https:\/\/portalpopmais.com.br\/?p=142865"},"modified":"2022-10-08T02:36:47","modified_gmt":"2022-10-08T05:36:47","slug":"fatima-bernardes-gravacoes-the-voice-brasil","status":"publish","type":"post","link":"https:\/\/portalpopmais.com.br\/en\/fatima-bernardes-gravacoes-the-voice-brasil\/","title":{"rendered":"\u2018A todo vapor\u2019; F\u00e1tima Bernardes realiza grava\u00e7\u00f5es do \u201cThe Voice Brasil\u201d"},"content":{"rendered":"<p>Em meio a diversas incertezas, <strong><a href=\"https:\/\/portalpopmais.com.br\/en\/fatima-bernardes-apoia-lula\/\" data-type=\"post\" data-id=\"141615\">F\u00e1tima Bernardes<\/a><\/strong> segue com a grava\u00e7\u00e3o dos epis\u00f3dios da 11\u00aa temporada do \u201cThe Voice Brasil\u201d na Globo. Noticiado aqui pelo <strong><a href=\"https:\/\/portalpopmais.com.br\/en\/\">POP Mais<\/a><\/strong>, os <a href=\"https:\/\/portalpopmais.com.br\/en\/deu-zebra-teste-de-fatima-bernardes-no-the-voice-brasil-nao-agradou-pelos-bastidores\/\" data-type=\"post\" data-id=\"116352\">pilotos iniciais do programa<\/a> n\u00e3o estavam dando certo.<\/p>\n\n\n\n<p>No entanto, segundo informa\u00e7\u00f5es do colunista Fl\u00e1vio Ricco do portal <a href=\"https:\/\/r7.com\" data-type=\"URL\" data-id=\"https:\/\/r7.com\" target=\"_blank\" rel=\"noopener\">R7<\/a>, a emissora carioca parece ter solucionado o problema com a jornalista. Vale lembrar que a estreia da nova edi\u00e7\u00e3o est\u00e1 programada para dia 15 de novembro, uma ter\u00e7a-feira.<\/p>\n\n\n\n<p>No j\u00fari, os cantores Lulu Santos, Michel Tel\u00f3, Iza e Gaby Amarantos. Nos bastidores, Tha\u00eds Fersoza mostrar\u00e1 os preparativos dos candidatos da competi\u00e7\u00e3o musical.<\/p>\n\n\n\n<h3 class=\"wp-block-heading\">Impasses<\/h3>\n\n\n\n<p>Ainda com informa\u00e7\u00f5es do colunista Ricco, h\u00e1 impasses de quem comandar\u00e1 a edi\u00e7\u00e3o + do \u201cThe Voice\u201d. As duas \u00faltimas edi\u00e7\u00f5es foi apresentadas por Andr\u00e9 Marques, com bastidores de Thalita Rebou\u00e7as e Tha\u00eds Fersoza.<\/p>","protected":false},"excerpt":{"rendered":"<p>Em meio a diversas incertezas, F\u00e1tima Bernardes segue com a grava\u00e7\u00e3o dos epis\u00f3dios da 11\u00aa temporada do \u201cThe Voice Brasil\u201d na Globo. Noticiado aqui pelo POP Mais, os pilotos iniciais do programa n\u00e3o estavam dando certo. No entanto, segundo informa\u00e7\u00f5es do colunista Fl\u00e1vio Ricco do portal R7, a emissora carioca parece ter solucionado o problema [&hellip;]<\/p>\n","protected":false},"author":2,"featured_media":142877,"comment_status":"closed","ping_status":"open","sticky":false,"template":"","format":"standard","meta":{"footnotes":""},"categories":[181],"tags":[8329,8092],"class_list":["post-142865","post","type-post","status-publish","format-standard","has-post-thumbnail","hentry","category-televisao","tag-fatima-bernardes-2","tag-the-voice-brasil"],"_links":{"self":[{"href":"https:\/\/portalpopmais.com.br\/en\/wp-json\/wp\/v2\/posts\/142865","targetHints":{"allow":["GET"]}}],"collection":[{"href":"https:\/\/portalpopmais.com.br\/en\/wp-json\/wp\/v2\/posts"}],"about":[{"href":"https:\/\/portalpopmais.com.br\/en\/wp-json\/wp\/v2\/types\/post"}],"author":[{"embeddable":true,"href":"https:\/\/portalpopmais.com.br\/en\/wp-json\/wp\/v2\/users\/2"}],"replies":[{"embeddable":true,"href":"https:\/\/portalpopmais.com.br\/en\/wp-json\/wp\/v2\/comments?post=142865"}],"version-history":[{"count":0,"href":"https:\/\/portalpopmais.com.br\/en\/wp-json\/wp\/v2\/posts\/142865\/revisions"}],"wp:featuredmedia":[{"embeddable":true,"href":"https:\/\/portalpopmais.com.br\/en\/wp-json\/wp\/v2\/media\/142877"}],"wp:attachment":[{"href":"https:\/\/portalpopmais.com.br\/en\/wp-json\/wp\/v2\/media?parent=142865"}],"wp:term":[{"taxonomy":"category","embeddable":true,"href":"https:\/\/portalpopmais.com.br\/en\/wp-json\/wp\/v2\/categories?post=142865"},{"taxonomy":"post_tag","embeddable":true,"href":"https:\/\/portalpopmais.com.br\/en\/wp-json\/wp\/v2\/tags?post=142865"}],"curies":[{"name":"wp","href":"https:\/\/api.w.org\/{rel}","templated":true}]}}