{"id":142899,"date":"2022-10-08T09:56:23","date_gmt":"2022-10-08T12:56:23","guid":{"rendered":"https:\/\/portalpopmais.com.br\/?p=142899"},"modified":"2022-10-08T09:57:05","modified_gmt":"2022-10-08T12:57:05","slug":"deolane-ameaca-atropelar-deborah","status":"publish","type":"post","link":"https:\/\/portalpopmais.com.br\/en\/deolane-ameaca-atropelar-deborah\/","title":{"rendered":"A Fazenda 14: Deolane amea\u00e7a atropelar Deborah fora do reality: &#8220;Vai ver quem sou eu&#8221;; veja v\u00eddeo"},"content":{"rendered":"<p class=\"wp-block-paragraph\">As tretas intermin\u00e1veis seguem em &#8220;A Fazenda 14&#8221;. <strong><a href=\"http:\/\/instagram.com\/portalpopmais\" target=\"_blank\" rel=\"noopener\">Deolane Bezerra<\/a><\/strong> e <strong><a href=\"https:\/\/portalpopmais.com.br\/en\/a-fazenda-14-deborah-albuquerque-passa-mal-quase-desmaia-e-assusta-peoes-veja-video\/\" data-type=\"post\" data-id=\"139528\">Deborah Albuquerque<\/a><\/strong> voltaram a brigar na \u00faltima noite, incendiando o reality, desta vez com direito a amea\u00e7as fora do programa.<\/p>\n\n\n\n<p class=\"wp-block-paragraph\">O barraco come\u00e7ou quando P\u00e9tala Barreiros resolveu entrar no quarto da sede, querendo ver as fotos dos filhos. A ruiva, que estava conversando com os aliados, resolveu comentar que a participante tinha ido ao local somente para ouvir a conversa dela.<\/p>\n\n\n\n<h2 class=\"wp-block-heading\">Veja tamb\u00e9m<\/h2>\n\n\n<ul class=\"wp-block-latest-posts__list is-grid aligncenter wp-block-latest-posts is-layout-flow wp-block-latest-posts-is-layout-flow\"><li><div class=\"wp-block-latest-posts__featured-image aligncenter\"><a href=\"https:\/\/portalpopmais.com.br\/en\/brasileira-expulsa-de-reality-argentina\/\" aria-label=\"Quem \u00e9 a brasileira expulsa de reality na Argentina ap\u00f3s confus\u00e3o\"><img loading=\"lazy\" decoding=\"async\" width=\"768\" height=\"456\" src=\"https:\/\/portalpopmais.com.br\/wp-content\/uploads\/2026\/08\/brasileira-expulsa-reality-argentina-portalpopmais-768x456.png\" class=\"attachment-medium size-medium wp-post-image\" alt=\"brasileira expulsa reality argentina portalpopmais\" style=\"\" srcset=\"https:\/\/portalpopmais.com.br\/wp-content\/uploads\/2026\/08\/brasileira-expulsa-reality-argentina-portalpopmais-768x456.png 768w, https:\/\/portalpopmais.com.br\/wp-content\/uploads\/2026\/08\/brasileira-expulsa-reality-argentina-portalpopmais-1170x694.png 1170w, https:\/\/portalpopmais.com.br\/wp-content\/uploads\/2026\/08\/brasileira-expulsa-reality-argentina-portalpopmais-18x10.png 18w\" sizes=\"auto, (max-width: 768px) 100vw, 768px\" title=\"\"><\/a><\/div><a class=\"wp-block-latest-posts__post-title\" href=\"https:\/\/portalpopmais.com.br\/en\/brasileira-expulsa-de-reality-argentina\/\">Quem \u00e9 a brasileira expulsa de reality na Argentina ap\u00f3s confus\u00e3o<\/a><\/li>\n<li><div class=\"wp-block-latest-posts__featured-image aligncenter\"><a href=\"https:\/\/portalpopmais.com.br\/en\/quem-e-lucas-cardoso-participante-do-rancho-maia-que-viralizou\/\" aria-label=\"Quem \u00e9 Lucas Cardoso, participante do Rancho Maia que viralizou\"><img loading=\"lazy\" decoding=\"async\" width=\"768\" height=\"456\" src=\"https:\/\/portalpopmais.com.br\/wp-content\/uploads\/2026\/08\/lucas-cardoso-768x456.png\" class=\"attachment-medium size-medium wp-post-image\" alt=\"lucas cardoso\" style=\"\" title=\"\"><\/a><\/div><a class=\"wp-block-latest-posts__post-title\" href=\"https:\/\/portalpopmais.com.br\/en\/quem-e-lucas-cardoso-participante-do-rancho-maia-que-viralizou\/\">Quem \u00e9 Lucas Cardoso, participante do Rancho Maia que viralizou<\/a><\/li>\n<li><div class=\"wp-block-latest-posts__featured-image aligncenter\"><a href=\"https:\/\/portalpopmais.com.br\/en\/davi-brito-desiste-luta-rico-melquiades\/\" aria-label=\"Davi Brito vira &#8220;piada&#8221; na web ap\u00f3s desistir de luta contra Rico Melquiades\"><img loading=\"lazy\" decoding=\"async\" width=\"768\" height=\"456\" src=\"https:\/\/portalpopmais.com.br\/wp-content\/uploads\/2026\/08\/Davi-Brito-vira-piada-na-web-apos-desistir-de-luta-contra-Rico-Melquiades-768x456.png\" class=\"attachment-medium size-medium wp-post-image\" alt=\"Davi Brito vira piada na web ap\u00f3s desistir de luta contra Rico Melquiades\" style=\"\" srcset=\"https:\/\/portalpopmais.com.br\/wp-content\/uploads\/2026\/08\/Davi-Brito-vira-piada-na-web-apos-desistir-de-luta-contra-Rico-Melquiades-768x456.png 768w, https:\/\/portalpopmais.com.br\/wp-content\/uploads\/2026\/08\/Davi-Brito-vira-piada-na-web-apos-desistir-de-luta-contra-Rico-Melquiades-1170x694.png 1170w, https:\/\/portalpopmais.com.br\/wp-content\/uploads\/2026\/08\/Davi-Brito-vira-piada-na-web-apos-desistir-de-luta-contra-Rico-Melquiades-18x10.png 18w\" sizes=\"auto, (max-width: 768px) 100vw, 768px\" title=\"\"><\/a><\/div><a class=\"wp-block-latest-posts__post-title\" href=\"https:\/\/portalpopmais.com.br\/en\/davi-brito-desiste-luta-rico-melquiades\/\">Davi Brito vira &#8220;piada&#8221; na web ap\u00f3s desistir de luta contra Rico Melquiades<\/a><\/li>\n<li><div class=\"wp-block-latest-posts__featured-image aligncenter\"><a href=\"https:\/\/portalpopmais.com.br\/en\/personal-carlinhos-maia-observa-machdove-banho\/\" aria-label=\"&#8220;H\u00e9tero&#8221;, personal de Carlinhos Maia \u00e9 flagrado observando banho de MachDove\"><img loading=\"lazy\" decoding=\"async\" width=\"768\" height=\"456\" src=\"https:\/\/portalpopmais.com.br\/wp-content\/uploads\/2026\/08\/personal-carlinhos-maia-observa-machdove-banho-768x456.png\" class=\"attachment-medium size-medium wp-post-image\" alt=\"personal carlinhos maia observa machdove banho\" style=\"\" srcset=\"https:\/\/portalpopmais.com.br\/wp-content\/uploads\/2026\/08\/personal-carlinhos-maia-observa-machdove-banho-768x456.png 768w, https:\/\/portalpopmais.com.br\/wp-content\/uploads\/2026\/08\/personal-carlinhos-maia-observa-machdove-banho-1170x694.png 1170w, https:\/\/portalpopmais.com.br\/wp-content\/uploads\/2026\/08\/personal-carlinhos-maia-observa-machdove-banho-18x10.png 18w\" sizes=\"auto, (max-width: 768px) 100vw, 768px\" title=\"\"><\/a><\/div><a class=\"wp-block-latest-posts__post-title\" href=\"https:\/\/portalpopmais.com.br\/en\/personal-carlinhos-maia-observa-machdove-banho\/\">&#8220;H\u00e9tero&#8221;, personal de Carlinhos Maia \u00e9 flagrado observando banho de MachDove<\/a><\/li>\n<li><div class=\"wp-block-latest-posts__featured-image aligncenter\"><a href=\"https:\/\/portalpopmais.com.br\/en\/video-andressa-urach-e-mc-mirella-protagonizam-barraco-e-partem-para-agressao\/\" aria-label=\"V\u00eddeo: Andressa Urach e MC Mirella protagonizam barraco e partem para agress\u00e3o\"><img loading=\"lazy\" decoding=\"async\" width=\"768\" height=\"456\" src=\"https:\/\/portalpopmais.com.br\/wp-content\/uploads\/2026\/08\/video-briga-urach-mirella-rancho-maia-768x456.png\" class=\"attachment-medium size-medium wp-post-image\" alt=\"video briga urach mirella rancho maia\" style=\"\" srcset=\"https:\/\/portalpopmais.com.br\/wp-content\/uploads\/2026\/08\/video-briga-urach-mirella-rancho-maia-768x456.png 768w, https:\/\/portalpopmais.com.br\/wp-content\/uploads\/2026\/08\/video-briga-urach-mirella-rancho-maia-1170x694.png 1170w\" sizes=\"auto, (max-width: 768px) 100vw, 768px\" title=\"\"><\/a><\/div><a class=\"wp-block-latest-posts__post-title\" href=\"https:\/\/portalpopmais.com.br\/en\/video-andressa-urach-e-mc-mirella-protagonizam-barraco-e-partem-para-agressao\/\">V\u00eddeo: Andressa Urach e MC Mirella protagonizam barraco e partem para agress\u00e3o<\/a><\/li>\n<li><div class=\"wp-block-latest-posts__featured-image aligncenter\"><a href=\"https:\/\/portalpopmais.com.br\/en\/carlinhos-maia-e-anderson-neiff-fazem-se-beijam-no-rancho-maia-veja-video\/\" aria-label=\"Carlinhos Maia e Anderson Neiff se beijam no Rancho Maia; veja v\u00eddeo\"><img loading=\"lazy\" decoding=\"async\" width=\"768\" height=\"456\" src=\"https:\/\/portalpopmais.com.br\/wp-content\/uploads\/2026\/08\/Carlinhos-Maia-e-Anderson-Neiff-768x456.png\" class=\"attachment-medium size-medium wp-post-image\" alt=\"Carlinhos Maia e Anderson Neiff\" style=\"\" srcset=\"https:\/\/portalpopmais.com.br\/wp-content\/uploads\/2026\/08\/Carlinhos-Maia-e-Anderson-Neiff-768x456.png 768w, https:\/\/portalpopmais.com.br\/wp-content\/uploads\/2026\/08\/Carlinhos-Maia-e-Anderson-Neiff-1170x694.png 1170w, https:\/\/portalpopmais.com.br\/wp-content\/uploads\/2026\/08\/Carlinhos-Maia-e-Anderson-Neiff-18x10.png 18w\" sizes=\"auto, (max-width: 768px) 100vw, 768px\" title=\"\"><\/a><\/div><a class=\"wp-block-latest-posts__post-title\" href=\"https:\/\/portalpopmais.com.br\/en\/carlinhos-maia-e-anderson-neiff-fazem-se-beijam-no-rancho-maia-veja-video\/\">Carlinhos Maia e Anderson Neiff se beijam no Rancho Maia; veja v\u00eddeo<\/a><\/li>\n<\/ul>\n\n\n<p class=\"wp-block-paragraph\"><em>&#8220;At\u00e9 as pessoas neutras, j\u00e1 sacaram que voc\u00ea faz essa jogadinha baixa de querer escutar as coisas dos outros. Quando ningu\u00e9m aqui vai no seu grupo escutar as conversas de voc\u00eas&#8221;, <\/em>afirmou Deborah. A influenciadora digital caiu no choro, indo se lamentar para Deolane, que tomou as dores da amiga.<\/p>\n\n\n\n<p class=\"wp-block-paragraph\">Deolane foi tirar satisfa\u00e7\u00f5es com Deborah, e, durante a discuss\u00e3o, amea\u00e7ou atropelar e &#8220;pegar&#8221; a ex-Power Couple do lado de fora do programa, em tom de agress\u00e3o, chocando os participantes.<\/p>\n\n\n\n<p class=\"wp-block-paragraph\"><em>&#8220;Eu d\u00favido se eu n\u00e3o te pego l\u00e1 fora e n\u00e3o arrebendo sua cara, eu d\u00favido! Eu d\u00favido se n\u00e3o te atropelo, a\u00ed voc\u00ea vai ver quem sou eu!&#8221;,<\/em> afirmou a loira.<\/p>\n\n\n\n<figure class=\"wp-block-embed is-type-rich is-provider-twitter wp-block-embed-twitter\"><div class=\"wp-block-embed__wrapper\">\n<blockquote class=\"twitter-tweet\" data-width=\"550\" data-dnt=\"true\"><p lang=\"pt\" dir=\"ltr\">E elas n\u00e3o param! \ud83d\udd25\ud83d\udd25\ud83d\udd25 <a href=\"https:\/\/twitter.com\/hashtag\/AFazenda?src=hash&amp;ref_src=twsrc%5Etfw\" target=\"_blank\" rel=\"noopener\">#AFazenda<\/a> <a href=\"https:\/\/t.co\/yLGV4xYtdC\">pic.twitter.com\/yLGV4xYtdC<\/a><\/p>&mdash; A Fazenda (@afazendarecord) <a href=\"https:\/\/twitter.com\/afazendarecord\/status\/1578568136500166656?ref_src=twsrc%5Etfw\" target=\"_blank\" rel=\"noopener\">October 8, 2022<\/a><\/blockquote><script async src=\"https:\/\/platform.twitter.com\/widgets.js\" charset=\"utf-8\"><\/script>\n<\/div><\/figure>","protected":false},"excerpt":{"rendered":"<p>As tretas intermin\u00e1veis seguem em &#8220;A Fazenda 14&#8221;. Deolane Bezerra e Deborah Albuquerque voltaram a brigar na \u00faltima noite, incendiando o reality, desta vez com direito a amea\u00e7as fora do programa. O barraco come\u00e7ou quando P\u00e9tala Barreiros resolveu entrar no quarto da sede, querendo ver as fotos dos filhos. A ruiva, que estava conversando com [&hellip;]<\/p>\n","protected":false},"author":2,"featured_media":142902,"comment_status":"closed","ping_status":"open","sticky":false,"template":"","format":"standard","meta":{"footnotes":""},"categories":[8605],"tags":[12206,8650],"class_list":["post-142899","post","type-post","status-publish","format-standard","has-post-thumbnail","hentry","category-realities","tag-deborah-albuquerque","tag-deolane-bezerra"],"_links":{"self":[{"href":"https:\/\/portalpopmais.com.br\/en\/wp-json\/wp\/v2\/posts\/142899","targetHints":{"allow":["GET"]}}],"collection":[{"href":"https:\/\/portalpopmais.com.br\/en\/wp-json\/wp\/v2\/posts"}],"about":[{"href":"https:\/\/portalpopmais.com.br\/en\/wp-json\/wp\/v2\/types\/post"}],"author":[{"embeddable":true,"href":"https:\/\/portalpopmais.com.br\/en\/wp-json\/wp\/v2\/users\/2"}],"replies":[{"embeddable":true,"href":"https:\/\/portalpopmais.com.br\/en\/wp-json\/wp\/v2\/comments?post=142899"}],"version-history":[{"count":0,"href":"https:\/\/portalpopmais.com.br\/en\/wp-json\/wp\/v2\/posts\/142899\/revisions"}],"wp:featuredmedia":[{"embeddable":true,"href":"https:\/\/portalpopmais.com.br\/en\/wp-json\/wp\/v2\/media\/142902"}],"wp:attachment":[{"href":"https:\/\/portalpopmais.com.br\/en\/wp-json\/wp\/v2\/media?parent=142899"}],"wp:term":[{"taxonomy":"category","embeddable":true,"href":"https:\/\/portalpopmais.com.br\/en\/wp-json\/wp\/v2\/categories?post=142899"},{"taxonomy":"post_tag","embeddable":true,"href":"https:\/\/portalpopmais.com.br\/en\/wp-json\/wp\/v2\/tags?post=142899"}],"curies":[{"name":"wp","href":"https:\/\/api.w.org\/{rel}","templated":true}]}}