{"id":142974,"date":"2022-10-09T12:03:04","date_gmt":"2022-10-09T15:03:04","guid":{"rendered":"https:\/\/portalpopmais.com.br\/?p=142974"},"modified":"2022-10-09T12:03:09","modified_gmt":"2022-10-09T15:03:09","slug":"iran-malfitano-polemica-estupro","status":"publish","type":"post","link":"https:\/\/portalpopmais.com.br\/en\/iran-malfitano-polemica-estupro\/","title":{"rendered":"A Fazenda 14: &#8220;Quando o estupro \u00e9 inevit\u00e1vel, relaxa e goza&#8221;, dispara Iran Malfitano; veja v\u00eddeo"},"content":{"rendered":"<p>Uma frase de <strong><a href=\"https:\/\/portalpopmais.com.br\/en\/thomaz-beijo-iran-a-fazenda\/\" data-type=\"post\" data-id=\"140115\">Iran Malfitano<\/a><\/strong> est\u00e1 dando o que falar nas <a href=\"http:\/\/instagram.com\/portalpopmais\" target=\"_blank\" rel=\"noopener\">redes sociais<\/a>. Em conversa com outros pe\u00f5es, o ator polemizou ao comentar sobre estupro.<\/p>\n\n\n\n<p>Ele, que dias atr\u00e1s admitiu que bate na filha Laura, de 11 anos, disse que &#8220;quando o estupro \u00e9 invit\u00e1vel&#8221;, a v\u00edtima deveria &#8220;relaxar e gozar&#8221;. Veja no v\u00eddeo abaixo:<\/p>\n\n\n\n<h2 class=\"wp-block-heading\">Veja tamb\u00e9m<\/h2>\n\n\n<ul class=\"wp-block-latest-posts__list is-grid columns-3 aligncenter wp-block-latest-posts\"><li><div class=\"wp-block-latest-posts__featured-image aligncenter\"><a href=\"https:\/\/portalpopmais.com.br\/en\/jonas-sulzbach-acusa-edicao-do-bbb-de-ser-tendenciosa\/\" aria-label=\"Jonas Sulzbach acusa edi\u00e7\u00e3o do BBB de ser tendenciosa\"><img loading=\"lazy\" decoding=\"async\" width=\"768\" height=\"450\" src=\"https:\/\/portalpopmais.com.br\/wp-content\/uploads\/2026\/03\/jonas-eliminado-bbb-26-768x450.jpg\" class=\"attachment-medium size-medium wp-post-image\" alt=\"jonas eliminado bbb 26\" style=\"\" srcset=\"https:\/\/portalpopmais.com.br\/wp-content\/uploads\/2026\/03\/jonas-eliminado-bbb-26-768x450.jpg 768w, https:\/\/portalpopmais.com.br\/wp-content\/uploads\/2026\/03\/jonas-eliminado-bbb-26-18x10.jpg 18w\" sizes=\"auto, (max-width: 768px) 100vw, 768px\" title=\"\"><\/a><\/div><a class=\"wp-block-latest-posts__post-title\" href=\"https:\/\/portalpopmais.com.br\/en\/jonas-sulzbach-acusa-edicao-do-bbb-de-ser-tendenciosa\/\">Jonas Sulzbach acusa edi\u00e7\u00e3o do BBB de ser tendenciosa<\/a><\/li>\n<li><div class=\"wp-block-latest-posts__featured-image aligncenter\"><a href=\"https:\/\/portalpopmais.com.br\/en\/samira-quebra-o-silencio-sobre-o-fim-da-amizade-com-juliano-floss\/\" aria-label=\"Samira quebra o sil\u00eancio sobre o fim da amizade com Juliano Floss\"><img loading=\"lazy\" decoding=\"async\" width=\"768\" height=\"456\" src=\"https:\/\/portalpopmais.com.br\/wp-content\/uploads\/2026\/04\/samira-fala-fim-amizade-juliano-floss-768x456.png\" class=\"attachment-medium size-medium wp-post-image\" alt=\"samira fala fim amizade juliano floss\" style=\"\" srcset=\"https:\/\/portalpopmais.com.br\/wp-content\/uploads\/2026\/04\/samira-fala-fim-amizade-juliano-floss-768x456.png 768w, https:\/\/portalpopmais.com.br\/wp-content\/uploads\/2026\/04\/samira-fala-fim-amizade-juliano-floss-18x10.png 18w\" sizes=\"auto, (max-width: 768px) 100vw, 768px\" title=\"\"><\/a><\/div><a class=\"wp-block-latest-posts__post-title\" href=\"https:\/\/portalpopmais.com.br\/en\/samira-quebra-o-silencio-sobre-o-fim-da-amizade-com-juliano-floss\/\">Samira quebra o sil\u00eancio sobre o fim da amizade com Juliano Floss<\/a><\/li>\n<li><div class=\"wp-block-latest-posts__featured-image aligncenter\"><a href=\"https:\/\/portalpopmais.com.br\/en\/tudo-o-que-voce-precisa-saber-sobre-a-casa-do-patrao-novo-reality-da-record\/\" aria-label=\"Tudo o que voc\u00ea precisa saber sobre a &#8220;Casa do Patr\u00e3o&#8221;, novo reality da RECORD\"><img loading=\"lazy\" decoding=\"async\" width=\"768\" height=\"456\" src=\"https:\/\/portalpopmais.com.br\/wp-content\/uploads\/2026\/03\/Leandro-Hassum-confirmado-apresentador-casa-do-patrao-768x456.png\" class=\"attachment-medium size-medium wp-post-image\" alt=\"Leandro Hassum confirmado apresentador casa do patr\u00e3o\" style=\"\" srcset=\"https:\/\/portalpopmais.com.br\/wp-content\/uploads\/2026\/03\/Leandro-Hassum-confirmado-apresentador-casa-do-patrao-768x456.png 768w, https:\/\/portalpopmais.com.br\/wp-content\/uploads\/2026\/03\/Leandro-Hassum-confirmado-apresentador-casa-do-patrao-18x10.png 18w\" sizes=\"auto, (max-width: 768px) 100vw, 768px\" title=\"\"><\/a><\/div><a class=\"wp-block-latest-posts__post-title\" href=\"https:\/\/portalpopmais.com.br\/en\/tudo-o-que-voce-precisa-saber-sobre-a-casa-do-patrao-novo-reality-da-record\/\">Tudo o que voc\u00ea precisa saber sobre a &#8220;Casa do Patr\u00e3o&#8221;, novo reality da RECORD<\/a><\/li>\n<li><div class=\"wp-block-latest-posts__featured-image aligncenter\"><a href=\"https:\/\/portalpopmais.com.br\/en\/final-do-bbb-26-registra-baixa-audiencia-e-acende-alerta-na-globo\/\" aria-label=\"Final do BBB 26 registra baixa audi\u00eancia e acende alerta na Globo\"><img loading=\"lazy\" decoding=\"async\" width=\"768\" height=\"456\" src=\"https:\/\/portalpopmais.com.br\/wp-content\/uploads\/2026\/04\/juliano-floss-ana-paula-renault-e-milena-768x456.webp\" class=\"attachment-medium size-medium wp-post-image\" alt=\"juliano floss ana paula renault e milena\" style=\"\" srcset=\"https:\/\/portalpopmais.com.br\/wp-content\/uploads\/2026\/04\/juliano-floss-ana-paula-renault-e-milena-768x456.webp 768w, https:\/\/portalpopmais.com.br\/wp-content\/uploads\/2026\/04\/juliano-floss-ana-paula-renault-e-milena-18x12.webp 18w\" sizes=\"auto, (max-width: 768px) 100vw, 768px\" title=\"\"><\/a><\/div><a class=\"wp-block-latest-posts__post-title\" href=\"https:\/\/portalpopmais.com.br\/en\/final-do-bbb-26-registra-baixa-audiencia-e-acende-alerta-na-globo\/\">Final do BBB 26 registra baixa audi\u00eancia e acende alerta na Globo<\/a><\/li>\n<li><div class=\"wp-block-latest-posts__featured-image aligncenter\"><a href=\"https:\/\/portalpopmais.com.br\/en\/ana-paula-renault-vence-o-bbb-26-e-leva-premio-milionario-saiba-quanto\/\" aria-label=\"Ana Paula Renault vence o BBB 26 e leva pr\u00eamio milion\u00e1rio; saiba quanto\"><img loading=\"lazy\" decoding=\"async\" width=\"768\" height=\"450\" src=\"https:\/\/portalpopmais.com.br\/wp-content\/uploads\/2026\/03\/ana-paula-lider-bbb-26-768x450.jpg\" class=\"attachment-medium size-medium wp-post-image\" alt=\"ana paula lider bbb 26\" style=\"\" srcset=\"https:\/\/portalpopmais.com.br\/wp-content\/uploads\/2026\/03\/ana-paula-lider-bbb-26-768x450.jpg 768w, https:\/\/portalpopmais.com.br\/wp-content\/uploads\/2026\/03\/ana-paula-lider-bbb-26-18x10.jpg 18w\" sizes=\"auto, (max-width: 768px) 100vw, 768px\" title=\"\"><\/a><\/div><a class=\"wp-block-latest-posts__post-title\" href=\"https:\/\/portalpopmais.com.br\/en\/ana-paula-renault-vence-o-bbb-26-e-leva-premio-milionario-saiba-quanto\/\">Ana Paula Renault vence o BBB 26 e leva pr\u00eamio milion\u00e1rio; saiba quanto<\/a><\/li>\n<li><div class=\"wp-block-latest-posts__featured-image aligncenter\"><a href=\"https:\/\/portalpopmais.com.br\/en\/maior-treta-de-ana-paula-renault-no-bbb-26-foi-por-causa-do-pai\/\" aria-label=\"Maior treta de Ana Paula Renault no BBB 26 foi por causa do pai\"><img loading=\"lazy\" decoding=\"async\" width=\"768\" height=\"456\" src=\"https:\/\/portalpopmais.com.br\/wp-content\/uploads\/2026\/04\/ana-paula-renault-768x456.png\" class=\"attachment-medium size-medium wp-post-image\" alt=\"ana paula renault\" style=\"\" srcset=\"https:\/\/portalpopmais.com.br\/wp-content\/uploads\/2026\/04\/ana-paula-renault-768x456.png 768w, https:\/\/portalpopmais.com.br\/wp-content\/uploads\/2026\/04\/ana-paula-renault-18x12.png 18w\" sizes=\"auto, (max-width: 768px) 100vw, 768px\" title=\"\"><\/a><\/div><a class=\"wp-block-latest-posts__post-title\" href=\"https:\/\/portalpopmais.com.br\/en\/maior-treta-de-ana-paula-renault-no-bbb-26-foi-por-causa-do-pai\/\">Maior treta de Ana Paula Renault no BBB 26 foi por causa do pai<\/a><\/li>\n<\/ul>\n\n\n<figure class=\"wp-block-embed is-type-rich is-provider-twitter wp-block-embed-twitter\"><div class=\"wp-block-embed__wrapper\">\nhttps:\/\/twitter.com\/forumpandlr\/status\/1579086014450085888\n<\/div><\/figure>\n\n\n\n<p>Agora, ele entrou na mira dos outros pe\u00f5es, por conta de suas declara\u00e7\u00f5es pol\u00eamicas. Durante a festa que rolou na sexta-feira (7), Vini B\u00fcttel alertou o companheiro de reality sobre suas atitudes.<\/p>\n\n\n\n<p>&#8220;<em>Quando voc\u00ea falou &#8216;quando o estupro \u00e9 inevit\u00e1vel, relaxa e goza&#8217;, pegou mal. E um neg\u00f3cio que voc\u00ea falou pra Bia, que voc\u00ea dava uns tapas na boca da sua filha<\/em>&#8220;, relembrou o ex De F\u00e9rias Com o Ex Brasil. Ira tentou se explicar, mas n\u00e3o conseguiu estabelecer uma linha de racioc\u00ednio. Veja abaixo:<\/p>\n\n\n\n<figure class=\"wp-block-embed is-type-rich is-provider-twitter wp-block-embed-twitter\"><div class=\"wp-block-embed__wrapper\">\n<blockquote class=\"twitter-tweet\" data-width=\"550\" data-dnt=\"true\"><p lang=\"pt\" dir=\"ltr\">O Vini disse que quando o Iran falou que &quot;quando o estupro \u00e9 inevit\u00e1vel, relaxa e goza&quot; pegou mal <a href=\"https:\/\/twitter.com\/hashtag\/AFazenda?src=hash&amp;ref_src=twsrc%5Etfw\" target=\"_blank\" rel=\"noopener\">#AFazenda<\/a> <a href=\"https:\/\/t.co\/GRRBQPTaND\">https:\/\/t.co\/GRRBQPTaND<\/a><\/p>&mdash; Central Reality (@centralreality) <a href=\"https:\/\/twitter.com\/centralreality\/status\/1578569053786238976?ref_src=twsrc%5Etfw\" target=\"_blank\" rel=\"noopener\">October 8, 2022<\/a><\/blockquote><script async src=\"https:\/\/platform.twitter.com\/widgets.js\" charset=\"utf-8\"><\/script>\n<\/div><\/figure>","protected":false},"excerpt":{"rendered":"<p>Uma frase de Iran Malfitano est\u00e1 dando o que falar nas redes sociais. Em conversa com outros pe\u00f5es, o ator polemizou ao comentar sobre estupro. Ele, que dias atr\u00e1s admitiu que bate na filha Laura, de 11 anos, disse que &#8220;quando o estupro \u00e9 invit\u00e1vel&#8221;, a v\u00edtima deveria &#8220;relaxar e gozar&#8221;. Veja no v\u00eddeo abaixo: [&hellip;]<\/p>\n","protected":false},"author":1,"featured_media":142978,"comment_status":"closed","ping_status":"open","sticky":false,"template":"","format":"standard","meta":{"footnotes":""},"categories":[8605],"tags":[9241,12207],"class_list":["post-142974","post","type-post","status-publish","format-standard","has-post-thumbnail","hentry","category-realities","tag-a-fazenda-14","tag-iran-malfitano"],"_links":{"self":[{"href":"https:\/\/portalpopmais.com.br\/en\/wp-json\/wp\/v2\/posts\/142974","targetHints":{"allow":["GET"]}}],"collection":[{"href":"https:\/\/portalpopmais.com.br\/en\/wp-json\/wp\/v2\/posts"}],"about":[{"href":"https:\/\/portalpopmais.com.br\/en\/wp-json\/wp\/v2\/types\/post"}],"author":[{"embeddable":true,"href":"https:\/\/portalpopmais.com.br\/en\/wp-json\/wp\/v2\/users\/1"}],"replies":[{"embeddable":true,"href":"https:\/\/portalpopmais.com.br\/en\/wp-json\/wp\/v2\/comments?post=142974"}],"version-history":[{"count":0,"href":"https:\/\/portalpopmais.com.br\/en\/wp-json\/wp\/v2\/posts\/142974\/revisions"}],"wp:featuredmedia":[{"embeddable":true,"href":"https:\/\/portalpopmais.com.br\/en\/wp-json\/wp\/v2\/media\/142978"}],"wp:attachment":[{"href":"https:\/\/portalpopmais.com.br\/en\/wp-json\/wp\/v2\/media?parent=142974"}],"wp:term":[{"taxonomy":"category","embeddable":true,"href":"https:\/\/portalpopmais.com.br\/en\/wp-json\/wp\/v2\/categories?post=142974"},{"taxonomy":"post_tag","embeddable":true,"href":"https:\/\/portalpopmais.com.br\/en\/wp-json\/wp\/v2\/tags?post=142974"}],"curies":[{"name":"wp","href":"https:\/\/api.w.org\/{rel}","templated":true}]}}