{"id":14321,"date":"2018-12-22T21:53:04","date_gmt":"2018-12-22T21:53:04","guid":{"rendered":"http:\/\/popmais.com.br\/?p=14321"},"modified":"2018-12-22T21:53:04","modified_gmt":"2018-12-22T21:53:04","slug":"jao-e-barrado-de-falar-sobre-sua-sexualidade-em-entrevista","status":"publish","type":"post","link":"https:\/\/portalpopmais.com.br\/en\/jao-e-barrado-de-falar-sobre-sua-sexualidade-em-entrevista\/","title":{"rendered":"J\u00e3o \u00e9 barrado de falar sobre sua sexualidade em entrevista"},"content":{"rendered":"<p>Oi? H\u00e1 alguns dias a internet parou para falar da declara\u00e7\u00e3o de J\u00e3o sobre a letra da m\u00fasica &#8220;Me Beija Com Raiva&#8221;. Em entrevista \u00e0 revista GQ, o cantor afirmou que a letra da can\u00e7\u00e3o <a href=\"http:\/\/popmais.com.br\/me-beija-com-raiva-foi-escrita-para-um-cara-que-fodeu-meu-coracao-afirma-jao\/\" target=\"_blank\" rel=\"noopener\">era para um cara com quem viveu um relacionamento conturbado.<\/a>\u00a0\u201cEscrevi essa m\u00fasica para um cara que fodeu meu cora\u00e7\u00e3o\u201d, declarou.<\/p>\n<blockquote class=\"wp-embedded-content\" data-secret=\"7PEs7HTD0O\"><p><a href=\"https:\/\/popmais.com.br\/me-beija-com-raiva-foi-escrita-para-um-cara-que-fodeu-meu-coracao-afirma-jao\/\" target=\"_blank\" rel=\"noopener\">&#8220;Me Beija Com Raiva&#8221; foi escrita para um cara que fodeu meu cora\u00e7\u00e3o , afirma J\u00e3o<\/a><\/p><\/blockquote>\n<p><iframe loading=\"lazy\" title=\"&#8220;&#8220;Me Beija Com Raiva&#8221; foi escrita para um cara que fodeu meu cora\u00e7\u00e3o , afirma J\u00e3o&#8221; &#8212; POP Mais\" class=\"wp-embedded-content\" sandbox=\"allow-scripts\" security=\"restricted\" style=\"position: absolute; clip: rect(1px, 1px, 1px, 1px);\" src=\"https:\/\/popmais.com.br\/me-beija-com-raiva-foi-escrita-para-um-cara-que-fodeu-meu-coracao-afirma-jao\/embed\/#?secret=7PEs7HTD0O\" data-secret=\"7PEs7HTD0O\" width=\"600\" height=\"338\" frameborder=\"0\" marginwidth=\"0\" marginheight=\"0\" scrolling=\"no\"><\/iframe><\/p>\n<p>Pois bem, o canal\u00a0<a class=\"yt-simple-endpoint style-scope yt-formatted-string\" href=\"https:\/\/www.youtube.com\/channel\/UCOUGURG0R8rnZYJkjgKPXbw\" target=\"_blank\" rel=\"noopener\">SUAVE NA NIGHT<\/a>, entrevistou o int\u00e9rprete de &#8220;Imaturo&#8221;, e durante as perguntas questionou sobre a declara\u00e7\u00e3o pol\u00eamica do cantor. O apresentador indaga: &#8220;E essa semana soltou uma nota sobre a m\u00fasica &#8216;Me Beija Com Raiva&#8217;, que voc\u00ea falou que era pra um cara, como foi a repercuss\u00e3o disso pra voc\u00ea?&#8221;.\u00a0 O assessor imediatamente interviu e impediu o cantor de responder, afirmando que ele\u00a0ele falaria apenas sobre o show.<\/p>\n<p>Confira a partir de 3:25:<\/p>\n<p><iframe loading=\"lazy\" title=\"ENTREVISTA: J\u00c3O\" width=\"880\" height=\"495\" src=\"https:\/\/www.youtube.com\/embed\/znAKMCGpeR4?feature=oembed\" frameborder=\"0\" allow=\"accelerometer; autoplay; encrypted-media; gyroscope; picture-in-picture\" allowfullscreen><\/iframe><\/p>\n<p>Antes de atirar pedras, lembre que \u00e9 um assunto delicado, e ele ficou visivelmente constrangido com o questionamento. A quest\u00e3o aqui \u00e9, o assessor foi invasivo ou protetor?<\/p>\n<p>O que achou? <a href=\"https:\/\/www.facebook.com\/SitePopMais\/posts\/1529938343776096?__xts__%5B0%5D=68.ARCoeEm8li7vaxsux4VoSD-dHDYw-ut7qTQHMPJ9oryK3ZH4kIqis_yWRNEui65ozXLqrNH3sufzph9rKh131ToHfNHhHzP3fV-tjRmcyfxvfMQyGeQOssPTw-4UHIITVDRg16Drxxb7XpEfIxbiVmn7OzUVVZFhDLsLFRlCHfVSTFcZSVDyJpxvt5aKXMadBzkabix4SMF7NSigd63MfRHZIVAFnayCAe7SnWJQk_6mGMp40c3tN-yYME9gMEqbNWIx2hdvjO5mixcI_VgT2-Ow9uqO5ijhjQdHR6zV3b0XMink8TRS5BPw_WUiE2qdPrWrFFpLEAqeJVvtuIMviAzr8SGK&amp;__tn__=-R\" target=\"_blank\" rel=\"noopener\">Clique aqui<\/a> e comente!<\/p>\n<p>&nbsp;<\/p>","protected":false},"excerpt":{"rendered":"<p>Oi? H\u00e1 alguns dias a internet parou para falar da declara\u00e7\u00e3o de J\u00e3o sobre a letra da m\u00fasica &#8220;Me Beija Com Raiva&#8221;. Em entrevista \u00e0 revista GQ, o cantor afirmou que a letra da can\u00e7\u00e3o era para um cara com quem viveu um relacionamento conturbado.\u00a0\u201cEscrevi essa m\u00fasica para um cara que fodeu meu cora\u00e7\u00e3o\u201d, declarou. [&hellip;]<\/p>\n","protected":false},"author":2,"featured_media":14322,"comment_status":"closed","ping_status":"closed","sticky":false,"template":"","format":"standard","meta":{"footnotes":""},"categories":[173],"tags":[277],"class_list":["post-14321","post","type-post","status-publish","format-standard","has-post-thumbnail","hentry","category-celebridades","tag-jao"],"_links":{"self":[{"href":"https:\/\/portalpopmais.com.br\/en\/wp-json\/wp\/v2\/posts\/14321","targetHints":{"allow":["GET"]}}],"collection":[{"href":"https:\/\/portalpopmais.com.br\/en\/wp-json\/wp\/v2\/posts"}],"about":[{"href":"https:\/\/portalpopmais.com.br\/en\/wp-json\/wp\/v2\/types\/post"}],"author":[{"embeddable":true,"href":"https:\/\/portalpopmais.com.br\/en\/wp-json\/wp\/v2\/users\/2"}],"replies":[{"embeddable":true,"href":"https:\/\/portalpopmais.com.br\/en\/wp-json\/wp\/v2\/comments?post=14321"}],"version-history":[{"count":0,"href":"https:\/\/portalpopmais.com.br\/en\/wp-json\/wp\/v2\/posts\/14321\/revisions"}],"wp:featuredmedia":[{"embeddable":true,"href":"https:\/\/portalpopmais.com.br\/en\/wp-json\/"}],"wp:attachment":[{"href":"https:\/\/portalpopmais.com.br\/en\/wp-json\/wp\/v2\/media?parent=14321"}],"wp:term":[{"taxonomy":"category","embeddable":true,"href":"https:\/\/portalpopmais.com.br\/en\/wp-json\/wp\/v2\/categories?post=14321"},{"taxonomy":"post_tag","embeddable":true,"href":"https:\/\/portalpopmais.com.br\/en\/wp-json\/wp\/v2\/tags?post=14321"}],"curies":[{"name":"wp","href":"https:\/\/api.w.org\/{rel}","templated":true}]}}