{"id":143307,"date":"2022-10-11T07:00:00","date_gmt":"2022-10-11T10:00:00","guid":{"rendered":"https:\/\/portalpopmais.com.br\/?p=143307"},"modified":"2022-10-11T00:51:43","modified_gmt":"2022-10-11T03:51:43","slug":"ibope-redetv-record-news-tv-brasil-aparecida","status":"publish","type":"post","link":"https:\/\/portalpopmais.com.br\/en\/ibope-redetv-record-news-tv-brasil-aparecida\/","title":{"rendered":"No tra\u00e7o do Ibope, RedeTV \u00e9 atropelada pela Record News, TV Brasil e TV Aparecida"},"content":{"rendered":"<p>Que a <strong><a href=\"https:\/\/portalpopmais.com.br\/en\/sikera-jr-redetv-condenados-indenizacao\/\" data-type=\"post\" data-id=\"140385\">RedeTV!<\/a><\/strong> vem vivendo uma crise em seus \u00edndices de audi\u00eancia nos \u00faltimos tempos, j\u00e1 \u00e9 de conhecimento de todo mundo. Mas o canal vem superando cada vez mais, registrando tra\u00e7os de <a href=\"https:\/\/instagram.com\/portalpopmais\" data-type=\"URL\" data-id=\"https:\/\/instagram.com\/portalpopmais\" target=\"_blank\" rel=\"noopener\">Ibope<\/a> na maioria de suas atra\u00e7\u00f5es.<\/p>\n\n\n\n<p>Foi o que aconteceu no \u00faltimo domingo (9), quando a m\u00e9dia geral da emissora entre 7h da manh\u00e3 e meia noite chegou a meros 0,2 pontos na maior metr\u00f3pole do pa\u00eds. A maioria das m\u00e9dias dos programas eram de 0,1 e 0,2 pontos.<\/p>\n\n\n\n<p>O \u201c<a href=\"https:\/\/portalpopmais.com.br\/en\/redetv-dispensa-elenco-do-encrenca\/\" data-type=\"post\" data-id=\"116073\">Encrenca<\/a>\u201d, humor\u00edstico que chegou a ser destaque antes de sua passagem para a <a href=\"https:\/\/portalpopmais.com.br\/en\/band-bandnews-realizam-debate-governador-sp\/\" data-type=\"post\" data-id=\"143078\">Band<\/a>, vem sendo um fiasco de p\u00fablico. A m\u00e9dia registrada no \u00faltimo dia 9 foi de apenas 0,4 pontos, com ressalvas para os 0,2 recebidos da NFL, Liga de Futebol Americano.<\/p>\n\n\n\n<p>O percentual foi t\u00e3o ruim que at\u00e9 a <a href=\"https:\/\/portalpopmais.com.br\/en\/record-news-cresce-140-aniversario-15-anos\/\" data-type=\"post\" data-id=\"141027\">Record News<\/a> se saiu melhor durante o hor\u00e1rio da atra\u00e7\u00e3o, pontuando 0,7 pontos. A TV Gazeta ainda levou a melhor diante da RedeTV, com 0,6 pontos durante a faixa do programa.<\/p>\n\n\n\n<p>Se n\u00e3o bastasse perder para suas concorrentes, o canal conseguiu ser pior, descendo a ladeira na lista de canais por ordem de suas m\u00e9dias di\u00e1rias. Como j\u00e1 citado, os 0,2 pontos do domingo foi superado por nada menos de cinco emissoras, estando na d\u00e9cima posi\u00e7\u00e3o.<\/p>\n\n\n\n<p>Al\u00e9m das tradicionais <a href=\"https:\/\/portalpopmais.com.br\/en\/globo-coloca-debate-presidencial-mais-cedo\/\" data-type=\"post\" data-id=\"142867\">Globo<\/a>, <a href=\"https:\/\/portalpopmais.com.br\/en\/sbt-tiro-pe-desligar-eleicoes-eliana-record\/\" data-type=\"post\" data-id=\"141950\">SBT<\/a>, <a href=\"https:\/\/portalpopmais.com.br\/en\/hackers-cifra-milionaria-devolver-record\/\" data-type=\"post\" data-id=\"143297\">Record<\/a> e <a href=\"https:\/\/portalpopmais.com.br\/en\/pronunciamento-moraes-datena-maior-ibope-band\/\" data-type=\"post\" data-id=\"141953\">Band<\/a>, as emissoras que venceram a RedeTV foram: TV Cultura, Record News, TV Brasil, TV Aparecida e TV Gazeta, dando o 10\u00b0 lugar para a lanterninha do momento.<\/p>","protected":false},"excerpt":{"rendered":"<p>Que a RedeTV! vem vivendo uma crise em seus \u00edndices de audi\u00eancia nos \u00faltimos tempos, j\u00e1 \u00e9 de conhecimento de todo mundo. Mas o canal vem superando cada vez mais, registrando tra\u00e7os de Ibope na maioria de suas atra\u00e7\u00f5es. Foi o que aconteceu no \u00faltimo domingo (9), quando a m\u00e9dia geral da emissora entre 7h [&hellip;]<\/p>\n","protected":false},"author":2,"featured_media":143319,"comment_status":"closed","ping_status":"open","sticky":false,"template":"","format":"standard","meta":{"footnotes":""},"categories":[181],"tags":[495,777],"class_list":["post-143307","post","type-post","status-publish","format-standard","has-post-thumbnail","hentry","category-televisao","tag-record-news","tag-redetv"],"_links":{"self":[{"href":"https:\/\/portalpopmais.com.br\/en\/wp-json\/wp\/v2\/posts\/143307","targetHints":{"allow":["GET"]}}],"collection":[{"href":"https:\/\/portalpopmais.com.br\/en\/wp-json\/wp\/v2\/posts"}],"about":[{"href":"https:\/\/portalpopmais.com.br\/en\/wp-json\/wp\/v2\/types\/post"}],"author":[{"embeddable":true,"href":"https:\/\/portalpopmais.com.br\/en\/wp-json\/wp\/v2\/users\/2"}],"replies":[{"embeddable":true,"href":"https:\/\/portalpopmais.com.br\/en\/wp-json\/wp\/v2\/comments?post=143307"}],"version-history":[{"count":0,"href":"https:\/\/portalpopmais.com.br\/en\/wp-json\/wp\/v2\/posts\/143307\/revisions"}],"wp:featuredmedia":[{"embeddable":true,"href":"https:\/\/portalpopmais.com.br\/en\/wp-json\/wp\/v2\/media\/143319"}],"wp:attachment":[{"href":"https:\/\/portalpopmais.com.br\/en\/wp-json\/wp\/v2\/media?parent=143307"}],"wp:term":[{"taxonomy":"category","embeddable":true,"href":"https:\/\/portalpopmais.com.br\/en\/wp-json\/wp\/v2\/categories?post=143307"},{"taxonomy":"post_tag","embeddable":true,"href":"https:\/\/portalpopmais.com.br\/en\/wp-json\/wp\/v2\/tags?post=143307"}],"curies":[{"name":"wp","href":"https:\/\/api.w.org\/{rel}","templated":true}]}}