{"id":143311,"date":"2022-10-11T08:00:00","date_gmt":"2022-10-11T11:00:00","guid":{"rendered":"https:\/\/portalpopmais.com.br\/?p=143311"},"modified":"2022-10-11T00:50:08","modified_gmt":"2022-10-11T03:50:08","slug":"pantanal-queda-ibope-reexibicao-capitulo","status":"publish","type":"post","link":"https:\/\/portalpopmais.com.br\/en\/pantanal-queda-ibope-reexibicao-capitulo\/","title":{"rendered":"\u201cPantanal\u201d registra queda de Ibope em reexibi\u00e7\u00e3o de \u00faltimo cap\u00edtulo"},"content":{"rendered":"<p>Ser\u00e1 que vale a pena ver de novo? \u201c<a href=\"https:\/\/portalpopmais.com.br\/en\/audiencia-pantanal-ultimo-capitulo-globo\/\" data-type=\"post\" data-id=\"142915\">Pantanal<\/a>\u201d pelo visto n\u00e3o deu gosto de bis para o p\u00fablico rever o desfecho da trama das nove da noite, com redu\u00e7\u00e3o em 26% no comparativo com o s\u00e1bado anterior.<\/p>\n\n\n\n<p>Segundo dados do Kantar Ibope Media, no levantamento do site TV Pop, a m\u00e9dia da reexibi\u00e7\u00e3o do \u00faltimo cap\u00edtulo da novela das nove foi de apenas 22,2 pontos, sendo a atra\u00e7\u00e3o mais vista do dia.<\/p>\n\n\n\n<p>No s\u00e1bado anterior, \u201cPantanal\u201d tamb\u00e9m ocupou esse posto, no entanto com um percentual superior ao registrado da reprise do cap\u00edtulo, com um \u00edndice de 30,4 pontos na Grande S\u00e3o Paulo.<\/p>\n\n\n\n<p>Com isso, a <a href=\"https:\/\/instagram.com\/portalpopmais\" data-type=\"URL\" data-id=\"https:\/\/instagram.com\/portalpopmais\" target=\"_blank\" rel=\"noopener\">Globo<\/a> fechou o 8 de outubro com uma m\u00e9dia di\u00e1ria de 12 pontos na maior metr\u00f3pole do pa\u00eds. Depois do remake escrito por Bruno Luperi, vem o \u201c<a href=\"https:\/\/portalpopmais.com.br\/en\/video-jornal-nacional-chama-intervalo-logo-apos-escalada-e-assusta-a-web\/\" data-type=\"post\" data-id=\"142553\">Jornal Nacional<\/a>\u201d, com 20,7 pontos.<\/p>\n\n\n\n<h3 class=\"wp-block-heading\">De olho na not\u00edcia<\/h3>\n\n\n\n<p>O \u201cSPTV 2\u00aa Edi\u00e7\u00e3o\u201d s\u00f3 n\u00e3o venceu para a antecessora de \u201cTravesssia\u201d, estando a frente de \u201cMar do Sert\u00e3o\u201d, que pontuou 17,1 pontos, e \u201c<a href=\"https:\/\/portalpopmais.com.br\/en\/cara-e-coragem-derrapa-ibope-globo-alem-cota\/\" data-type=\"post\" data-id=\"137869\">Cara e Coragem<\/a>\u201d, registrando 17,6 pontos. Em seus pouco mais de vinte minutos no ar, o jornal local cravou 18, pontos na Grande SP.<\/p>","protected":false},"excerpt":{"rendered":"<p>Ser\u00e1 que vale a pena ver de novo? \u201cPantanal\u201d pelo visto n\u00e3o deu gosto de bis para o p\u00fablico rever o desfecho da trama das nove da noite, com redu\u00e7\u00e3o em 26% no comparativo com o s\u00e1bado anterior. Segundo dados do Kantar Ibope Media, no levantamento do site TV Pop, a m\u00e9dia da reexibi\u00e7\u00e3o do [&hellip;]<\/p>\n","protected":false},"author":2,"featured_media":143321,"comment_status":"closed","ping_status":"open","sticky":false,"template":"","format":"standard","meta":{"footnotes":""},"categories":[181],"tags":[180,2326],"class_list":["post-143311","post","type-post","status-publish","format-standard","has-post-thumbnail","hentry","category-televisao","tag-globo","tag-pantanal"],"_links":{"self":[{"href":"https:\/\/portalpopmais.com.br\/en\/wp-json\/wp\/v2\/posts\/143311","targetHints":{"allow":["GET"]}}],"collection":[{"href":"https:\/\/portalpopmais.com.br\/en\/wp-json\/wp\/v2\/posts"}],"about":[{"href":"https:\/\/portalpopmais.com.br\/en\/wp-json\/wp\/v2\/types\/post"}],"author":[{"embeddable":true,"href":"https:\/\/portalpopmais.com.br\/en\/wp-json\/wp\/v2\/users\/2"}],"replies":[{"embeddable":true,"href":"https:\/\/portalpopmais.com.br\/en\/wp-json\/wp\/v2\/comments?post=143311"}],"version-history":[{"count":0,"href":"https:\/\/portalpopmais.com.br\/en\/wp-json\/wp\/v2\/posts\/143311\/revisions"}],"wp:featuredmedia":[{"embeddable":true,"href":"https:\/\/portalpopmais.com.br\/en\/wp-json\/wp\/v2\/media\/143321"}],"wp:attachment":[{"href":"https:\/\/portalpopmais.com.br\/en\/wp-json\/wp\/v2\/media?parent=143311"}],"wp:term":[{"taxonomy":"category","embeddable":true,"href":"https:\/\/portalpopmais.com.br\/en\/wp-json\/wp\/v2\/categories?post=143311"},{"taxonomy":"post_tag","embeddable":true,"href":"https:\/\/portalpopmais.com.br\/en\/wp-json\/wp\/v2\/tags?post=143311"}],"curies":[{"name":"wp","href":"https:\/\/api.w.org\/{rel}","templated":true}]}}