{"id":143488,"date":"2022-10-11T19:07:30","date_gmt":"2022-10-11T22:07:30","guid":{"rendered":"https:\/\/portalpopmais.com.br\/?p=143488"},"modified":"2022-10-11T19:11:04","modified_gmt":"2022-10-11T22:11:04","slug":"suposto-video-do-deputado-bolsonarista-nikolas-ferreira-fazendo-sexo-gay-agita-redes-sociais","status":"publish","type":"post","link":"https:\/\/portalpopmais.com.br\/en\/suposto-video-do-deputado-bolsonarista-nikolas-ferreira-fazendo-sexo-gay-agita-redes-sociais\/","title":{"rendered":"Suposto v\u00eddeo do deputado bolsonarista Nikolas Ferreira fazendo sexo gay agita redes sociais"},"content":{"rendered":"<p>Nos \u00faltimos dias, um dos assuntos mais comentados das redes sociais \u00e9 o suposto v\u00eddeo onde o deputado eleito <strong><a href=\"https:\/\/portalpopmais.com.br\/en\/youtube-tira-do-ar-canal-lacombe-bolsonarista\/\" data-type=\"post\" data-id=\"84928\">Nikolas Ferreira<\/a><\/strong> apareceria fazendo sexo oral em outro homem. At\u00e9 o momento, tal registro n\u00e3o circulou, mas o tema tem causado temor entre os assessores da campanha de Bolsonaro. As informa\u00e7\u00f5es s\u00e3o do portal Metr\u00f3poles. <\/p>\n\n\n\n<p>De acordo com a publica\u00e7\u00e3o, apoiadores do presidente temem o impacto do v\u00eddeo, uma vez que o vereador \u00e9 um dos principais nomes da campanha \u00e0 reelei\u00e7\u00e3o de Bolsonaro, e foi tamb\u00e9m o deputado mais votado do <a href=\"http:\/\/twitter.com\/sitepopmais\" target=\"_blank\" rel=\"noopener\">pa\u00eds<\/a>. <\/p>\n\n\n\n<h2 class=\"wp-block-heading\">Veja tamb\u00e9m<\/h2>\n\n\n<ul class=\"wp-block-latest-posts__list is-grid columns-3 aligncenter wp-block-latest-posts\"><li><div class=\"wp-block-latest-posts__featured-image aligncenter\"><a href=\"https:\/\/portalpopmais.com.br\/en\/bella-campos-fala-pela-primeira-vez-sobre-treta-com-caua-reymond\/\" aria-label=\"Bella Campos fala pela primeira vez sobre treta com Cau\u00e3 Reymond\"><img loading=\"lazy\" decoding=\"async\" width=\"768\" height=\"456\" src=\"https:\/\/portalpopmais.com.br\/wp-content\/uploads\/2026\/04\/3tid47cvo6t8ib3y2zx98kd0w-768x456.jpg\" class=\"attachment-medium size-medium wp-post-image\" alt=\"3tid47cvo6t8ib3y2zx98kd0w\" style=\"\" srcset=\"https:\/\/portalpopmais.com.br\/wp-content\/uploads\/2026\/04\/3tid47cvo6t8ib3y2zx98kd0w-768x456.jpg 768w, https:\/\/portalpopmais.com.br\/wp-content\/uploads\/2026\/04\/3tid47cvo6t8ib3y2zx98kd0w-18x10.jpg 18w\" sizes=\"auto, (max-width: 768px) 100vw, 768px\" title=\"\"><\/a><\/div><a class=\"wp-block-latest-posts__post-title\" href=\"https:\/\/portalpopmais.com.br\/en\/bella-campos-fala-pela-primeira-vez-sobre-treta-com-caua-reymond\/\">Bella Campos fala pela primeira vez sobre treta com Cau\u00e3 Reymond<\/a><\/li>\n<li><div class=\"wp-block-latest-posts__featured-image aligncenter\"><a href=\"https:\/\/portalpopmais.com.br\/en\/stenio-garcia-passa-mal-e-da-entrada-em-hospital-apos-treta-com-as-filhas\/\" aria-label=\"St\u00eanio Garcia passa mal e d\u00e1 entrada em hospital ap\u00f3s treta com as filhas\"><img loading=\"lazy\" decoding=\"async\" width=\"768\" height=\"456\" src=\"https:\/\/portalpopmais.com.br\/wp-content\/uploads\/2025\/07\/stenio-garcia-768x456.jpg\" class=\"attachment-medium size-medium wp-post-image\" alt=\"\" style=\"\" srcset=\"https:\/\/portalpopmais.com.br\/wp-content\/uploads\/2025\/07\/stenio-garcia-768x456.jpg 768w, https:\/\/portalpopmais.com.br\/wp-content\/uploads\/2025\/07\/stenio-garcia-1170x694.jpg 1170w\" sizes=\"auto, (max-width: 768px) 100vw, 768px\" title=\"\"><\/a><\/div><a class=\"wp-block-latest-posts__post-title\" href=\"https:\/\/portalpopmais.com.br\/en\/stenio-garcia-passa-mal-e-da-entrada-em-hospital-apos-treta-com-as-filhas\/\">St\u00eanio Garcia passa mal e d\u00e1 entrada em hospital ap\u00f3s treta com as filhas<\/a><\/li>\n<li><div class=\"wp-block-latest-posts__featured-image aligncenter\"><a href=\"https:\/\/portalpopmais.com.br\/en\/as-fotos-da-suite-que-shakira-ficara-hospedada-no-rio\/\" aria-label=\"As fotos da su\u00edte que Shakira ficar\u00e1 hospedada no Rio\"><img loading=\"lazy\" decoding=\"async\" width=\"768\" height=\"456\" src=\"https:\/\/portalpopmais.com.br\/wp-content\/uploads\/2024\/10\/shakira-shows-brasil-2025-768x456.jpeg\" class=\"attachment-medium size-medium wp-post-image\" alt=\"shakira shows brasil 2025\" style=\"\" title=\"\"><\/a><\/div><a class=\"wp-block-latest-posts__post-title\" href=\"https:\/\/portalpopmais.com.br\/en\/as-fotos-da-suite-que-shakira-ficara-hospedada-no-rio\/\">As fotos da su\u00edte que Shakira ficar\u00e1 hospedada no Rio<\/a><\/li>\n<li><div class=\"wp-block-latest-posts__featured-image aligncenter\"><a href=\"https:\/\/portalpopmais.com.br\/en\/cachorro-de-edson-dupla-com-hudson-e-encontrado-morto-apos-dias-desaparecido-em-sp\/\" aria-label=\"Cachorro de Edson, dupla com Hudson, \u00e9 encontrado morto ap\u00f3s dias desaparecido em SP\"><img loading=\"lazy\" decoding=\"async\" width=\"768\" height=\"456\" src=\"https:\/\/portalpopmais.com.br\/wp-content\/uploads\/2026\/04\/cachorro-768x456.webp\" class=\"attachment-medium size-medium wp-post-image\" alt=\"cachorro\" style=\"\" title=\"\"><\/a><\/div><a class=\"wp-block-latest-posts__post-title\" href=\"https:\/\/portalpopmais.com.br\/en\/cachorro-de-edson-dupla-com-hudson-e-encontrado-morto-apos-dias-desaparecido-em-sp\/\">Cachorro de Edson, dupla com Hudson, \u00e9 encontrado morto ap\u00f3s dias desaparecido em SP<\/a><\/li>\n<li><div class=\"wp-block-latest-posts__featured-image aligncenter\"><a href=\"https:\/\/portalpopmais.com.br\/en\/preso-e-condenado-hytalo-santos-e-alvo-de-nova-acao-judicial-veja\/\" aria-label=\"Preso e condenado, Hytalo Santos \u00e9 alvo de nova a\u00e7\u00e3o judicial; veja\"><img loading=\"lazy\" decoding=\"async\" width=\"768\" height=\"456\" src=\"https:\/\/portalpopmais.com.br\/wp-content\/uploads\/2025\/08\/Hytalo-Santos-preso-768x456.png\" class=\"attachment-medium size-medium wp-post-image\" alt=\"Hytalo Santos\" style=\"\" srcset=\"https:\/\/portalpopmais.com.br\/wp-content\/uploads\/2025\/08\/Hytalo-Santos-preso-768x456.png 768w, https:\/\/portalpopmais.com.br\/wp-content\/uploads\/2025\/08\/Hytalo-Santos-preso-1170x694.png 1170w\" sizes=\"auto, (max-width: 768px) 100vw, 768px\" title=\"\"><\/a><\/div><a class=\"wp-block-latest-posts__post-title\" href=\"https:\/\/portalpopmais.com.br\/en\/preso-e-condenado-hytalo-santos-e-alvo-de-nova-acao-judicial-veja\/\">Preso e condenado, Hytalo Santos \u00e9 alvo de nova a\u00e7\u00e3o judicial; veja<\/a><\/li>\n<li><div class=\"wp-block-latest-posts__featured-image aligncenter\"><a href=\"https:\/\/portalpopmais.com.br\/en\/sam-neill-anuncia-remissao-de-cancer-apos-tratamento-experimental\/\" aria-label=\"Sam Neill anuncia remiss\u00e3o de c\u00e2ncer ap\u00f3s tratamento experimental\"><img loading=\"lazy\" decoding=\"async\" width=\"768\" height=\"456\" src=\"https:\/\/portalpopmais.com.br\/wp-content\/uploads\/2026\/04\/sam-neill-768x456.png\" class=\"attachment-medium size-medium wp-post-image\" alt=\"sam neill\" style=\"\" title=\"\"><\/a><\/div><a class=\"wp-block-latest-posts__post-title\" href=\"https:\/\/portalpopmais.com.br\/en\/sam-neill-anuncia-remissao-de-cancer-apos-tratamento-experimental\/\">Sam Neill anuncia remiss\u00e3o de c\u00e2ncer ap\u00f3s tratamento experimental<\/a><\/li>\n<\/ul>\n\n\n<p>Nikolas nega que seja ele nas imagens, mas o medo da equipe de comunica\u00e7\u00e3o do candidato \u00e9 que \u00e9 o assunto respingue em Bolsonaro, j\u00e1 que seu discurso recorrentemente ataca a comunidade LGBTQIA+.<\/p>\n\n\n\n<p><em>\u201cEstou sendo atacado por mentiras, montagens, acusa\u00e7\u00f5es de pedofilia e at\u00e9 estupro. Tudo j\u00e1 est\u00e1 entregue aos meus advogados\u201d, <\/em>afirmou ele no Twitter.<\/p>\n\n\n\n<p>Veja a repercuss\u00e3o:<\/p>\n\n\n\n<figure class=\"wp-block-embed is-type-rich is-provider-twitter wp-block-embed-twitter\"><div class=\"wp-block-embed__wrapper\">\nhttps:\/\/twitter.com\/tosempreputo\/status\/1579676312318640128\n<\/div><\/figure>\n\n\n\n<figure class=\"wp-block-embed is-type-rich is-provider-twitter wp-block-embed-twitter\"><div class=\"wp-block-embed__wrapper\">\nhttps:\/\/twitter.com\/alyssonneri\/status\/1579908711401033733\n<\/div><\/figure>\n\n\n\n<figure class=\"wp-block-embed is-type-rich is-provider-twitter wp-block-embed-twitter\"><div class=\"wp-block-embed__wrapper\">\nhttps:\/\/twitter.com\/Cadu_Safner\/status\/1579944945586438145\n<\/div><\/figure>\n\n\n\n<figure class=\"wp-block-embed is-type-rich is-provider-twitter wp-block-embed-twitter\"><div class=\"wp-block-embed__wrapper\">\n<blockquote class=\"twitter-tweet\" data-width=\"550\" data-dnt=\"true\"><p lang=\"pt\" dir=\"ltr\">O Nikolas Ferreira ser gay n\u00e3o \u00e9 o problema. <br>Problema \u00e9 ele n\u00e3o se assumir e ficar com esse rancor todo atacando os gays assumidos. Provocando esse \u00f3dio gratuito.<br>Inveja pura! <a href=\"https:\/\/t.co\/nmeWtNWXSW\">pic.twitter.com\/nmeWtNWXSW<\/a><\/p>&mdash; Fabi_arq (@Fabiarq1) <a href=\"https:\/\/twitter.com\/Fabiarq1\/status\/1579834495733477376?ref_src=twsrc%5Etfw\" target=\"_blank\" rel=\"noopener\">October 11, 2022<\/a><\/blockquote><script async src=\"https:\/\/platform.twitter.com\/widgets.js\" charset=\"utf-8\"><\/script>\n<\/div><\/figure>","protected":false},"excerpt":{"rendered":"<p>Nos \u00faltimos dias, um dos assuntos mais comentados das redes sociais \u00e9 o suposto v\u00eddeo onde o deputado eleito Nikolas Ferreira apareceria fazendo sexo oral em outro homem. At\u00e9 o momento, tal registro n\u00e3o circulou, mas o tema tem causado temor entre os assessores da campanha de Bolsonaro. As informa\u00e7\u00f5es s\u00e3o do portal Metr\u00f3poles. De [&hellip;]<\/p>\n","protected":false},"author":2,"featured_media":143492,"comment_status":"closed","ping_status":"open","sticky":false,"template":"","format":"standard","meta":{"footnotes":""},"categories":[173],"tags":[577,12517],"class_list":["post-143488","post","type-post","status-publish","format-standard","has-post-thumbnail","hentry","category-celebridades","tag-jair-bolsonaro","tag-nikolas-ferreira"],"_links":{"self":[{"href":"https:\/\/portalpopmais.com.br\/en\/wp-json\/wp\/v2\/posts\/143488","targetHints":{"allow":["GET"]}}],"collection":[{"href":"https:\/\/portalpopmais.com.br\/en\/wp-json\/wp\/v2\/posts"}],"about":[{"href":"https:\/\/portalpopmais.com.br\/en\/wp-json\/wp\/v2\/types\/post"}],"author":[{"embeddable":true,"href":"https:\/\/portalpopmais.com.br\/en\/wp-json\/wp\/v2\/users\/2"}],"replies":[{"embeddable":true,"href":"https:\/\/portalpopmais.com.br\/en\/wp-json\/wp\/v2\/comments?post=143488"}],"version-history":[{"count":0,"href":"https:\/\/portalpopmais.com.br\/en\/wp-json\/wp\/v2\/posts\/143488\/revisions"}],"wp:featuredmedia":[{"embeddable":true,"href":"https:\/\/portalpopmais.com.br\/en\/wp-json\/wp\/v2\/media\/143492"}],"wp:attachment":[{"href":"https:\/\/portalpopmais.com.br\/en\/wp-json\/wp\/v2\/media?parent=143488"}],"wp:term":[{"taxonomy":"category","embeddable":true,"href":"https:\/\/portalpopmais.com.br\/en\/wp-json\/wp\/v2\/categories?post=143488"},{"taxonomy":"post_tag","embeddable":true,"href":"https:\/\/portalpopmais.com.br\/en\/wp-json\/wp\/v2\/tags?post=143488"}],"curies":[{"name":"wp","href":"https:\/\/api.w.org\/{rel}","templated":true}]}}