{"id":143516,"date":"2022-10-11T20:25:28","date_gmt":"2022-10-11T23:25:28","guid":{"rendered":"https:\/\/portalpopmais.com.br\/?p=143516"},"modified":"2022-10-11T20:26:34","modified_gmt":"2022-10-11T23:26:34","slug":"nikolas-ferreira-comenta-sobre-suposto-video-intimo-estou-sendo-atacado","status":"publish","type":"post","link":"https:\/\/portalpopmais.com.br\/en\/nikolas-ferreira-comenta-sobre-suposto-video-intimo-estou-sendo-atacado\/","title":{"rendered":"Nikolas Ferreira comenta sobre suposto v\u00eddeo \u00edntimo: &#8220;estou sendo atacado&#8221;"},"content":{"rendered":"<p>Nesta ter\u00e7a (11), repercutiu na web suposto v\u00eddeo em que deputado federal <strong><a href=\"https:\/\/portalpopmais.com.br\/en\/suposto-video-do-deputado-bolsonarista-nikolas-ferreira-fazendo-sexo-gay-agita-redes-sociais\/\" data-type=\"post\" data-id=\"143488\">Nikolas Ferreira<\/a><\/strong> estaria tendo rela\u00e7\u00f5es \u00edntimas com outro homem. <\/p>\n\n\n\n<p>Com isso, o pol\u00edtico, que foi o deputado federal mais votado do Brasil nesta elei\u00e7\u00e3o, se pronunciou ap\u00f3s o assunto. Ele contou que n\u00e3o \u00e9 ele no registro e que vai processar quem relacionou o v\u00eddeo a ele.<\/p>\n\n\n\n<h2 class=\"wp-block-heading\">Veja tamb\u00e9m<\/h2>\n\n\n<ul class=\"wp-block-latest-posts__list is-grid columns-3 aligncenter wp-block-latest-posts\"><li><div class=\"wp-block-latest-posts__featured-image aligncenter\"><a href=\"https:\/\/portalpopmais.com.br\/en\/bella-campos-fala-pela-primeira-vez-sobre-treta-com-caua-reymond\/\" aria-label=\"Bella Campos fala pela primeira vez sobre treta com Cau\u00e3 Reymond\"><img loading=\"lazy\" decoding=\"async\" width=\"768\" height=\"456\" src=\"https:\/\/portalpopmais.com.br\/wp-content\/uploads\/2026\/04\/3tid47cvo6t8ib3y2zx98kd0w-768x456.jpg\" class=\"attachment-medium size-medium wp-post-image\" alt=\"3tid47cvo6t8ib3y2zx98kd0w\" style=\"\" srcset=\"https:\/\/portalpopmais.com.br\/wp-content\/uploads\/2026\/04\/3tid47cvo6t8ib3y2zx98kd0w-768x456.jpg 768w, https:\/\/portalpopmais.com.br\/wp-content\/uploads\/2026\/04\/3tid47cvo6t8ib3y2zx98kd0w-18x10.jpg 18w\" sizes=\"auto, (max-width: 768px) 100vw, 768px\" title=\"\"><\/a><\/div><a class=\"wp-block-latest-posts__post-title\" href=\"https:\/\/portalpopmais.com.br\/en\/bella-campos-fala-pela-primeira-vez-sobre-treta-com-caua-reymond\/\">Bella Campos fala pela primeira vez sobre treta com Cau\u00e3 Reymond<\/a><\/li>\n<li><div class=\"wp-block-latest-posts__featured-image aligncenter\"><a href=\"https:\/\/portalpopmais.com.br\/en\/stenio-garcia-passa-mal-e-da-entrada-em-hospital-apos-treta-com-as-filhas\/\" aria-label=\"St\u00eanio Garcia passa mal e d\u00e1 entrada em hospital ap\u00f3s treta com as filhas\"><img loading=\"lazy\" decoding=\"async\" width=\"768\" height=\"456\" src=\"https:\/\/portalpopmais.com.br\/wp-content\/uploads\/2025\/07\/stenio-garcia-768x456.jpg\" class=\"attachment-medium size-medium wp-post-image\" alt=\"\" style=\"\" srcset=\"https:\/\/portalpopmais.com.br\/wp-content\/uploads\/2025\/07\/stenio-garcia-768x456.jpg 768w, https:\/\/portalpopmais.com.br\/wp-content\/uploads\/2025\/07\/stenio-garcia-1170x694.jpg 1170w\" sizes=\"auto, (max-width: 768px) 100vw, 768px\" title=\"\"><\/a><\/div><a class=\"wp-block-latest-posts__post-title\" href=\"https:\/\/portalpopmais.com.br\/en\/stenio-garcia-passa-mal-e-da-entrada-em-hospital-apos-treta-com-as-filhas\/\">St\u00eanio Garcia passa mal e d\u00e1 entrada em hospital ap\u00f3s treta com as filhas<\/a><\/li>\n<li><div class=\"wp-block-latest-posts__featured-image aligncenter\"><a href=\"https:\/\/portalpopmais.com.br\/en\/as-fotos-da-suite-que-shakira-ficara-hospedada-no-rio\/\" aria-label=\"As fotos da su\u00edte que Shakira ficar\u00e1 hospedada no Rio\"><img loading=\"lazy\" decoding=\"async\" width=\"768\" height=\"456\" src=\"https:\/\/portalpopmais.com.br\/wp-content\/uploads\/2024\/10\/shakira-shows-brasil-2025-768x456.jpeg\" class=\"attachment-medium size-medium wp-post-image\" alt=\"shakira shows brasil 2025\" style=\"\" title=\"\"><\/a><\/div><a class=\"wp-block-latest-posts__post-title\" href=\"https:\/\/portalpopmais.com.br\/en\/as-fotos-da-suite-que-shakira-ficara-hospedada-no-rio\/\">As fotos da su\u00edte que Shakira ficar\u00e1 hospedada no Rio<\/a><\/li>\n<li><div class=\"wp-block-latest-posts__featured-image aligncenter\"><a href=\"https:\/\/portalpopmais.com.br\/en\/cachorro-de-edson-dupla-com-hudson-e-encontrado-morto-apos-dias-desaparecido-em-sp\/\" aria-label=\"Cachorro de Edson, dupla com Hudson, \u00e9 encontrado morto ap\u00f3s dias desaparecido em SP\"><img loading=\"lazy\" decoding=\"async\" width=\"768\" height=\"456\" src=\"https:\/\/portalpopmais.com.br\/wp-content\/uploads\/2026\/04\/cachorro-768x456.webp\" class=\"attachment-medium size-medium wp-post-image\" alt=\"cachorro\" style=\"\" title=\"\"><\/a><\/div><a class=\"wp-block-latest-posts__post-title\" href=\"https:\/\/portalpopmais.com.br\/en\/cachorro-de-edson-dupla-com-hudson-e-encontrado-morto-apos-dias-desaparecido-em-sp\/\">Cachorro de Edson, dupla com Hudson, \u00e9 encontrado morto ap\u00f3s dias desaparecido em SP<\/a><\/li>\n<li><div class=\"wp-block-latest-posts__featured-image aligncenter\"><a href=\"https:\/\/portalpopmais.com.br\/en\/preso-e-condenado-hytalo-santos-e-alvo-de-nova-acao-judicial-veja\/\" aria-label=\"Preso e condenado, Hytalo Santos \u00e9 alvo de nova a\u00e7\u00e3o judicial; veja\"><img loading=\"lazy\" decoding=\"async\" width=\"768\" height=\"456\" src=\"https:\/\/portalpopmais.com.br\/wp-content\/uploads\/2025\/08\/Hytalo-Santos-preso-768x456.png\" class=\"attachment-medium size-medium wp-post-image\" alt=\"Hytalo Santos\" style=\"\" srcset=\"https:\/\/portalpopmais.com.br\/wp-content\/uploads\/2025\/08\/Hytalo-Santos-preso-768x456.png 768w, https:\/\/portalpopmais.com.br\/wp-content\/uploads\/2025\/08\/Hytalo-Santos-preso-1170x694.png 1170w\" sizes=\"auto, (max-width: 768px) 100vw, 768px\" title=\"\"><\/a><\/div><a class=\"wp-block-latest-posts__post-title\" href=\"https:\/\/portalpopmais.com.br\/en\/preso-e-condenado-hytalo-santos-e-alvo-de-nova-acao-judicial-veja\/\">Preso e condenado, Hytalo Santos \u00e9 alvo de nova a\u00e7\u00e3o judicial; veja<\/a><\/li>\n<li><div class=\"wp-block-latest-posts__featured-image aligncenter\"><a href=\"https:\/\/portalpopmais.com.br\/en\/sam-neill-anuncia-remissao-de-cancer-apos-tratamento-experimental\/\" aria-label=\"Sam Neill anuncia remiss\u00e3o de c\u00e2ncer ap\u00f3s tratamento experimental\"><img loading=\"lazy\" decoding=\"async\" width=\"768\" height=\"456\" src=\"https:\/\/portalpopmais.com.br\/wp-content\/uploads\/2026\/04\/sam-neill-768x456.png\" class=\"attachment-medium size-medium wp-post-image\" alt=\"sam neill\" style=\"\" title=\"\"><\/a><\/div><a class=\"wp-block-latest-posts__post-title\" href=\"https:\/\/portalpopmais.com.br\/en\/sam-neill-anuncia-remissao-de-cancer-apos-tratamento-experimental\/\">Sam Neill anuncia remiss\u00e3o de c\u00e2ncer ap\u00f3s tratamento experimental<\/a><\/li>\n<\/ul>\n\n\n<p><em>&#8220;Estou sendo atacado por mentiras, montagens, acusa\u00e7\u00f5es de pedofilia e at\u00e9 estupro. Tudo j\u00e1 est\u00e1 entregue aos meus advogados. E, claro, isso tudo \u00e9 uma tentativa de me tirar das elei\u00e7\u00f5es. Mas minha miss\u00e3o \u00e9 maior e em poucos dias, vou lan\u00e7ar algo pra virar esse jogo&#8221;<\/em>, <a href=\"http:\/\/twitter.com\/sitepopmais\" target=\"_blank\" rel=\"noopener\">afirmou<\/a>.<\/p>\n\n\n\n<figure class=\"wp-block-embed is-type-rich is-provider-twitter wp-block-embed-twitter\"><div class=\"wp-block-embed__wrapper\">\n<blockquote class=\"twitter-tweet\" data-width=\"550\" data-dnt=\"true\"><p lang=\"pt\" dir=\"ltr\">Estou sendo atacado por mentiras, montagens, acusa\u00e7\u00f5es de pedofilia e at\u00e9 estupro. Tudo j\u00e1 est\u00e1 entregue aos meus advogados. E, claro, isso tudo \u00e9 uma tentativa de me tirar das elei\u00e7\u00f5es. Mas minha miss\u00e3o \u00e9 maior e em poucos dias, vou lan\u00e7ar algo pra virar esse jogo.<\/p>&mdash; Nikolas Ferreira (@nikolas_dm) <a href=\"https:\/\/twitter.com\/nikolas_dm\/status\/1579938650733019136?ref_src=twsrc%5Etfw\" target=\"_blank\" rel=\"noopener\">October 11, 2022<\/a><\/blockquote><script async src=\"https:\/\/platform.twitter.com\/widgets.js\" charset=\"utf-8\"><\/script>\n<\/div><\/figure>","protected":false},"excerpt":{"rendered":"<p>Nesta ter\u00e7a (11), repercutiu na web suposto v\u00eddeo em que deputado federal Nikolas Ferreira estaria tendo rela\u00e7\u00f5es \u00edntimas com outro homem. Com isso, o pol\u00edtico, que foi o deputado federal mais votado do Brasil nesta elei\u00e7\u00e3o, se pronunciou ap\u00f3s o assunto. Ele contou que n\u00e3o \u00e9 ele no registro e que vai processar quem relacionou [&hellip;]<\/p>\n","protected":false},"author":2,"featured_media":143520,"comment_status":"closed","ping_status":"open","sticky":false,"template":"","format":"standard","meta":{"footnotes":""},"categories":[173],"tags":[12517],"class_list":["post-143516","post","type-post","status-publish","format-standard","has-post-thumbnail","hentry","category-celebridades","tag-nikolas-ferreira"],"_links":{"self":[{"href":"https:\/\/portalpopmais.com.br\/en\/wp-json\/wp\/v2\/posts\/143516","targetHints":{"allow":["GET"]}}],"collection":[{"href":"https:\/\/portalpopmais.com.br\/en\/wp-json\/wp\/v2\/posts"}],"about":[{"href":"https:\/\/portalpopmais.com.br\/en\/wp-json\/wp\/v2\/types\/post"}],"author":[{"embeddable":true,"href":"https:\/\/portalpopmais.com.br\/en\/wp-json\/wp\/v2\/users\/2"}],"replies":[{"embeddable":true,"href":"https:\/\/portalpopmais.com.br\/en\/wp-json\/wp\/v2\/comments?post=143516"}],"version-history":[{"count":0,"href":"https:\/\/portalpopmais.com.br\/en\/wp-json\/wp\/v2\/posts\/143516\/revisions"}],"wp:featuredmedia":[{"embeddable":true,"href":"https:\/\/portalpopmais.com.br\/en\/wp-json\/wp\/v2\/media\/143520"}],"wp:attachment":[{"href":"https:\/\/portalpopmais.com.br\/en\/wp-json\/wp\/v2\/media?parent=143516"}],"wp:term":[{"taxonomy":"category","embeddable":true,"href":"https:\/\/portalpopmais.com.br\/en\/wp-json\/wp\/v2\/categories?post=143516"},{"taxonomy":"post_tag","embeddable":true,"href":"https:\/\/portalpopmais.com.br\/en\/wp-json\/wp\/v2\/tags?post=143516"}],"curies":[{"name":"wp","href":"https:\/\/api.w.org\/{rel}","templated":true}]}}