{"id":143662,"date":"2022-10-12T21:16:00","date_gmt":"2022-10-13T00:16:00","guid":{"rendered":"https:\/\/portalpopmais.com.br\/?p=143662"},"modified":"2022-10-12T21:16:06","modified_gmt":"2022-10-13T00:16:06","slug":"felipeh-campos-trocou-redetv-pela-jovem-pan","status":"publish","type":"post","link":"https:\/\/portalpopmais.com.br\/en\/felipeh-campos-trocou-redetv-pela-jovem-pan\/","title":{"rendered":"Felipeh Campos trocou RedeTV! pela Jovem Pan"},"content":{"rendered":"<p>O jornalista <strong><a href=\"https:\/\/portalpopmais.com.br\/en\/sonia-abrao-segunda-baixa-a-tarde-e-sua\/\" data-type=\"post\" data-id=\"142182\">Felipeh Campos<\/a><\/strong> \u00e9 o mais novo contratado da <a href=\"https:\/\/instagram.com\/portalpopmais\" data-type=\"URL\" data-id=\"https:\/\/instagram.com\/portalpopmais\" target=\"_blank\" rel=\"noopener\">Jovem Pan<\/a>. A estreia do ex-RedeTV aconteceu na \u00faltima ter\u00e7a-feira (11), no programa \u201cMorning Show\u201d, atra\u00e7\u00e3o vespertina da emissora.<\/p>\n\n\n\n<p>A troca acontece por uma poss\u00edvel troca de farpas entre Campos e Sonia Abr\u00e3o. Segundo ele, as raz\u00f5es seriam outras. O excesso de compromissos foi que o fez deixar o \u201c<a href=\"https:\/\/portalpopmais.com.br\/en\/a-tarde-e-sua-alcanca-110-mil-lares-grande-sp\/\" data-type=\"post\" data-id=\"133157\">A Tarde \u00e9 Sua<\/a>\u201d, segundo entrevista ao NaTelinha<\/p>\n\n\n\n<p>Ainda no depoimento concedido ao site, dizia que estava aberto para propostas de outras emissoras de televis\u00e3o. No entanto n\u00e3o \u00e9 o que parece que ele estava \u2018sem rumos\u2019 ap\u00f3s deixar a bancada da revista eletr\u00f4nica.<\/p>\n\n\n\n<p>A troca pela Jovem Pan j\u00e1 acontecia nos bastidores, e Felipeh afirmou ser \u2018humanamente imposs\u00edvel\u2019 seguir nas telas da emissora de Tutinha e sua antiga casa, a <a href=\"https:\/\/portalpopmais.com.br\/en\/ibope-redetv-record-news-tv-brasil-aparecida\/\" data-type=\"post\" data-id=\"143307\">RedeTV<\/a>. Agora, vai estar no elenco fixo do \u201cMorning\u201d.<\/p>\n\n\n\n<h3 class=\"wp-block-heading\">Isca?<\/h3>\n\n\n\n<p>A <a href=\"https:\/\/portalpopmais.com.br\/en\/carla-cecato-afastada-jovem-pan-contratada\/\" data-type=\"post\" data-id=\"142858\">Jovem Pan<\/a> vai conceder um espa\u00e7o para Felipeh Campos em sua grade, com um programa de fofocas, onde ele ser\u00e1 o titular. A estreia da nova atra\u00e7\u00e3o est\u00e1 prevista para acontecer a partir da primeira quinzena de novembro.<\/p>\n\n\n\n<p>Inclusive j\u00e1 foram revelados os moldes do programa, com os bastidores do universo da fama, al\u00e9m de entrevistas com diversas personalidades. O primeiro programa vai contar com L\u00e9o Dias, colunista do site Metr\u00f3poles. A atra\u00e7\u00e3o ir\u00e1 ao ar nas tardes de s\u00e1bado.<\/p>","protected":false},"excerpt":{"rendered":"<p>O jornalista Felipeh Campos \u00e9 o mais novo contratado da Jovem Pan. A estreia do ex-RedeTV aconteceu na \u00faltima ter\u00e7a-feira (11), no programa \u201cMorning Show\u201d, atra\u00e7\u00e3o vespertina da emissora. A troca acontece por uma poss\u00edvel troca de farpas entre Campos e Sonia Abr\u00e3o. Segundo ele, as raz\u00f5es seriam outras. O excesso de compromissos foi que [&hellip;]<\/p>\n","protected":false},"author":2,"featured_media":143665,"comment_status":"closed","ping_status":"open","sticky":false,"template":"","format":"standard","meta":{"footnotes":""},"categories":[181],"tags":[11219,2389,777],"class_list":["post-143662","post","type-post","status-publish","format-standard","has-post-thumbnail","hentry","category-televisao","tag-felipeh-campos","tag-jovem-pan","tag-redetv"],"_links":{"self":[{"href":"https:\/\/portalpopmais.com.br\/en\/wp-json\/wp\/v2\/posts\/143662","targetHints":{"allow":["GET"]}}],"collection":[{"href":"https:\/\/portalpopmais.com.br\/en\/wp-json\/wp\/v2\/posts"}],"about":[{"href":"https:\/\/portalpopmais.com.br\/en\/wp-json\/wp\/v2\/types\/post"}],"author":[{"embeddable":true,"href":"https:\/\/portalpopmais.com.br\/en\/wp-json\/wp\/v2\/users\/2"}],"replies":[{"embeddable":true,"href":"https:\/\/portalpopmais.com.br\/en\/wp-json\/wp\/v2\/comments?post=143662"}],"version-history":[{"count":0,"href":"https:\/\/portalpopmais.com.br\/en\/wp-json\/wp\/v2\/posts\/143662\/revisions"}],"wp:featuredmedia":[{"embeddable":true,"href":"https:\/\/portalpopmais.com.br\/en\/wp-json\/wp\/v2\/media\/143665"}],"wp:attachment":[{"href":"https:\/\/portalpopmais.com.br\/en\/wp-json\/wp\/v2\/media?parent=143662"}],"wp:term":[{"taxonomy":"category","embeddable":true,"href":"https:\/\/portalpopmais.com.br\/en\/wp-json\/wp\/v2\/categories?post=143662"},{"taxonomy":"post_tag","embeddable":true,"href":"https:\/\/portalpopmais.com.br\/en\/wp-json\/wp\/v2\/tags?post=143662"}],"curies":[{"name":"wp","href":"https:\/\/api.w.org\/{rel}","templated":true}]}}