{"id":144273,"date":"2022-10-14T19:53:09","date_gmt":"2022-10-14T22:53:09","guid":{"rendered":"https:\/\/portalpopmais.com.br\/?p=144273"},"modified":"2022-10-14T19:53:16","modified_gmt":"2022-10-14T22:53:16","slug":"a-fazenda-14-peoes-armam-novo-barraco-e-precisam-ser-separados-mao-pra-tras","status":"publish","type":"post","link":"https:\/\/portalpopmais.com.br\/en\/a-fazenda-14-peoes-armam-novo-barraco-e-precisam-ser-separados-mao-pra-tras\/","title":{"rendered":"A Fazenda 14: Pe\u00f5es armam novo barraco e precisam ser separados: \u201cM\u00e3o pra tr\u00e1s\u201d"},"content":{"rendered":"<p class=\"wp-block-paragraph\">O clima de caos segue em &#8220;<strong><a href=\"https:\/\/portalpopmais.com.br\/en\/a-fazenda-14-vini-recebe-diz-que-recebeu-informacoes-externas-sobre-lucas-veja-video\/\" target=\"_blank\" data-type=\"post\" data-id=\"144133\" rel=\"noreferrer noopener\">A Fazenda 14<\/a><\/strong>&#8220;, e, nesta sexta-feira (14), mais uma treta rolou na sede do reality. Tudo aconteceu durante a din\u00e2mica &#8220;Hora do Faro&#8221;, e os \u00e2nimos ficaram t\u00e3o exaltados que os pe\u00f5es precisaram ser separados. <\/p>\n\n\n\n<p class=\"wp-block-paragraph\">Tati Zaqui, que foi eliminada do programa esta semana, foi a convidada do programa. Enquanto a din\u00e2mica tentava acontecer, <a href=\"https:\/\/portalpopmais.com.br\/en\/a-fazenda-14-thomaz-expoe-namoro-de-tiago-ramos-e-rodrigo-branco-traiu-veja-video\/\" data-type=\"post\" data-id=\"143537\"><strong>Tiago<\/strong> <strong>Ramos<\/strong><\/a><strong> <\/strong>e <strong>Shayan <\/strong>trocaram farpas na cozinha da sede.<\/p>\n\n\n\n<h2 class=\"wp-block-heading\">Veja tamb\u00e9m<\/h2>\n\n\n<ul class=\"wp-block-latest-posts__list is-grid wp-block-latest-posts is-layout-flow wp-block-latest-posts-is-layout-flow\"><li><div class=\"wp-block-latest-posts__featured-image aligncenter\"><a href=\"https:\/\/portalpopmais.com.br\/en\/a-fazenda-18-estreia-com-eliminacao\/\" aria-label=\"&#8216;A Fazenda 18&#8217; estreia com elimina\u00e7\u00e3o dupla e promete reviravolta in\u00e9dita; veja como ser\u00e1 a din\u00e2mica\"><img loading=\"lazy\" decoding=\"async\" width=\"768\" height=\"456\" src=\"https:\/\/portalpopmais.com.br\/wp-content\/uploads\/2025\/09\/adriane-galisteu-a-fazenda-17-768x456.jpg\" class=\"attachment-medium size-medium wp-post-image\" alt=\"a fazenda 17 adriane galisteu fazendeiro\" style=\"max-width:192px;max-height:114px;\" srcset=\"https:\/\/portalpopmais.com.br\/wp-content\/uploads\/2025\/09\/adriane-galisteu-a-fazenda-17-768x456.jpg 768w, https:\/\/portalpopmais.com.br\/wp-content\/uploads\/2025\/09\/adriane-galisteu-a-fazenda-17-1170x694.jpg 1170w, https:\/\/portalpopmais.com.br\/wp-content\/uploads\/2025\/09\/adriane-galisteu-a-fazenda-17-18x10.jpg 18w\" sizes=\"auto, (max-width: 768px) 100vw, 768px\" title=\"\"><\/a><\/div><a class=\"wp-block-latest-posts__post-title\" href=\"https:\/\/portalpopmais.com.br\/en\/a-fazenda-18-estreia-com-eliminacao\/\">&#8216;A Fazenda 18&#8217; estreia com elimina\u00e7\u00e3o dupla e promete reviravolta in\u00e9dita; veja como ser\u00e1 a din\u00e2mica<\/a><\/li>\n<li><div class=\"wp-block-latest-posts__featured-image aligncenter\"><a href=\"https:\/\/portalpopmais.com.br\/en\/brasileira-expulsa-de-reality-argentina\/\" aria-label=\"Quem \u00e9 a brasileira expulsa de reality na Argentina ap\u00f3s confus\u00e3o\"><img loading=\"lazy\" decoding=\"async\" width=\"768\" height=\"456\" src=\"https:\/\/portalpopmais.com.br\/wp-content\/uploads\/2026\/08\/brasileira-expulsa-reality-argentina-portalpopmais-768x456.png\" class=\"attachment-medium size-medium wp-post-image\" alt=\"brasileira expulsa reality argentina portalpopmais\" style=\"max-width:192px;max-height:114px;\" srcset=\"https:\/\/portalpopmais.com.br\/wp-content\/uploads\/2026\/08\/brasileira-expulsa-reality-argentina-portalpopmais-768x456.png 768w, https:\/\/portalpopmais.com.br\/wp-content\/uploads\/2026\/08\/brasileira-expulsa-reality-argentina-portalpopmais-1170x694.png 1170w, https:\/\/portalpopmais.com.br\/wp-content\/uploads\/2026\/08\/brasileira-expulsa-reality-argentina-portalpopmais-18x10.png 18w\" sizes=\"auto, (max-width: 768px) 100vw, 768px\" title=\"\"><\/a><\/div><a class=\"wp-block-latest-posts__post-title\" href=\"https:\/\/portalpopmais.com.br\/en\/brasileira-expulsa-de-reality-argentina\/\">Quem \u00e9 a brasileira expulsa de reality na Argentina ap\u00f3s confus\u00e3o<\/a><\/li>\n<li><div class=\"wp-block-latest-posts__featured-image aligncenter\"><a href=\"https:\/\/portalpopmais.com.br\/en\/quem-e-lucas-cardoso-participante-do-rancho-maia-que-viralizou\/\" aria-label=\"Quem \u00e9 Lucas Cardoso, participante do Rancho Maia que viralizou\"><img loading=\"lazy\" decoding=\"async\" width=\"768\" height=\"456\" src=\"https:\/\/portalpopmais.com.br\/wp-content\/uploads\/2026\/08\/lucas-cardoso-768x456.png\" class=\"attachment-medium size-medium wp-post-image\" alt=\"lucas cardoso\" style=\"max-width:192px;max-height:114px;\" title=\"\"><\/a><\/div><a class=\"wp-block-latest-posts__post-title\" href=\"https:\/\/portalpopmais.com.br\/en\/quem-e-lucas-cardoso-participante-do-rancho-maia-que-viralizou\/\">Quem \u00e9 Lucas Cardoso, participante do Rancho Maia que viralizou<\/a><\/li>\n<li><div class=\"wp-block-latest-posts__featured-image aligncenter\"><a href=\"https:\/\/portalpopmais.com.br\/en\/davi-brito-desiste-luta-rico-melquiades\/\" aria-label=\"Davi Brito vira &#8220;piada&#8221; na web ap\u00f3s desistir de luta contra Rico Melquiades\"><img loading=\"lazy\" decoding=\"async\" width=\"768\" height=\"456\" src=\"https:\/\/portalpopmais.com.br\/wp-content\/uploads\/2026\/08\/Davi-Brito-vira-piada-na-web-apos-desistir-de-luta-contra-Rico-Melquiades-768x456.png\" class=\"attachment-medium size-medium wp-post-image\" alt=\"Davi Brito vira piada na web ap\u00f3s desistir de luta contra Rico Melquiades\" style=\"max-width:192px;max-height:114px;\" srcset=\"https:\/\/portalpopmais.com.br\/wp-content\/uploads\/2026\/08\/Davi-Brito-vira-piada-na-web-apos-desistir-de-luta-contra-Rico-Melquiades-768x456.png 768w, https:\/\/portalpopmais.com.br\/wp-content\/uploads\/2026\/08\/Davi-Brito-vira-piada-na-web-apos-desistir-de-luta-contra-Rico-Melquiades-1170x694.png 1170w, https:\/\/portalpopmais.com.br\/wp-content\/uploads\/2026\/08\/Davi-Brito-vira-piada-na-web-apos-desistir-de-luta-contra-Rico-Melquiades-18x10.png 18w\" sizes=\"auto, (max-width: 768px) 100vw, 768px\" title=\"\"><\/a><\/div><a class=\"wp-block-latest-posts__post-title\" href=\"https:\/\/portalpopmais.com.br\/en\/davi-brito-desiste-luta-rico-melquiades\/\">Davi Brito vira &#8220;piada&#8221; na web ap\u00f3s desistir de luta contra Rico Melquiades<\/a><\/li>\n<li><div class=\"wp-block-latest-posts__featured-image aligncenter\"><a href=\"https:\/\/portalpopmais.com.br\/en\/personal-carlinhos-maia-observa-machdove-banho\/\" aria-label=\"&#8220;H\u00e9tero&#8221;, personal de Carlinhos Maia \u00e9 flagrado observando banho de MachDove\"><img loading=\"lazy\" decoding=\"async\" width=\"768\" height=\"456\" src=\"https:\/\/portalpopmais.com.br\/wp-content\/uploads\/2026\/08\/personal-carlinhos-maia-observa-machdove-banho-768x456.png\" class=\"attachment-medium size-medium wp-post-image\" alt=\"personal carlinhos maia observa machdove banho\" style=\"max-width:192px;max-height:114px;\" srcset=\"https:\/\/portalpopmais.com.br\/wp-content\/uploads\/2026\/08\/personal-carlinhos-maia-observa-machdove-banho-768x456.png 768w, https:\/\/portalpopmais.com.br\/wp-content\/uploads\/2026\/08\/personal-carlinhos-maia-observa-machdove-banho-1170x694.png 1170w, https:\/\/portalpopmais.com.br\/wp-content\/uploads\/2026\/08\/personal-carlinhos-maia-observa-machdove-banho-18x10.png 18w\" sizes=\"auto, (max-width: 768px) 100vw, 768px\" title=\"\"><\/a><\/div><a class=\"wp-block-latest-posts__post-title\" href=\"https:\/\/portalpopmais.com.br\/en\/personal-carlinhos-maia-observa-machdove-banho\/\">&#8220;H\u00e9tero&#8221;, personal de Carlinhos Maia \u00e9 flagrado observando banho de MachDove<\/a><\/li>\n<li><div class=\"wp-block-latest-posts__featured-image aligncenter\"><a href=\"https:\/\/portalpopmais.com.br\/en\/video-andressa-urach-e-mc-mirella-protagonizam-barraco-e-partem-para-agressao\/\" aria-label=\"V\u00eddeo: Andressa Urach e MC Mirella protagonizam barraco e partem para agress\u00e3o\"><img loading=\"lazy\" decoding=\"async\" width=\"768\" height=\"456\" src=\"https:\/\/portalpopmais.com.br\/wp-content\/uploads\/2026\/08\/video-briga-urach-mirella-rancho-maia-768x456.png\" class=\"attachment-medium size-medium wp-post-image\" alt=\"video briga urach mirella rancho maia\" style=\"max-width:192px;max-height:114px;\" srcset=\"https:\/\/portalpopmais.com.br\/wp-content\/uploads\/2026\/08\/video-briga-urach-mirella-rancho-maia-768x456.png 768w, https:\/\/portalpopmais.com.br\/wp-content\/uploads\/2026\/08\/video-briga-urach-mirella-rancho-maia-1170x694.png 1170w\" sizes=\"auto, (max-width: 768px) 100vw, 768px\" title=\"\"><\/a><\/div><a class=\"wp-block-latest-posts__post-title\" href=\"https:\/\/portalpopmais.com.br\/en\/video-andressa-urach-e-mc-mirella-protagonizam-barraco-e-partem-para-agressao\/\">V\u00eddeo: Andressa Urach e MC Mirella protagonizam barraco e partem para agress\u00e3o<\/a><\/li>\n<\/ul>\n\n\n<p class=\"wp-block-paragraph\"><em>&#8220;Voc\u00ea n\u00e3o \u00e9 ningu\u00e9m para dizer que eu n\u00e3o tenho casa&#8221;<\/em>, gritou Tiago para o Shay. <em>&#8220;Pode falar, pode falar. Olhe no meu olho&#8221;,<\/em> rebateu o iraniano. Os outros participantes do programa tentaram, em v\u00e3o, acalmar os \u00e2nimos.<\/p>\n\n\n\n<p class=\"wp-block-paragraph\">As ofensas e xingamentos seguiram entre os dois, quando Shay disparou:<em> \u201cPode xingar, pode xingar\u201d,<\/em> Tiago se revolta e rebate o pe\u00e3o: <em>\u201cVamos ver l\u00e1 fora seu arrombado\u201d. <\/em>Kerline ent\u00e3o se desespera e tenta intervir: <em>\u201cPara, por favor, para\u201d<\/em>, pediu ela, tentando segurar seu par <a href=\"http:\/\/twitter.com\/sitepopmais\" target=\"_blank\" rel=\"noopener\">rom\u00e2ntico<\/a>. <\/p>\n\n\n\n<p class=\"wp-block-paragraph\">Vini tenta amenizar a situa\u00e7\u00e3o e aconselha: <em>\u201cM\u00e3o para tr\u00e1s, m\u00e3o para tr\u00e1s. Calma, vai prejudicar voc\u00ea. Tiago\u201d, <\/em>diz ele. Momentos depois, Tiago gritou:<em> &#8220;Voc\u00ea cuspiu em mim&#8221;<\/em>! O sinal do streaming foi interrompido nesse momento e, quanddo retornou, todos estavam calmos e conversando sobre as plaquinhas que receberam da eliminada.<\/p>","protected":false},"excerpt":{"rendered":"<p>O clima de caos segue em &#8220;A Fazenda 14&#8220;, e, nesta sexta-feira (14), mais uma treta rolou na sede do reality. Tudo aconteceu durante a din\u00e2mica &#8220;Hora do Faro&#8221;, e os \u00e2nimos ficaram t\u00e3o exaltados que os pe\u00f5es precisaram ser separados. Tati Zaqui, que foi eliminada do programa esta semana, foi a convidada do programa. [&hellip;]<\/p>\n","protected":false},"author":2,"featured_media":144275,"comment_status":"closed","ping_status":"open","sticky":false,"template":"","format":"standard","meta":{"footnotes":""},"categories":[8605],"tags":[9241,12280,2242],"class_list":["post-144273","post","type-post","status-publish","format-standard","has-post-thumbnail","hentry","category-realities","tag-a-fazenda-14","tag-shayan","tag-tiago-ramos"],"_links":{"self":[{"href":"https:\/\/portalpopmais.com.br\/en\/wp-json\/wp\/v2\/posts\/144273","targetHints":{"allow":["GET"]}}],"collection":[{"href":"https:\/\/portalpopmais.com.br\/en\/wp-json\/wp\/v2\/posts"}],"about":[{"href":"https:\/\/portalpopmais.com.br\/en\/wp-json\/wp\/v2\/types\/post"}],"author":[{"embeddable":true,"href":"https:\/\/portalpopmais.com.br\/en\/wp-json\/wp\/v2\/users\/2"}],"replies":[{"embeddable":true,"href":"https:\/\/portalpopmais.com.br\/en\/wp-json\/wp\/v2\/comments?post=144273"}],"version-history":[{"count":0,"href":"https:\/\/portalpopmais.com.br\/en\/wp-json\/wp\/v2\/posts\/144273\/revisions"}],"wp:featuredmedia":[{"embeddable":true,"href":"https:\/\/portalpopmais.com.br\/en\/wp-json\/wp\/v2\/media\/144275"}],"wp:attachment":[{"href":"https:\/\/portalpopmais.com.br\/en\/wp-json\/wp\/v2\/media?parent=144273"}],"wp:term":[{"taxonomy":"category","embeddable":true,"href":"https:\/\/portalpopmais.com.br\/en\/wp-json\/wp\/v2\/categories?post=144273"},{"taxonomy":"post_tag","embeddable":true,"href":"https:\/\/portalpopmais.com.br\/en\/wp-json\/wp\/v2\/tags?post=144273"}],"curies":[{"name":"wp","href":"https:\/\/api.w.org\/{rel}","templated":true}]}}