{"id":144380,"date":"2022-10-16T19:25:00","date_gmt":"2022-10-16T22:25:00","guid":{"rendered":"https:\/\/portalpopmais.com.br\/?p=144380"},"modified":"2022-10-16T19:21:36","modified_gmt":"2022-10-16T22:21:36","slug":"silvio-rdena-mudancas-primeiro-impacto-7-h","status":"publish","type":"post","link":"https:\/\/portalpopmais.com.br\/en\/silvio-rdena-mudancas-primeiro-impacto-7-h\/","title":{"rendered":"Novamente, Silvio ordena mudan\u00e7as e \u201cPrimeiro Impacto\u201d ser\u00e1 ao vivo por 7 horas."},"content":{"rendered":"<p>Mais uma vez, <strong><a href=\"https:\/\/portalpopmais.com.br\/en\/silvio-santos-condenado-raquel-sheherazade\/\" data-type=\"post\" data-id=\"140380\">Silvio Santos<\/a><\/strong> ordena mudan\u00e7as na programa\u00e7\u00e3o do <strong><a href=\"https:\/\/portalpopmais.com.br\/en\/amazon-fecha-acordo-sbt-exclusividade-netflix\/\" data-type=\"post\" data-id=\"143885\">SBT<\/a><\/strong>, e na roleta de quem sofre a altera\u00e7\u00e3o, o \u2018sorteado\u2019 foi o \u201cPrimeiro Impacto\u201d. Agora, o policialesco segue no ar por sete horas seguidas, com um bloco para S\u00e3o Paulo.<\/p>\n\n\n\n<p>Com a amplia\u00e7\u00e3o do programa, Dudu Camargo fica ao vivo de 6h \u00e0s 8h45, na sequ\u00eancia vem o Marc\u00e3o do Povo at\u00e9 10h45, e por fim, Darlisson Dutra comanda a atra\u00e7\u00e3o at\u00e9 13h. O jornalista mineiro apresentar\u00e1 uma edi\u00e7\u00e3o regional na primeira hora do almo\u00e7o, a partir do meio-dia, com uma hora de dura\u00e7\u00e3o.<\/p>\n\n\n\n<p>Novamente vem a tentativa do patr\u00e3o de querer emplacar algum notici\u00e1rio para a faixa vespertina, o que n\u00e3o vingou com a volta do \u201cSBT Not\u00edcias\u201d que n\u00e3o ficou dois meses no ar. A m\u00e9dia ficava na casa de 2,0 pontos na metr\u00f3pole paulista, tendo o principal concorrente o \u201c<a href=\"https:\/\/r7.com\" data-type=\"URL\" data-id=\"https:\/\/r7.com\" target=\"_blank\" rel=\"noopener\">Balan\u00e7o Geral<\/a>\u201d. No entanto, n\u00e3o era raro a Band ocupar a terceira coloca\u00e7\u00e3o com seus programas esportivos.<\/p>\n\n\n\n<p>Com isso, Marc\u00e3o ter\u00e1 a chance de vencer o \u201c<a href=\"https:\/\/portalpopmais.com.br\/en\/fala-brasil-hoje-em-dia-registram-crescimento\/\" data-type=\"post\" data-id=\"144024\">Fala Brasil<\/a>\u201d e 45 minutos do \u201cHoje em Dia\u201d, com o restante do tempo da revista eletr\u00f4nica para Darlisson Dutra, duelando com o programa de Reinaldo Gottino. Apesar da oportunidade, a Record tem levado a melhor com ambas as atra\u00e7\u00f5es, com o SBT levando beliscos da <a href=\"https:\/\/portalpopmais.com.br\/en\/debate-band-sao-paulo-ratinho-numeros\/\" data-type=\"post\" data-id=\"143686\">Band<\/a> e disputando o terceiro lugar com a emissora do Morumbi.<\/p>\n\n\n\n<p>A mudan\u00e7a entrar\u00e1 no ar j\u00e1 a partir desta segunda-feira (17), com a responsabilidade de alavancar os percentuais da novela \u201cMaria Esperan\u00e7a\u201d, que ficava dividida em duas partes em raz\u00e3o da propaganda eleitoral.<\/p>","protected":false},"excerpt":{"rendered":"<p>Mais uma vez, Silvio Santos ordena mudan\u00e7as na programa\u00e7\u00e3o do SBT, e na roleta de quem sofre a altera\u00e7\u00e3o, o \u2018sorteado\u2019 foi o \u201cPrimeiro Impacto\u201d. Agora, o policialesco segue no ar por sete horas seguidas, com um bloco para S\u00e3o Paulo. Com a amplia\u00e7\u00e3o do programa, Dudu Camargo fica ao vivo de 6h \u00e0s 8h45, [&hellip;]<\/p>\n","protected":false},"author":2,"featured_media":144385,"comment_status":"closed","ping_status":"open","sticky":false,"template":"","format":"standard","meta":{"footnotes":""},"categories":[181],"tags":[9778,403],"class_list":["post-144380","post","type-post","status-publish","format-standard","has-post-thumbnail","hentry","category-televisao","tag-primeiro-impacto","tag-sbt"],"_links":{"self":[{"href":"https:\/\/portalpopmais.com.br\/en\/wp-json\/wp\/v2\/posts\/144380","targetHints":{"allow":["GET"]}}],"collection":[{"href":"https:\/\/portalpopmais.com.br\/en\/wp-json\/wp\/v2\/posts"}],"about":[{"href":"https:\/\/portalpopmais.com.br\/en\/wp-json\/wp\/v2\/types\/post"}],"author":[{"embeddable":true,"href":"https:\/\/portalpopmais.com.br\/en\/wp-json\/wp\/v2\/users\/2"}],"replies":[{"embeddable":true,"href":"https:\/\/portalpopmais.com.br\/en\/wp-json\/wp\/v2\/comments?post=144380"}],"version-history":[{"count":0,"href":"https:\/\/portalpopmais.com.br\/en\/wp-json\/wp\/v2\/posts\/144380\/revisions"}],"wp:featuredmedia":[{"embeddable":true,"href":"https:\/\/portalpopmais.com.br\/en\/wp-json\/wp\/v2\/media\/144385"}],"wp:attachment":[{"href":"https:\/\/portalpopmais.com.br\/en\/wp-json\/wp\/v2\/media?parent=144380"}],"wp:term":[{"taxonomy":"category","embeddable":true,"href":"https:\/\/portalpopmais.com.br\/en\/wp-json\/wp\/v2\/categories?post=144380"},{"taxonomy":"post_tag","embeddable":true,"href":"https:\/\/portalpopmais.com.br\/en\/wp-json\/wp\/v2\/tags?post=144380"}],"curies":[{"name":"wp","href":"https:\/\/api.w.org\/{rel}","templated":true}]}}