{"id":144651,"date":"2022-10-17T19:28:10","date_gmt":"2022-10-17T22:28:10","guid":{"rendered":"https:\/\/portalpopmais.com.br\/?p=144651"},"modified":"2022-10-17T19:45:07","modified_gmt":"2022-10-17T22:45:07","slug":"joao-guilherme-critica-leonardo-apos-seu-pai-anunciar-apoio-a-bolsonaro-esta-cego","status":"publish","type":"post","link":"https:\/\/portalpopmais.com.br\/en\/joao-guilherme-critica-leonardo-apos-seu-pai-anunciar-apoio-a-bolsonaro-esta-cego\/","title":{"rendered":"Jo\u00e3o Guilherme critica Leonardo ap\u00f3s seu pai anunciar apoio a Bolsonaro: \u2018Est\u00e1 cego\u2019"},"content":{"rendered":"<p class=\"wp-block-paragraph\">Na tarde desta segunda (17), ap\u00f3s <strong>Leonardo<\/strong> aparecer ao lado de Bolsonaro para declarar apoio, <strong><a href=\"https:\/\/portalpopmais.com.br\/en\/joao-guilherme-foto-pelado-nude\/\" data-type=\"post\" data-id=\"134636\">Jo\u00e3o Guilherme<\/a><\/strong> detonou o pr\u00f3prio pai nas redes sociais.<\/p>\n\n\n\n<p class=\"wp-block-paragraph\">\u201cHoje to triste. sei bem e a influ\u00eancia do meu pai, ele \u00e9 gigante, querido por tantos\u2026 Mas joga no time errado e est\u00e1 cego\u201d, come\u00e7ou o ator.<\/p>\n\n\n\n<p class=\"wp-block-paragraph\">\u201cDiante de todos os \u00faltimos esc\u00e2ndalos envolvendo o atual mandat\u00e1rio ver algu\u00e9m t\u00e3o importante pra mim declarar apoio dessa forma me enoja. \u00c9 tanta ignor\u00e2ncia que nem sei. \u00c9 como se eu n\u00e3o tivesse minhas duas irm\u00e3s mais velhas que j\u00e1 tiveram 14, 15 anos\u2026 ou minhas sobrinhas\u201d, detonou o <a href=\"http:\/\/twitter.com\/sitepopmais\" target=\"_blank\" rel=\"noopener\">ator<\/a>.<\/p>\n\n\n\n<figure class=\"wp-block-embed is-type-rich is-provider-twitter wp-block-embed-twitter\"><div class=\"wp-block-embed__wrapper\">\n<blockquote class=\"twitter-tweet\" data-width=\"550\" data-dnt=\"true\"><p lang=\"pt\" dir=\"ltr\">Hoje to triste. <br>sei bem e a influ\u00eancia do meu pai, ele \u00e9 gigante, querido por tantos\u2026 Mas joga no time errado e est\u00e1 cego.<\/p>&mdash; J\u0489 (@Joaoguiavila) <a href=\"https:\/\/twitter.com\/Joaoguiavila\/status\/1582098348630478849?ref_src=twsrc%5Etfw\" target=\"_blank\" rel=\"noopener\">October 17, 2022<\/a><\/blockquote><script async src=\"https:\/\/platform.twitter.com\/widgets.js\" charset=\"utf-8\"><\/script>\n<\/div><\/figure>\n\n\n\n<figure class=\"wp-block-embed is-type-rich is-provider-twitter wp-block-embed-twitter\"><div class=\"wp-block-embed__wrapper\">\n<blockquote class=\"twitter-tweet\" data-width=\"550\" data-dnt=\"true\"><p lang=\"pt\" dir=\"ltr\">Como se todas as mortes ligadas ao pouco caso do Governo perante a ci\u00eancia e a vacina\u00e7\u00e3o fossem um s\u00f3 um del\u00edrio.<\/p>&mdash; J\u0489 (@Joaoguiavila) <a href=\"https:\/\/twitter.com\/Joaoguiavila\/status\/1582100175245389824?ref_src=twsrc%5Etfw\" target=\"_blank\" rel=\"noopener\">October 17, 2022<\/a><\/blockquote><script async src=\"https:\/\/platform.twitter.com\/widgets.js\" charset=\"utf-8\"><\/script>\n<\/div><\/figure>\n\n\n\n<p class=\"wp-block-paragraph\">Ap\u00f3s, ele pediu desculpas aos seus seguidores pelo seu pai e disse que o ama. Jo\u00e3o tamb\u00e9m contou que as m\u00e3os de Bolsonaro est\u00e3o cheias de sangue.<\/p>\n\n\n\n<figure class=\"wp-block-embed is-type-rich is-provider-twitter wp-block-embed-twitter\"><div class=\"wp-block-embed__wrapper\">\n<blockquote class=\"twitter-tweet\" data-width=\"550\" data-dnt=\"true\"><p lang=\"pt\" dir=\"ltr\">Pe\u00e7o desculpas pela falta de educa\u00e7\u00e3o e de sensibilidade do meu Pai. Eu amo ele, por isso pe\u00e7o perd\u00e3o.<\/p>&mdash; J\u0489 (@Joaoguiavila) <a href=\"https:\/\/twitter.com\/Joaoguiavila\/status\/1582101054115545088?ref_src=twsrc%5Etfw\" target=\"_blank\" rel=\"noopener\">October 17, 2022<\/a><\/blockquote><script async src=\"https:\/\/platform.twitter.com\/widgets.js\" charset=\"utf-8\"><\/script>\n<\/div><\/figure>\n\n\n\n<figure class=\"wp-block-embed is-type-rich is-provider-twitter wp-block-embed-twitter\"><div class=\"wp-block-embed__wrapper\">\n<blockquote class=\"twitter-tweet\" data-width=\"550\" data-dnt=\"true\"><p lang=\"pt\" dir=\"ltr\">Temem tanto o \u201cPerigo Vermelho\u201d e a m\u00e3o do Bols0n4ro t\u00e1 cheia de sangue.  \ud83e\udd22<\/p>&mdash; J\u0489 (@Joaoguiavila) <a href=\"https:\/\/twitter.com\/Joaoguiavila\/status\/1582105358947844098?ref_src=twsrc%5Etfw\" target=\"_blank\" rel=\"noopener\">October 17, 2022<\/a><\/blockquote><script async src=\"https:\/\/platform.twitter.com\/widgets.js\" charset=\"utf-8\"><\/script>\n<\/div><\/figure>\n\n\n\n<p class=\"wp-block-paragraph\">O ex-namorado da Jade Picon continuou falando e disse que nunca precisou do pai e refor\u00e7ando que foi criado pela m\u00e3e.<\/p>\n\n\n\n<figure class=\"wp-block-embed is-type-rich is-provider-twitter wp-block-embed-twitter\"><div class=\"wp-block-embed__wrapper\">\n<blockquote class=\"twitter-tweet\" data-width=\"550\" data-dnt=\"true\"><p lang=\"pt\" dir=\"ltr\">PENS\u00c3O \u00e9 direito da minha m\u00e3e. Aux\u00edlio pra cuidar da crian\u00e7a que veio ao mundo por duas vias. <br>M\u00e3e e Pai.<\/p>&mdash; J\u0489 (@Joaoguiavila) <a href=\"https:\/\/twitter.com\/Joaoguiavila\/status\/1582113473101561856?ref_src=twsrc%5Etfw\" target=\"_blank\" rel=\"noopener\">October 17, 2022<\/a><\/blockquote><script async src=\"https:\/\/platform.twitter.com\/widgets.js\" charset=\"utf-8\"><\/script>\n<\/div><\/figure>","protected":false},"excerpt":{"rendered":"<p>Na tarde desta segunda (17), ap\u00f3s Leonardo aparecer ao lado de Bolsonaro para declarar apoio, Jo\u00e3o Guilherme detonou o pr\u00f3prio pai nas redes sociais. \u201cHoje to triste. sei bem e a influ\u00eancia do meu pai, ele \u00e9 gigante, querido por tantos\u2026 Mas joga no time errado e est\u00e1 cego\u201d, come\u00e7ou o ator. \u201cDiante de todos [&hellip;]<\/p>\n","protected":false},"author":2,"featured_media":144652,"comment_status":"closed","ping_status":"open","sticky":false,"template":"","format":"standard","meta":{"footnotes":""},"categories":[173],"tags":[2352],"class_list":["post-144651","post","type-post","status-publish","format-standard","has-post-thumbnail","hentry","category-celebridades","tag-joao-guilherme"],"_links":{"self":[{"href":"https:\/\/portalpopmais.com.br\/en\/wp-json\/wp\/v2\/posts\/144651","targetHints":{"allow":["GET"]}}],"collection":[{"href":"https:\/\/portalpopmais.com.br\/en\/wp-json\/wp\/v2\/posts"}],"about":[{"href":"https:\/\/portalpopmais.com.br\/en\/wp-json\/wp\/v2\/types\/post"}],"author":[{"embeddable":true,"href":"https:\/\/portalpopmais.com.br\/en\/wp-json\/wp\/v2\/users\/2"}],"replies":[{"embeddable":true,"href":"https:\/\/portalpopmais.com.br\/en\/wp-json\/wp\/v2\/comments?post=144651"}],"version-history":[{"count":0,"href":"https:\/\/portalpopmais.com.br\/en\/wp-json\/wp\/v2\/posts\/144651\/revisions"}],"wp:featuredmedia":[{"embeddable":true,"href":"https:\/\/portalpopmais.com.br\/en\/wp-json\/wp\/v2\/media\/144652"}],"wp:attachment":[{"href":"https:\/\/portalpopmais.com.br\/en\/wp-json\/wp\/v2\/media?parent=144651"}],"wp:term":[{"taxonomy":"category","embeddable":true,"href":"https:\/\/portalpopmais.com.br\/en\/wp-json\/wp\/v2\/categories?post=144651"},{"taxonomy":"post_tag","embeddable":true,"href":"https:\/\/portalpopmais.com.br\/en\/wp-json\/wp\/v2\/tags?post=144651"}],"curies":[{"name":"wp","href":"https:\/\/api.w.org\/{rel}","templated":true}]}}