{"id":144744,"date":"2022-10-18T12:19:46","date_gmt":"2022-10-18T15:19:46","guid":{"rendered":"https:\/\/portalpopmais.com.br\/?p=144744"},"modified":"2022-10-18T12:20:09","modified_gmt":"2022-10-18T15:20:09","slug":"gusttavo-lima-perde-processo-movido-por-idoso-e-e-condenado-na-justica-entenda","status":"publish","type":"post","link":"https:\/\/portalpopmais.com.br\/en\/gusttavo-lima-perde-processo-movido-por-idoso-e-e-condenado-na-justica-entenda\/","title":{"rendered":"Gusttavo Lima perde processo movido por idoso e \u00e9 condenado na Justi\u00e7a; entenda"},"content":{"rendered":"<p class=\"wp-block-paragraph\">O hit &#8220;Bloqueado&#8221;, de <strong><a href=\"https:\/\/portalpopmais.com.br\/en\/gusttavo-lima-libera-album-buteco-goiania\/\" data-type=\"post\" data-id=\"142725\">Gusttavo Lima<\/a><\/strong>, segue dando dores de cabe\u00e7a para o sertanejo. Na faixa, ele divulga um n\u00famero de telefone, e isso acabou indo parar na Justi\u00e7a. O artista foi processado por expor o contato, causando constrangimento aos <a href=\"http:\/\/twitter.com\/sitepopmais\" target=\"_blank\" rel=\"noopener\">autores<\/a>.<\/p>\n\n\n\n<p class=\"wp-block-paragraph\">Os donos da linha em quest\u00e3o entraram com uma a\u00e7\u00e3o contra o int\u00e9rprete do hit e, desta vez, o idoso Milton Ant\u00f4nio Magalh\u00e3es Fonseca, do Par\u00e1 de Minas (MG), conseguiu uma indeniza\u00e7\u00e3o de R$ 10 mil por danos morais.<\/p>\n\n\n\n<h2 class=\"wp-block-heading\">Veja tamb\u00e9m<\/h2>\n\n\n<ul class=\"wp-block-latest-posts__list is-grid aligncenter wp-block-latest-posts is-layout-flow wp-block-latest-posts-is-layout-flow\"><li><div class=\"wp-block-latest-posts__featured-image aligncenter\"><a href=\"https:\/\/portalpopmais.com.br\/en\/exame-de-dna-revela-se-chico-buarque-e-pai-de-homem-de-64-anos\/\" aria-label=\"Exame de DNA revela se Chico Buarque \u00e9 pai de homem de 64 anos\"><img loading=\"lazy\" decoding=\"async\" width=\"768\" height=\"456\" src=\"https:\/\/portalpopmais.com.br\/wp-content\/uploads\/2025\/09\/Chico-Buarque-768x456.png\" class=\"attachment-medium size-medium wp-post-image\" alt=\"\" style=\"max-width:192px;max-height:114px;\" srcset=\"https:\/\/portalpopmais.com.br\/wp-content\/uploads\/2025\/09\/Chico-Buarque-768x456.png 768w, https:\/\/portalpopmais.com.br\/wp-content\/uploads\/2025\/09\/Chico-Buarque-1170x694.png 1170w, https:\/\/portalpopmais.com.br\/wp-content\/uploads\/2025\/09\/Chico-Buarque-18x10.png 18w\" sizes=\"auto, (max-width: 768px) 100vw, 768px\" title=\"\"><\/a><\/div><a class=\"wp-block-latest-posts__post-title\" href=\"https:\/\/portalpopmais.com.br\/en\/exame-de-dna-revela-se-chico-buarque-e-pai-de-homem-de-64-anos\/\">Exame de DNA revela se Chico Buarque \u00e9 pai de homem de 64 anos<\/a><\/li>\n<li><div class=\"wp-block-latest-posts__featured-image aligncenter\"><a href=\"https:\/\/portalpopmais.com.br\/en\/quem-era-o-musico-mexicano-morto-ao-lado-da-familia-em-cobertura-de-luxo\/\" aria-label=\"Quem era o m\u00fasico mexicano morto ao lado da fam\u00edlia em cobertura de luxo\"><img loading=\"lazy\" decoding=\"async\" width=\"768\" height=\"456\" src=\"https:\/\/portalpopmais.com.br\/wp-content\/uploads\/2026\/09\/saveclip-app_555063932_18533902951002774_7851612078905016613_n-qxttx15tncyq-768x456.jpg\" class=\"attachment-medium size-medium wp-post-image\" alt=\"\" style=\"max-width:192px;max-height:114px;\" srcset=\"https:\/\/portalpopmais.com.br\/wp-content\/uploads\/2026\/09\/saveclip-app_555063932_18533902951002774_7851612078905016613_n-qxttx15tncyq-768x456.jpg 768w, https:\/\/portalpopmais.com.br\/wp-content\/uploads\/2026\/09\/saveclip-app_555063932_18533902951002774_7851612078905016613_n-qxttx15tncyq-18x12.jpg 18w\" sizes=\"auto, (max-width: 768px) 100vw, 768px\" title=\"\"><\/a><\/div><a class=\"wp-block-latest-posts__post-title\" href=\"https:\/\/portalpopmais.com.br\/en\/quem-era-o-musico-mexicano-morto-ao-lado-da-familia-em-cobertura-de-luxo\/\">Quem era o m\u00fasico mexicano morto ao lado da fam\u00edlia em cobertura de luxo<\/a><\/li>\n<li><div class=\"wp-block-latest-posts__featured-image aligncenter\"><a href=\"https:\/\/portalpopmais.com.br\/en\/amigo-de-titina-medeiros-ator-e-produtor-marcilio-amorim-morre-aos-48-anos-dias-apos-homenagem-a-atriz\/\" aria-label=\"Amigo de Titina Medeiros, ator e produtor Marc\u00edlio Amorim morre aos 48 anos dias ap\u00f3s homenagem \u00e0 atriz\"><img loading=\"lazy\" decoding=\"async\" width=\"768\" height=\"456\" src=\"https:\/\/portalpopmais.com.br\/wp-content\/uploads\/2026\/09\/marcilio-amorim-e-titina-medeiros-768x456.webp\" class=\"attachment-medium size-medium wp-post-image\" alt=\"\" style=\"max-width:192px;max-height:114px;\" srcset=\"https:\/\/portalpopmais.com.br\/wp-content\/uploads\/2026\/09\/marcilio-amorim-e-titina-medeiros-768x456.webp 768w, https:\/\/portalpopmais.com.br\/wp-content\/uploads\/2026\/09\/marcilio-amorim-e-titina-medeiros-1170x694.webp 1170w, https:\/\/portalpopmais.com.br\/wp-content\/uploads\/2026\/09\/marcilio-amorim-e-titina-medeiros-18x12.webp 18w\" sizes=\"auto, (max-width: 768px) 100vw, 768px\" title=\"\"><\/a><\/div><a class=\"wp-block-latest-posts__post-title\" href=\"https:\/\/portalpopmais.com.br\/en\/amigo-de-titina-medeiros-ator-e-produtor-marcilio-amorim-morre-aos-48-anos-dias-apos-homenagem-a-atriz\/\">Amigo de Titina Medeiros, ator e produtor Marc\u00edlio Amorim morre aos 48 anos dias ap\u00f3s homenagem \u00e0 atriz<\/a><\/li>\n<li><div class=\"wp-block-latest-posts__featured-image aligncenter\"><a href=\"https:\/\/portalpopmais.com.br\/en\/fabiana-justus-cai-em-golpe-ao-reservar-hotel-em-fernando-de-noronha-nao-tinha-como-desconfiar\/\" aria-label=\"Fabiana Justus cai em golpe ao reservar hotel em Fernando de Noronha: &#8220;N\u00e3o tinha como desconfiar&#8221;\"><img loading=\"lazy\" decoding=\"async\" width=\"768\" height=\"456\" src=\"https:\/\/portalpopmais.com.br\/wp-content\/uploads\/2026\/09\/befunky-collage-768x456.jpeg\" class=\"attachment-medium size-medium wp-post-image\" alt=\"\" style=\"max-width:192px;max-height:114px;\" srcset=\"https:\/\/portalpopmais.com.br\/wp-content\/uploads\/2026\/09\/befunky-collage-768x456.jpeg 768w, https:\/\/portalpopmais.com.br\/wp-content\/uploads\/2026\/09\/befunky-collage-18x12.jpeg 18w\" sizes=\"auto, (max-width: 768px) 100vw, 768px\" title=\"\"><\/a><\/div><a class=\"wp-block-latest-posts__post-title\" href=\"https:\/\/portalpopmais.com.br\/en\/fabiana-justus-cai-em-golpe-ao-reservar-hotel-em-fernando-de-noronha-nao-tinha-como-desconfiar\/\">Fabiana Justus cai em golpe ao reservar hotel em Fernando de Noronha: &#8220;N\u00e3o tinha como desconfiar&#8221;<\/a><\/li>\n<li><div class=\"wp-block-latest-posts__featured-image aligncenter\"><a href=\"https:\/\/portalpopmais.com.br\/en\/julio-iglesias-nova-denuncia-agressao-sexual-trabalho-forcado\/\" aria-label=\"Julio Iglesias volta a ser alvo de den\u00fancia por agress\u00e3o sexual e trabalho for\u00e7ado\"><img loading=\"lazy\" decoding=\"async\" width=\"768\" height=\"456\" src=\"https:\/\/portalpopmais.com.br\/wp-content\/uploads\/2026\/01\/julio-iglesias-768x456.jpg\" class=\"attachment-medium size-medium wp-post-image\" alt=\"\" style=\"max-width:192px;max-height:114px;\" srcset=\"https:\/\/portalpopmais.com.br\/wp-content\/uploads\/2026\/01\/julio-iglesias-768x456.jpg 768w, https:\/\/portalpopmais.com.br\/wp-content\/uploads\/2026\/01\/julio-iglesias-1170x694.jpg 1170w, https:\/\/portalpopmais.com.br\/wp-content\/uploads\/2026\/01\/julio-iglesias-18x10.jpg 18w\" sizes=\"auto, (max-width: 768px) 100vw, 768px\" title=\"\"><\/a><\/div><a class=\"wp-block-latest-posts__post-title\" href=\"https:\/\/portalpopmais.com.br\/en\/julio-iglesias-nova-denuncia-agressao-sexual-trabalho-forcado\/\">Julio Iglesias volta a ser alvo de den\u00fancia por agress\u00e3o sexual e trabalho for\u00e7ado<\/a><\/li>\n<li><div class=\"wp-block-latest-posts__featured-image aligncenter\"><a href=\"https:\/\/portalpopmais.com.br\/en\/pedro-scooby-admite-arrependimento-por-expor-briga-com-luana-piovani-nem-era-para-ter-falado\/\" aria-label=\"Pedro Scooby admite arrependimento por expor briga com Luana Piovani: &#8220;Nem era para ter falado&#8221;\"><img loading=\"lazy\" decoding=\"async\" width=\"768\" height=\"456\" src=\"https:\/\/portalpopmais.com.br\/wp-content\/uploads\/2025\/11\/Luana-Piovani-alfineta-Pedro-Scooby-sobre-valor-da-pensao-paga-aos-filhos-768x456.jpg\" class=\"attachment-medium size-medium wp-post-image\" alt=\"Luana Piovani alfineta Pedro Scooby sobre valor da pens\u00e3o paga aos filhos: \u201cbem inferior\u201d\" style=\"max-width:192px;max-height:114px;\" srcset=\"https:\/\/portalpopmais.com.br\/wp-content\/uploads\/2025\/11\/Luana-Piovani-alfineta-Pedro-Scooby-sobre-valor-da-pensao-paga-aos-filhos-768x456.jpg 768w, https:\/\/portalpopmais.com.br\/wp-content\/uploads\/2025\/11\/Luana-Piovani-alfineta-Pedro-Scooby-sobre-valor-da-pensao-paga-aos-filhos-1170x694.jpg 1170w, https:\/\/portalpopmais.com.br\/wp-content\/uploads\/2025\/11\/Luana-Piovani-alfineta-Pedro-Scooby-sobre-valor-da-pensao-paga-aos-filhos-18x10.jpg 18w\" sizes=\"auto, (max-width: 768px) 100vw, 768px\" title=\"\"><\/a><\/div><a class=\"wp-block-latest-posts__post-title\" href=\"https:\/\/portalpopmais.com.br\/en\/pedro-scooby-admite-arrependimento-por-expor-briga-com-luana-piovani-nem-era-para-ter-falado\/\">Pedro Scooby admite arrependimento por expor briga com Luana Piovani: &#8220;Nem era para ter falado&#8221;<\/a><\/li>\n<\/ul>\n\n\n<p class=\"wp-block-paragraph\">O autor do processo alegou que, ap\u00f3s o lan\u00e7amento da m\u00fasica, ele passou a ser importunado com in\u00fameras mensagens e liga\u00e7\u00f5es. O idoso ainda afirmou que n\u00e3o consegue utilizar o telefone celular para finalidade pr\u00f3pria, tamanha quantidade de notifica\u00e7\u00f5es que passou a receber.<\/p>\n\n\n\n<p class=\"wp-block-paragraph\">O processo foi distribu\u00eddo no dia 31 de janeiro deste ano e o resultado foi publicado na \u00faltima sexta-feira (14\/10).<\/p>\n\n\n\n<p class=\"wp-block-paragraph\"><em>&#8220;O requerido Nivaldo Batista Lima deve responder em raz\u00e3o do seu ato de instigar os f\u00e3s ao envio das mensagens e \u00e0s liga\u00e7\u00f5es que foram a causa da perturba\u00e7\u00e3o que atingiu o autor. Nesse aspecto, a conduta do requerido Nivaldo que se revestiu de culpa, uma vez que foi imprudente, considerando que as suas publica\u00e7\u00f5es, em raz\u00e3o do n\u00famero expressivo de seguidores, ganham alcance nacional, despertando rea\u00e7\u00f5es e atitudes diversas&#8221;<\/em>, diz a senten\u00e7a.<\/p>\n\n\n\n<figure class=\"wp-block-embed is-type-video is-provider-youtube wp-block-embed-youtube wp-embed-aspect-16-9 wp-has-aspect-ratio\"><div class=\"wp-block-embed__wrapper\">\n<iframe loading=\"lazy\" title=\"Gusttavo Lima - Bloqueado (Buteco In Boston)\" width=\"880\" height=\"495\" src=\"https:\/\/www.youtube.com\/embed\/14C28JSO-sg?feature=oembed\" frameborder=\"0\" allow=\"accelerometer; autoplay; clipboard-write; encrypted-media; gyroscope; picture-in-picture; web-share\" referrerpolicy=\"strict-origin-when-cross-origin\" allowfullscreen><\/iframe>\n<\/div><\/figure>","protected":false},"excerpt":{"rendered":"<p>O hit &#8220;Bloqueado&#8221;, de Gusttavo Lima, segue dando dores de cabe\u00e7a para o sertanejo. Na faixa, ele divulga um n\u00famero de telefone, e isso acabou indo parar na Justi\u00e7a. O artista foi processado por expor o contato, causando constrangimento aos autores. Os donos da linha em quest\u00e3o entraram com uma a\u00e7\u00e3o contra o int\u00e9rprete do [&hellip;]<\/p>\n","protected":false},"author":2,"featured_media":129177,"comment_status":"closed","ping_status":"open","sticky":false,"template":"","format":"standard","meta":{"footnotes":""},"categories":[154],"tags":[1004],"class_list":["post-144744","post","type-post","status-publish","format-standard","has-post-thumbnail","hentry","category-musica","tag-gusttavo-lima"],"_links":{"self":[{"href":"https:\/\/portalpopmais.com.br\/en\/wp-json\/wp\/v2\/posts\/144744","targetHints":{"allow":["GET"]}}],"collection":[{"href":"https:\/\/portalpopmais.com.br\/en\/wp-json\/wp\/v2\/posts"}],"about":[{"href":"https:\/\/portalpopmais.com.br\/en\/wp-json\/wp\/v2\/types\/post"}],"author":[{"embeddable":true,"href":"https:\/\/portalpopmais.com.br\/en\/wp-json\/wp\/v2\/users\/2"}],"replies":[{"embeddable":true,"href":"https:\/\/portalpopmais.com.br\/en\/wp-json\/wp\/v2\/comments?post=144744"}],"version-history":[{"count":0,"href":"https:\/\/portalpopmais.com.br\/en\/wp-json\/wp\/v2\/posts\/144744\/revisions"}],"wp:featuredmedia":[{"embeddable":true,"href":"https:\/\/portalpopmais.com.br\/en\/wp-json\/wp\/v2\/media\/129177"}],"wp:attachment":[{"href":"https:\/\/portalpopmais.com.br\/en\/wp-json\/wp\/v2\/media?parent=144744"}],"wp:term":[{"taxonomy":"category","embeddable":true,"href":"https:\/\/portalpopmais.com.br\/en\/wp-json\/wp\/v2\/categories?post=144744"},{"taxonomy":"post_tag","embeddable":true,"href":"https:\/\/portalpopmais.com.br\/en\/wp-json\/wp\/v2\/tags?post=144744"}],"curies":[{"name":"wp","href":"https:\/\/api.w.org\/{rel}","templated":true}]}}