{"id":144989,"date":"2022-10-19T20:15:11","date_gmt":"2022-10-19T23:15:11","guid":{"rendered":"https:\/\/portalpopmais.com.br\/?p=144989"},"modified":"2022-10-19T20:20:40","modified_gmt":"2022-10-19T23:20:40","slug":"magico-infarta-durante-apresentacao","status":"publish","type":"post","link":"https:\/\/portalpopmais.com.br\/en\/magico-infarta-durante-apresentacao\/","title":{"rendered":"M\u00e1gico infarta durante apresenta\u00e7\u00e3o, morre e p\u00fablico pensa que faz parte do show"},"content":{"rendered":"<p>O m\u00e1gico Arsenio Puro sofreu um infarto e morreu durante um show em Madrid, capital da Espanha. O p\u00fablico que acompanhava a apresenta\u00e7\u00e3o ignorou o fato, pois achava que a situa\u00e7\u00e3o fazia parte do espet\u00e1culo.<\/p>\n\n\n\n<p>O ilusionista conhecido por toda a Europa ap\u00f3s participar do reality show &#8216;Got Talent&#8217;, em 2019. Na ocasi\u00e3o, o artista chegou at\u00e9 uma das fases finais do programa.<\/p>\n\n\n\n<p>Arsenio tinha 46 anos, foi socorrido, mas ao chegar no hospital n\u00e3o resistiu e faleceu minutos depois.<\/p>\n\n\n\n<p>Veja uma das apresenta\u00e7\u00f5es do m\u00e1gico no &#8216;Got Talent&#8217;<\/p>\n\n\n\n<p><iframe loading=\"lazy\" title=\"Sus padres no cre\u00edan en su magia y se lleva el s\u00ed del jurado | Audiciones 4 | Got Talent Espa\u00f1a 2019\" width=\"880\" height=\"495\" src=\"https:\/\/www.youtube.com\/embed\/8JbGTdY6V54?feature=oembed\" frameborder=\"0\" allow=\"accelerometer; autoplay; clipboard-write; encrypted-media; gyroscope; picture-in-picture; web-share\" referrerpolicy=\"strict-origin-when-cross-origin\" allowfullscreen><\/iframe><\/p>","protected":false},"excerpt":{"rendered":"<p>O m\u00e1gico Arsenio Puro sofreu um infarto e morreu durante um show em Madrid, capital da Espanha. O p\u00fablico que acompanhava a apresenta\u00e7\u00e3o ignorou o fato, pois achava que a situa\u00e7\u00e3o fazia parte do espet\u00e1culo. O ilusionista conhecido por toda a Europa ap\u00f3s participar do reality show &#8216;Got Talent&#8217;, em 2019. Na ocasi\u00e3o, o artista [&hellip;]<\/p>\n","protected":false},"author":3,"featured_media":144997,"comment_status":"closed","ping_status":"open","sticky":false,"template":"","format":"standard","meta":{"footnotes":""},"categories":[2165],"tags":[],"class_list":["post-144989","post","type-post","status-publish","format-standard","has-post-thumbnail","hentry","category-noticias"],"_links":{"self":[{"href":"https:\/\/portalpopmais.com.br\/en\/wp-json\/wp\/v2\/posts\/144989","targetHints":{"allow":["GET"]}}],"collection":[{"href":"https:\/\/portalpopmais.com.br\/en\/wp-json\/wp\/v2\/posts"}],"about":[{"href":"https:\/\/portalpopmais.com.br\/en\/wp-json\/wp\/v2\/types\/post"}],"author":[{"embeddable":true,"href":"https:\/\/portalpopmais.com.br\/en\/wp-json\/wp\/v2\/users\/3"}],"replies":[{"embeddable":true,"href":"https:\/\/portalpopmais.com.br\/en\/wp-json\/wp\/v2\/comments?post=144989"}],"version-history":[{"count":0,"href":"https:\/\/portalpopmais.com.br\/en\/wp-json\/wp\/v2\/posts\/144989\/revisions"}],"wp:featuredmedia":[{"embeddable":true,"href":"https:\/\/portalpopmais.com.br\/en\/wp-json\/wp\/v2\/media\/144997"}],"wp:attachment":[{"href":"https:\/\/portalpopmais.com.br\/en\/wp-json\/wp\/v2\/media?parent=144989"}],"wp:term":[{"taxonomy":"category","embeddable":true,"href":"https:\/\/portalpopmais.com.br\/en\/wp-json\/wp\/v2\/categories?post=144989"},{"taxonomy":"post_tag","embeddable":true,"href":"https:\/\/portalpopmais.com.br\/en\/wp-json\/wp\/v2\/tags?post=144989"}],"curies":[{"name":"wp","href":"https:\/\/api.w.org\/{rel}","templated":true}]}}