{"id":145089,"date":"2022-10-20T10:52:06","date_gmt":"2022-10-20T13:52:06","guid":{"rendered":"https:\/\/portalpopmais.com.br\/?p=145089"},"modified":"2022-10-20T10:52:13","modified_gmt":"2022-10-20T13:52:13","slug":"lucas-humilha-ruivinha-de-marte-videos","status":"publish","type":"post","link":"https:\/\/portalpopmais.com.br\/en\/lucas-humilha-ruivinha-de-marte-videos\/","title":{"rendered":"A Fazenda 14: Ruivinha de Marte chora ap\u00f3s ser humilhada por Lucas: &#8220;Maldade&#8221;; veja os v\u00eddeos"},"content":{"rendered":"<p class=\"wp-block-paragraph\">Nesta quinta-feira (20), o Fazendeiro da semana <strong><a href=\"https:\/\/portalpopmais.com.br\/en\/record-decide-nao-expulsar-lucas-santos\/\" data-type=\"post\" data-id=\"140482\">Lucas Santos<\/a><\/strong>, distribuiu as taferas entre os pe\u00f5es e deu o que falar ap\u00f3s humilhar a influenciadora Ruivinha de Marte na frente de todos os colegas de confinamento, em &#8220;A Fazenda 14&#8221;. <\/p>\n\n\n\n<p class=\"wp-block-paragraph\">Ao delegar a fun\u00e7\u00e3o para a peoa, Lucas disse que ela iria \u201ctrabalhar para quem sabe aprender que uma hora tem 60 minutos\u201d, se referindo ao erro que ela cometeu na din\u00e2mica da <a href=\"http:\/\/twitter.com\/sitepopmais\" target=\"_blank\" rel=\"noopener\">prova<\/a> de ontem (19).<\/p>\n\n\n\n<h2 class=\"wp-block-heading\">Veja tamb\u00e9m<\/h2>\n\n\n<ul class=\"wp-block-latest-posts__list is-grid aligncenter wp-block-latest-posts is-layout-flow wp-block-latest-posts-is-layout-flow\"><li><div class=\"wp-block-latest-posts__featured-image aligncenter\"><a href=\"https:\/\/portalpopmais.com.br\/en\/a-fazenda-18-estreia-com-eliminacao\/\" aria-label=\"&#8216;A Fazenda 18&#8217; estreia com elimina\u00e7\u00e3o dupla e promete reviravolta in\u00e9dita; veja como ser\u00e1 a din\u00e2mica\"><img loading=\"lazy\" decoding=\"async\" width=\"768\" height=\"456\" src=\"https:\/\/portalpopmais.com.br\/wp-content\/uploads\/2025\/09\/adriane-galisteu-a-fazenda-17-768x456.jpg\" class=\"attachment-medium size-medium wp-post-image\" alt=\"a fazenda 17 adriane galisteu fazendeiro\" style=\"\" srcset=\"https:\/\/portalpopmais.com.br\/wp-content\/uploads\/2025\/09\/adriane-galisteu-a-fazenda-17-768x456.jpg 768w, https:\/\/portalpopmais.com.br\/wp-content\/uploads\/2025\/09\/adriane-galisteu-a-fazenda-17-1170x694.jpg 1170w, https:\/\/portalpopmais.com.br\/wp-content\/uploads\/2025\/09\/adriane-galisteu-a-fazenda-17-18x10.jpg 18w\" sizes=\"auto, (max-width: 768px) 100vw, 768px\" title=\"\"><\/a><\/div><a class=\"wp-block-latest-posts__post-title\" href=\"https:\/\/portalpopmais.com.br\/en\/a-fazenda-18-estreia-com-eliminacao\/\">&#8216;A Fazenda 18&#8217; estreia com elimina\u00e7\u00e3o dupla e promete reviravolta in\u00e9dita; veja como ser\u00e1 a din\u00e2mica<\/a><\/li>\n<li><div class=\"wp-block-latest-posts__featured-image aligncenter\"><a href=\"https:\/\/portalpopmais.com.br\/en\/brasileira-expulsa-de-reality-argentina\/\" aria-label=\"Quem \u00e9 a brasileira expulsa de reality na Argentina ap\u00f3s confus\u00e3o\"><img loading=\"lazy\" decoding=\"async\" width=\"768\" height=\"456\" src=\"https:\/\/portalpopmais.com.br\/wp-content\/uploads\/2026\/08\/brasileira-expulsa-reality-argentina-portalpopmais-768x456.png\" class=\"attachment-medium size-medium wp-post-image\" alt=\"brasileira expulsa reality argentina portalpopmais\" style=\"\" srcset=\"https:\/\/portalpopmais.com.br\/wp-content\/uploads\/2026\/08\/brasileira-expulsa-reality-argentina-portalpopmais-768x456.png 768w, https:\/\/portalpopmais.com.br\/wp-content\/uploads\/2026\/08\/brasileira-expulsa-reality-argentina-portalpopmais-1170x694.png 1170w, https:\/\/portalpopmais.com.br\/wp-content\/uploads\/2026\/08\/brasileira-expulsa-reality-argentina-portalpopmais-18x10.png 18w\" sizes=\"auto, (max-width: 768px) 100vw, 768px\" title=\"\"><\/a><\/div><a class=\"wp-block-latest-posts__post-title\" href=\"https:\/\/portalpopmais.com.br\/en\/brasileira-expulsa-de-reality-argentina\/\">Quem \u00e9 a brasileira expulsa de reality na Argentina ap\u00f3s confus\u00e3o<\/a><\/li>\n<li><div class=\"wp-block-latest-posts__featured-image aligncenter\"><a href=\"https:\/\/portalpopmais.com.br\/en\/quem-e-lucas-cardoso-participante-do-rancho-maia-que-viralizou\/\" aria-label=\"Quem \u00e9 Lucas Cardoso, participante do Rancho Maia que viralizou\"><img loading=\"lazy\" decoding=\"async\" width=\"768\" height=\"456\" src=\"https:\/\/portalpopmais.com.br\/wp-content\/uploads\/2026\/08\/lucas-cardoso-768x456.png\" class=\"attachment-medium size-medium wp-post-image\" alt=\"lucas cardoso\" style=\"\" title=\"\"><\/a><\/div><a class=\"wp-block-latest-posts__post-title\" href=\"https:\/\/portalpopmais.com.br\/en\/quem-e-lucas-cardoso-participante-do-rancho-maia-que-viralizou\/\">Quem \u00e9 Lucas Cardoso, participante do Rancho Maia que viralizou<\/a><\/li>\n<li><div class=\"wp-block-latest-posts__featured-image aligncenter\"><a href=\"https:\/\/portalpopmais.com.br\/en\/davi-brito-desiste-luta-rico-melquiades\/\" aria-label=\"Davi Brito vira &#8220;piada&#8221; na web ap\u00f3s desistir de luta contra Rico Melquiades\"><img loading=\"lazy\" decoding=\"async\" width=\"768\" height=\"456\" src=\"https:\/\/portalpopmais.com.br\/wp-content\/uploads\/2026\/08\/Davi-Brito-vira-piada-na-web-apos-desistir-de-luta-contra-Rico-Melquiades-768x456.png\" class=\"attachment-medium size-medium wp-post-image\" alt=\"Davi Brito vira piada na web ap\u00f3s desistir de luta contra Rico Melquiades\" style=\"\" srcset=\"https:\/\/portalpopmais.com.br\/wp-content\/uploads\/2026\/08\/Davi-Brito-vira-piada-na-web-apos-desistir-de-luta-contra-Rico-Melquiades-768x456.png 768w, https:\/\/portalpopmais.com.br\/wp-content\/uploads\/2026\/08\/Davi-Brito-vira-piada-na-web-apos-desistir-de-luta-contra-Rico-Melquiades-1170x694.png 1170w, https:\/\/portalpopmais.com.br\/wp-content\/uploads\/2026\/08\/Davi-Brito-vira-piada-na-web-apos-desistir-de-luta-contra-Rico-Melquiades-18x10.png 18w\" sizes=\"auto, (max-width: 768px) 100vw, 768px\" title=\"\"><\/a><\/div><a class=\"wp-block-latest-posts__post-title\" href=\"https:\/\/portalpopmais.com.br\/en\/davi-brito-desiste-luta-rico-melquiades\/\">Davi Brito vira &#8220;piada&#8221; na web ap\u00f3s desistir de luta contra Rico Melquiades<\/a><\/li>\n<li><div class=\"wp-block-latest-posts__featured-image aligncenter\"><a href=\"https:\/\/portalpopmais.com.br\/en\/personal-carlinhos-maia-observa-machdove-banho\/\" aria-label=\"&#8220;H\u00e9tero&#8221;, personal de Carlinhos Maia \u00e9 flagrado observando banho de MachDove\"><img loading=\"lazy\" decoding=\"async\" width=\"768\" height=\"456\" src=\"https:\/\/portalpopmais.com.br\/wp-content\/uploads\/2026\/08\/personal-carlinhos-maia-observa-machdove-banho-768x456.png\" class=\"attachment-medium size-medium wp-post-image\" alt=\"personal carlinhos maia observa machdove banho\" style=\"\" srcset=\"https:\/\/portalpopmais.com.br\/wp-content\/uploads\/2026\/08\/personal-carlinhos-maia-observa-machdove-banho-768x456.png 768w, https:\/\/portalpopmais.com.br\/wp-content\/uploads\/2026\/08\/personal-carlinhos-maia-observa-machdove-banho-1170x694.png 1170w, https:\/\/portalpopmais.com.br\/wp-content\/uploads\/2026\/08\/personal-carlinhos-maia-observa-machdove-banho-18x10.png 18w\" sizes=\"auto, (max-width: 768px) 100vw, 768px\" title=\"\"><\/a><\/div><a class=\"wp-block-latest-posts__post-title\" href=\"https:\/\/portalpopmais.com.br\/en\/personal-carlinhos-maia-observa-machdove-banho\/\">&#8220;H\u00e9tero&#8221;, personal de Carlinhos Maia \u00e9 flagrado observando banho de MachDove<\/a><\/li>\n<li><div class=\"wp-block-latest-posts__featured-image aligncenter\"><a href=\"https:\/\/portalpopmais.com.br\/en\/video-andressa-urach-e-mc-mirella-protagonizam-barraco-e-partem-para-agressao\/\" aria-label=\"V\u00eddeo: Andressa Urach e MC Mirella protagonizam barraco e partem para agress\u00e3o\"><img loading=\"lazy\" decoding=\"async\" width=\"768\" height=\"456\" src=\"https:\/\/portalpopmais.com.br\/wp-content\/uploads\/2026\/08\/video-briga-urach-mirella-rancho-maia-768x456.png\" class=\"attachment-medium size-medium wp-post-image\" alt=\"video briga urach mirella rancho maia\" style=\"\" srcset=\"https:\/\/portalpopmais.com.br\/wp-content\/uploads\/2026\/08\/video-briga-urach-mirella-rancho-maia-768x456.png 768w, https:\/\/portalpopmais.com.br\/wp-content\/uploads\/2026\/08\/video-briga-urach-mirella-rancho-maia-1170x694.png 1170w\" sizes=\"auto, (max-width: 768px) 100vw, 768px\" title=\"\"><\/a><\/div><a class=\"wp-block-latest-posts__post-title\" href=\"https:\/\/portalpopmais.com.br\/en\/video-andressa-urach-e-mc-mirella-protagonizam-barraco-e-partem-para-agressao\/\">V\u00eddeo: Andressa Urach e MC Mirella protagonizam barraco e partem para agress\u00e3o<\/a><\/li>\n<\/ul>\n\n\n<p class=\"wp-block-paragraph\">Ruivinha pediu para que ele parasse com o ataque, mas Lucas, em tom de arrog\u00e2ncia, &#8220;ordenou&#8221; que ela calasse a boca. <em>\u201cVoc\u00ea mesma se humilhou ao vivo. Quando voc\u00ea botar o chap\u00e9u, a\u00ed voc\u00ea fala alguma coisa, quem vai falar agora sou eu\u201d,<\/em> disparou.<\/p>\n\n\n\n<p class=\"wp-block-paragraph\">O ex-SBT seguiu, e perguntou com quem ela gostaria de dividir o trato dos animais. Ao citar o nome de Iran Malfitano, Lucas deu risada e disparou: <em>\u201cResposta errada! Vai ser a Deborah!\u201d<\/em>. <\/p>\n\n\n\n<p class=\"wp-block-paragraph\">Um pouco depois, Ruivinha se mostrou abalada com tamanha humilha\u00e7\u00e3o e come\u00e7ou a chorar.<em> \u201cEu n\u00e3o estou acreditando que ele me humilhou na frente de todo mundo. Eu fico passada com a maldade\u201d<\/em>, desabafou.<\/p>\n\n\n\n<p class=\"wp-block-paragraph\">Nas redes sociais, os internautas acompanharam o sentimento da influenciadora e detonaram Lucas. <em>\u201c\u00c9 n\u00edtido que o choro \u00e9 por causa da humilha\u00e7\u00e3o que o Lucas fez. Chamando de burra porque errou os minutos de uma hora e a trollagem de escolher uma pessoa para ajuda. Realmente, o cara foi escroto e todos do grupo A rindo e se divertindo\u201d<\/em>, disse uma.<\/p>\n\n\n\n<p class=\"wp-block-paragraph\">\u201c<em>Toda vez que ela fala come\u00e7am a rir. S\u00e9rio que voc\u00eas n\u00e3o se sentem mal com isso? \u00c9 extremamente desconfort\u00e1vel. Vai al\u00e9m de jogo isso. A forma que tratam ela n\u00e3o \u00e9 por jogo, \u00e9 com desprezo mesmo, simplesmente eles tem prazer de ver ela mal. S\u00f3 isso\u201d,<\/em> comentou outra.<\/p>\n\n\n\n<figure class=\"wp-block-embed is-type-rich is-provider-twitter wp-block-embed-twitter\"><div class=\"wp-block-embed__wrapper\">\n<blockquote class=\"twitter-tweet\" data-width=\"550\" data-dnt=\"true\"><p lang=\"pt\" dir=\"ltr\">Pra quem n\u00e3o entendeu o motivo do choro dela: <a href=\"https:\/\/twitter.com\/hashtag\/AFazenda?src=hash&amp;ref_src=twsrc%5Etfw\" target=\"_blank\" rel=\"noopener\">#AFazenda<\/a> <br><br> <a href=\"https:\/\/t.co\/b6uwGAmEIQ\">https:\/\/t.co\/b6uwGAmEIQ<\/a><\/p>&mdash; Dantas (@Dantinhas) <a href=\"https:\/\/twitter.com\/Dantinhas\/status\/1583049577326071808?ref_src=twsrc%5Etfw\" target=\"_blank\" rel=\"noopener\">October 20, 2022<\/a><\/blockquote><script async src=\"https:\/\/platform.twitter.com\/widgets.js\" charset=\"utf-8\"><\/script>\n<\/div><\/figure>\n\n\n\n<figure class=\"wp-block-embed is-type-rich is-provider-twitter wp-block-embed-twitter\"><div class=\"wp-block-embed__wrapper\">\n<blockquote class=\"twitter-tweet\" data-width=\"550\" data-dnt=\"true\"><p lang=\"pt\" dir=\"ltr\">Lucas seguiu sacaneando Ruivinha na delega\u00e7\u00e3o das tarefas. <a href=\"https:\/\/twitter.com\/hashtag\/AFazenda?src=hash&amp;ref_src=twsrc%5Etfw\" target=\"_blank\" rel=\"noopener\">#AFazenda<\/a> <br><br> <a href=\"https:\/\/t.co\/4hN7M5pmHJ\">https:\/\/t.co\/4hN7M5pmHJ<\/a><\/p>&mdash; Dantas (@Dantinhas) <a href=\"https:\/\/twitter.com\/Dantinhas\/status\/1583040077781168133?ref_src=twsrc%5Etfw\" target=\"_blank\" rel=\"noopener\">October 20, 2022<\/a><\/blockquote><script async src=\"https:\/\/platform.twitter.com\/widgets.js\" charset=\"utf-8\"><\/script>\n<\/div><\/figure>\n\n\n\n<figure class=\"wp-block-embed is-type-rich is-provider-twitter wp-block-embed-twitter\"><div class=\"wp-block-embed__wrapper\">\n<blockquote class=\"twitter-tweet\" data-width=\"550\" data-dnt=\"true\"><p lang=\"pt\" dir=\"ltr\">Ap\u00f3s a delega\u00e7\u00e3o das tarefas feita por Lucas, Ruivinha chorou durante o trato da vaca e do touro. <a href=\"https:\/\/twitter.com\/hashtag\/AFazenda?src=hash&amp;ref_src=twsrc%5Etfw\" target=\"_blank\" rel=\"noopener\">#AFazenda<\/a>  <a href=\"https:\/\/t.co\/nHTyHDC0iE\">https:\/\/t.co\/nHTyHDC0iE<\/a><\/p>&mdash; Dantas (@Dantinhas) <a href=\"https:\/\/twitter.com\/Dantinhas\/status\/1583048761143873537?ref_src=twsrc%5Etfw\" target=\"_blank\" rel=\"noopener\">October 20, 2022<\/a><\/blockquote><script async src=\"https:\/\/platform.twitter.com\/widgets.js\" charset=\"utf-8\"><\/script>\n<\/div><\/figure>\n\n\n\n<figure class=\"wp-block-embed is-type-rich is-provider-twitter wp-block-embed-twitter\"><div class=\"wp-block-embed__wrapper\">\n<blockquote class=\"twitter-tweet\" data-width=\"550\" data-dnt=\"true\"><p lang=\"pt\" dir=\"ltr\">Ruivinha sobre Lucas: \u201cEu fico passada com a maldade.\u201d<br>Alex: \u201cMaldade e deboche.\u201d <br>Ruivinha: \u201cMaldade.\u201d <a href=\"https:\/\/twitter.com\/hashtag\/AFazenda?src=hash&amp;ref_src=twsrc%5Etfw\" target=\"_blank\" rel=\"noopener\">#AFazenda<\/a> <br><br> <a href=\"https:\/\/t.co\/6EpWAmiEy1\">https:\/\/t.co\/6EpWAmiEy1<\/a><\/p>&mdash; Dantas (@Dantinhas) <a href=\"https:\/\/twitter.com\/Dantinhas\/status\/1583053630810181633?ref_src=twsrc%5Etfw\" target=\"_blank\" rel=\"noopener\">October 20, 2022<\/a><\/blockquote><script async src=\"https:\/\/platform.twitter.com\/widgets.js\" charset=\"utf-8\"><\/script>\n<\/div><\/figure>\n\n\n\n<figure class=\"wp-block-embed is-type-rich is-provider-twitter wp-block-embed-twitter\"><div class=\"wp-block-embed__wrapper\">\n<blockquote class=\"twitter-tweet\" data-width=\"550\" data-dnt=\"true\"><p lang=\"pt\" dir=\"ltr\">Toda vez  q ela fala come\u00e7am a rir. S\u00e9rio q vcs nao se sentem mal com isso? \u00c9 extremamente desconfort\u00e1vel. Vai alem de jogo isso. A forma q tratam ela nao \u00e9 ppr jogo \u00e9 cm desprezo msm, simplesmente eles tem prazer de ver ela mal. So isso.<\/p>&mdash; ray. (@raylisb0a) <a href=\"https:\/\/twitter.com\/raylisb0a\/status\/1583049899029180421?ref_src=twsrc%5Etfw\" target=\"_blank\" rel=\"noopener\">October 20, 2022<\/a><\/blockquote><script async src=\"https:\/\/platform.twitter.com\/widgets.js\" charset=\"utf-8\"><\/script>\n<\/div><\/figure>","protected":false},"excerpt":{"rendered":"<p>Nesta quinta-feira (20), o Fazendeiro da semana Lucas Santos, distribuiu as taferas entre os pe\u00f5es e deu o que falar ap\u00f3s humilhar a influenciadora Ruivinha de Marte na frente de todos os colegas de confinamento, em &#8220;A Fazenda 14&#8221;. Ao delegar a fun\u00e7\u00e3o para a peoa, Lucas disse que ela iria \u201ctrabalhar para quem sabe [&hellip;]<\/p>\n","protected":false},"author":2,"featured_media":145096,"comment_status":"closed","ping_status":"open","sticky":false,"template":"","format":"standard","meta":{"footnotes":""},"categories":[8605],"tags":[9241,12302,9169],"class_list":["post-145089","post","type-post","status-publish","format-standard","has-post-thumbnail","hentry","category-realities","tag-a-fazenda-14","tag-lucas-santos","tag-ruivinha-de-marte"],"_links":{"self":[{"href":"https:\/\/portalpopmais.com.br\/en\/wp-json\/wp\/v2\/posts\/145089","targetHints":{"allow":["GET"]}}],"collection":[{"href":"https:\/\/portalpopmais.com.br\/en\/wp-json\/wp\/v2\/posts"}],"about":[{"href":"https:\/\/portalpopmais.com.br\/en\/wp-json\/wp\/v2\/types\/post"}],"author":[{"embeddable":true,"href":"https:\/\/portalpopmais.com.br\/en\/wp-json\/wp\/v2\/users\/2"}],"replies":[{"embeddable":true,"href":"https:\/\/portalpopmais.com.br\/en\/wp-json\/wp\/v2\/comments?post=145089"}],"version-history":[{"count":0,"href":"https:\/\/portalpopmais.com.br\/en\/wp-json\/wp\/v2\/posts\/145089\/revisions"}],"wp:featuredmedia":[{"embeddable":true,"href":"https:\/\/portalpopmais.com.br\/en\/wp-json\/wp\/v2\/media\/145096"}],"wp:attachment":[{"href":"https:\/\/portalpopmais.com.br\/en\/wp-json\/wp\/v2\/media?parent=145089"}],"wp:term":[{"taxonomy":"category","embeddable":true,"href":"https:\/\/portalpopmais.com.br\/en\/wp-json\/wp\/v2\/categories?post=145089"},{"taxonomy":"post_tag","embeddable":true,"href":"https:\/\/portalpopmais.com.br\/en\/wp-json\/wp\/v2\/tags?post=145089"}],"curies":[{"name":"wp","href":"https:\/\/api.w.org\/{rel}","templated":true}]}}