{"id":145660,"date":"2022-10-22T07:45:00","date_gmt":"2022-10-22T10:45:00","guid":{"rendered":"https:\/\/portalpopmais.com.br\/?p=145660"},"modified":"2022-10-22T01:05:17","modified_gmt":"2022-10-22T04:05:17","slug":"juliana-paes-negocia-retorno-para-globo","status":"publish","type":"post","link":"https:\/\/portalpopmais.com.br\/en\/juliana-paes-negocia-retorno-para-globo\/","title":{"rendered":"Juliana Paes negocia retorno para a Globo e ter\u00e1 programa pr\u00f3prio; veja detalhes"},"content":{"rendered":"<p>A atriz Juliana Paes est\u00e1 animando as expectativas de um retorno para a <a href=\"https:\/\/portalpopmais.com.br\/en\/emissora-perde-processo-e-e-obrigada-a-pagar-r700-mil-para-autora-de-novelas-famosas\/\" data-type=\"post\" data-id=\"145114\">Globo<\/a>, ap\u00f3s o encerramento de seu contrato fixo. Depois de mais de 20 anos, ela volta para a emissora com novidades, com um programa pr\u00f3prio j\u00e1 com previs\u00e3o de ir ao ar.<\/p>\n\n\n\n<p>As informa\u00e7\u00f5es do jornal <a href=\"https:\/\/twitter.com\/sitepopmais\" data-type=\"URL\" data-id=\"https:\/\/twitter.com\/sitepopmais\" target=\"_blank\" rel=\"noopener\">Extra<\/a> revelam que a partir de 2023, Juliana esteja \u00e0 frente de uma atra\u00e7\u00e3o na grade do canal carioca. O fator determinante para que a Globo batesse o martelo em rela\u00e7\u00e3o aos rumos da nova parceria entre a atriz e a organiza\u00e7\u00e3o \u00e9 o poder de influ\u00eancia com o mercado publicit\u00e1rio.<\/p>\n\n\n\n<p>Mesmo em segredo, as ideias j\u00e1 est\u00e3o saindo do papel, e uma equipe j\u00e1 foi montada para preparar o novo produto para o entretenimento da casa. Vale lembrar que em mar\u00e7o deste ano, ela deixou a TV ap\u00f3s alegar que queria descansar e cuidar mais da sa\u00fade, al\u00e9m de estar mais perto da fam\u00edlia.<\/p>\n\n\n\n<p>A crise havia come\u00e7ado bem antes, at\u00e9 mesmo anterior a crise sanit\u00e1ria global, que chacoalhou os rumos das grava\u00e7\u00f5es das produ\u00e7\u00f5es da Globo. Em 2019, atuando em \u201cA Dona do Peda\u00e7o\u201d, afirmou instabilidades de sa\u00fade durante as grava\u00e7\u00f5es, e fez ressalvas que a Globo sempre deu suporte quanto a isso.<\/p>\n\n\n\n<p>Ela ainda relembrou quando interpretou Bibi, em \u201cA For\u00e7a do Querer\u201d: &#8220;Quando eu fiz a Bibi, que foi uma novela de muito sucesso, j\u00e1 terminei muito cansada, e com uma sensa\u00e7\u00e3o de que eu n\u00e3o estava me cuidando. Acordando sem voz, um cansa\u00e7o que eu n\u00e3o conseguia recuperar em um domingo de descanso, que era o que eu tinha na \u00e9poca&#8221;.<\/p>","protected":false},"excerpt":{"rendered":"<p>A atriz Juliana Paes est\u00e1 animando as expectativas de um retorno para a Globo, ap\u00f3s o encerramento de seu contrato fixo. Depois de mais de 20 anos, ela volta para a emissora com novidades, com um programa pr\u00f3prio j\u00e1 com previs\u00e3o de ir ao ar. As informa\u00e7\u00f5es do jornal Extra revelam que a partir de [&hellip;]<\/p>\n","protected":false},"author":2,"featured_media":145667,"comment_status":"closed","ping_status":"open","sticky":false,"template":"","format":"standard","meta":{"footnotes":""},"categories":[181],"tags":[180,6094],"class_list":["post-145660","post","type-post","status-publish","format-standard","has-post-thumbnail","hentry","category-televisao","tag-globo","tag-juliana-paes"],"_links":{"self":[{"href":"https:\/\/portalpopmais.com.br\/en\/wp-json\/wp\/v2\/posts\/145660","targetHints":{"allow":["GET"]}}],"collection":[{"href":"https:\/\/portalpopmais.com.br\/en\/wp-json\/wp\/v2\/posts"}],"about":[{"href":"https:\/\/portalpopmais.com.br\/en\/wp-json\/wp\/v2\/types\/post"}],"author":[{"embeddable":true,"href":"https:\/\/portalpopmais.com.br\/en\/wp-json\/wp\/v2\/users\/2"}],"replies":[{"embeddable":true,"href":"https:\/\/portalpopmais.com.br\/en\/wp-json\/wp\/v2\/comments?post=145660"}],"version-history":[{"count":0,"href":"https:\/\/portalpopmais.com.br\/en\/wp-json\/wp\/v2\/posts\/145660\/revisions"}],"wp:featuredmedia":[{"embeddable":true,"href":"https:\/\/portalpopmais.com.br\/en\/wp-json\/wp\/v2\/media\/145667"}],"wp:attachment":[{"href":"https:\/\/portalpopmais.com.br\/en\/wp-json\/wp\/v2\/media?parent=145660"}],"wp:term":[{"taxonomy":"category","embeddable":true,"href":"https:\/\/portalpopmais.com.br\/en\/wp-json\/wp\/v2\/categories?post=145660"},{"taxonomy":"post_tag","embeddable":true,"href":"https:\/\/portalpopmais.com.br\/en\/wp-json\/wp\/v2\/tags?post=145660"}],"curies":[{"name":"wp","href":"https:\/\/api.w.org\/{rel}","templated":true}]}}