{"id":145792,"date":"2022-10-24T08:44:42","date_gmt":"2022-10-24T11:44:42","guid":{"rendered":"https:\/\/portalpopmais.com.br\/?p=145792"},"modified":"2022-10-24T12:31:10","modified_gmt":"2022-10-24T15:31:10","slug":"erasmo-carlos-internado-infeccao-pulmonar","status":"publish","type":"post","link":"https:\/\/portalpopmais.com.br\/en\/erasmo-carlos-internado-infeccao-pulmonar\/","title":{"rendered":"Erasmo Carlos \u00e9 internado com infec\u00e7\u00e3o pulmonar; estado de sa\u00fade \u00e9 delicado"},"content":{"rendered":"<p class=\"wp-block-paragraph\">O cantor <strong><a href=\"https:\/\/portalpopmais.com.br\/en\/assessoria-se-pronuncia-apos-roberto-carlos-surtar-com-fa-em-show-perfeccionista\/\" data-type=\"post\" data-id=\"126662\">Erasmo Carlos<\/a><\/strong> foi internado no hospital Barra D&#8217;Or, na Barra da Tijuca, Zona Oeste do Rio de Janeiro com um quadro de infec\u00e7\u00e3o pulmonar. As informa\u00e7\u00f5es s\u00e3o do jornal <a href=\"http:\/\/G1.com.br\" target=\"_blank\" rel=\"noopener\">O Globo<\/a>.<\/p>\n\n\n\n<p class=\"wp-block-paragraph\">De acordo com a publica\u00e7\u00e3o, o estado de sa\u00fade do artista \u00e9 delicado e preocupa os m\u00e9dicos. <\/p>\n\n\n\n<h2 class=\"wp-block-heading\">Veja tamb\u00e9m<\/h2>\n\n\n<ul class=\"wp-block-latest-posts__list is-grid aligncenter wp-block-latest-posts is-layout-flow wp-block-latest-posts-is-layout-flow\"><li><div class=\"wp-block-latest-posts__featured-image aligncenter\"><a href=\"https:\/\/portalpopmais.com.br\/en\/maya-massafera-e-hospitalizada-apos-sofrer-principio-de-avc-em-sao-paulo\/\" aria-label=\"Maya Massafera \u00e9 hospitalizada ap\u00f3s sofrer princ\u00edpio de AVC em S\u00e3o Paulo\"><img loading=\"lazy\" decoding=\"async\" width=\"768\" height=\"456\" src=\"https:\/\/portalpopmais.com.br\/wp-content\/uploads\/2025\/09\/maya-massafera-vai-ser-mae-768x456.jpg\" class=\"attachment-medium size-medium wp-post-image\" alt=\"Maya Massafera revela desafios da transi\u00e7\u00e3o e planos para a maternidade\" style=\"\" srcset=\"https:\/\/portalpopmais.com.br\/wp-content\/uploads\/2025\/09\/maya-massafera-vai-ser-mae-768x456.jpg 768w, https:\/\/portalpopmais.com.br\/wp-content\/uploads\/2025\/09\/maya-massafera-vai-ser-mae-1170x694.jpg 1170w, https:\/\/portalpopmais.com.br\/wp-content\/uploads\/2025\/09\/maya-massafera-vai-ser-mae-18x10.jpg 18w\" sizes=\"auto, (max-width: 768px) 100vw, 768px\" title=\"\"><\/a><\/div><a class=\"wp-block-latest-posts__post-title\" href=\"https:\/\/portalpopmais.com.br\/en\/maya-massafera-e-hospitalizada-apos-sofrer-principio-de-avc-em-sao-paulo\/\">Maya Massafera \u00e9 hospitalizada ap\u00f3s sofrer princ\u00edpio de AVC em S\u00e3o Paulo<\/a><\/li>\n<li><div class=\"wp-block-latest-posts__featured-image aligncenter\"><a href=\"https:\/\/portalpopmais.com.br\/en\/novo-video-lito-sousa-mligare\/\" aria-label=\"Internado, Lito Sousa grava v\u00eddeo e demonstra esperan\u00e7a: &#8220;Vamos presenciar um milagre&#8221;\"><img loading=\"lazy\" decoding=\"async\" width=\"768\" height=\"456\" src=\"https:\/\/portalpopmais.com.br\/wp-content\/uploads\/2026\/08\/lito-sousa-768x456.jpg\" class=\"attachment-medium size-medium wp-post-image\" alt=\"lito sousa\" style=\"\" srcset=\"https:\/\/portalpopmais.com.br\/wp-content\/uploads\/2026\/08\/lito-sousa-768x456.jpg 768w, https:\/\/portalpopmais.com.br\/wp-content\/uploads\/2026\/08\/lito-sousa-1170x694.jpg 1170w, https:\/\/portalpopmais.com.br\/wp-content\/uploads\/2026\/08\/lito-sousa-18x10.jpg 18w\" sizes=\"auto, (max-width: 768px) 100vw, 768px\" title=\"\"><\/a><\/div><a class=\"wp-block-latest-posts__post-title\" href=\"https:\/\/portalpopmais.com.br\/en\/novo-video-lito-sousa-mligare\/\">Internado, Lito Sousa grava v\u00eddeo e demonstra esperan\u00e7a: &#8220;Vamos presenciar um milagre&#8221;<\/a><\/li>\n<li><div class=\"wp-block-latest-posts__featured-image aligncenter\"><a href=\"https:\/\/portalpopmais.com.br\/en\/casamento-da-cantora-nenem-chega-ao-fim-apos-14-anos\/\" aria-label=\"Casamento da cantora Nen\u00e9m chega ao fim ap\u00f3s 14 anos\"><img loading=\"lazy\" decoding=\"async\" width=\"768\" height=\"456\" src=\"https:\/\/portalpopmais.com.br\/wp-content\/uploads\/2026\/08\/casamento-cantora-nenem-chega-ao-fim-768x456.png\" class=\"attachment-medium size-medium wp-post-image\" alt=\"casamento cantora nenem chega ao fim\" style=\"\" srcset=\"https:\/\/portalpopmais.com.br\/wp-content\/uploads\/2026\/08\/casamento-cantora-nenem-chega-ao-fim-768x456.png 768w, https:\/\/portalpopmais.com.br\/wp-content\/uploads\/2026\/08\/casamento-cantora-nenem-chega-ao-fim-1170x694.png 1170w, https:\/\/portalpopmais.com.br\/wp-content\/uploads\/2026\/08\/casamento-cantora-nenem-chega-ao-fim-18x10.png 18w\" sizes=\"auto, (max-width: 768px) 100vw, 768px\" title=\"\"><\/a><\/div><a class=\"wp-block-latest-posts__post-title\" href=\"https:\/\/portalpopmais.com.br\/en\/casamento-da-cantora-nenem-chega-ao-fim-apos-14-anos\/\">Casamento da cantora Nen\u00e9m chega ao fim ap\u00f3s 14 anos<\/a><\/li>\n<li><div class=\"wp-block-latest-posts__featured-image aligncenter\"><a href=\"https:\/\/portalpopmais.com.br\/en\/miss-perdeu-titulo-gravidez-internada\/\" aria-label=\"Miss que perdeu t\u00edtulo por esconder gravidez \u00e9 internada no ES\"><img loading=\"lazy\" decoding=\"async\" width=\"768\" height=\"456\" src=\"https:\/\/portalpopmais.com.br\/wp-content\/uploads\/2026\/08\/Miss-perdeu-titulo-por-conta-de-gravidez-e-internada-portalpopmais-768x456.png\" class=\"attachment-medium size-medium wp-post-image\" alt=\"Miss perdeu t\u00edtulo por conta de gravidez \u00e9 internada portalpopmais\" style=\"\" srcset=\"https:\/\/portalpopmais.com.br\/wp-content\/uploads\/2026\/08\/Miss-perdeu-titulo-por-conta-de-gravidez-e-internada-portalpopmais-768x456.png 768w, https:\/\/portalpopmais.com.br\/wp-content\/uploads\/2026\/08\/Miss-perdeu-titulo-por-conta-de-gravidez-e-internada-portalpopmais-1170x694.png 1170w, https:\/\/portalpopmais.com.br\/wp-content\/uploads\/2026\/08\/Miss-perdeu-titulo-por-conta-de-gravidez-e-internada-portalpopmais-18x10.png 18w\" sizes=\"auto, (max-width: 768px) 100vw, 768px\" title=\"\"><\/a><\/div><a class=\"wp-block-latest-posts__post-title\" href=\"https:\/\/portalpopmais.com.br\/en\/miss-perdeu-titulo-gravidez-internada\/\">Miss que perdeu t\u00edtulo por esconder gravidez \u00e9 internada no ES<\/a><\/li>\n<li><div class=\"wp-block-latest-posts__featured-image aligncenter\"><a href=\"https:\/\/portalpopmais.com.br\/en\/fortuna-de-elon-musk-supera-pib-de-11-paises-da-america-do-sul-veja\/\" aria-label=\"Fortuna de Elon Musk supera PIB de 11 pa\u00edses da Am\u00e9rica do Sul; veja\"><img loading=\"lazy\" decoding=\"async\" width=\"768\" height=\"456\" src=\"https:\/\/portalpopmais.com.br\/wp-content\/uploads\/2022\/04\/elon-musk-ironiza-perda-assinantes-netflix-768x456.jpg\" class=\"attachment-medium size-medium wp-post-image\" alt=\"elon musk ironiza perda assinantes netflix\" style=\"\" title=\"\"><\/a><\/div><a class=\"wp-block-latest-posts__post-title\" href=\"https:\/\/portalpopmais.com.br\/en\/fortuna-de-elon-musk-supera-pib-de-11-paises-da-america-do-sul-veja\/\">Fortuna de Elon Musk supera PIB de 11 pa\u00edses da Am\u00e9rica do Sul; veja<\/a><\/li>\n<li><div class=\"wp-block-latest-posts__featured-image aligncenter\"><a href=\"https:\/\/portalpopmais.com.br\/en\/melody-rebate-rumores-sobre-virgindade-e-nega-rivalidade-com-ana-castela-e-fake\/\" aria-label=\"Melody rebate rumores sobre virgindade e nega rivalidade com Ana Castela: &#8220;\u00c9 fake&#8221;\"><img loading=\"lazy\" decoding=\"async\" width=\"768\" height=\"456\" src=\"https:\/\/portalpopmais.com.br\/wp-content\/uploads\/2026\/02\/Melody-POP-Mais-768x456.png\" class=\"attachment-medium size-medium wp-post-image\" alt=\"Melody - POP Mais\" style=\"\" srcset=\"https:\/\/portalpopmais.com.br\/wp-content\/uploads\/2026\/02\/Melody-POP-Mais-768x456.png 768w, https:\/\/portalpopmais.com.br\/wp-content\/uploads\/2026\/02\/Melody-POP-Mais-1170x694.png 1170w, https:\/\/portalpopmais.com.br\/wp-content\/uploads\/2026\/02\/Melody-POP-Mais-18x10.png 18w\" sizes=\"auto, (max-width: 768px) 100vw, 768px\" title=\"\"><\/a><\/div><a class=\"wp-block-latest-posts__post-title\" href=\"https:\/\/portalpopmais.com.br\/en\/melody-rebate-rumores-sobre-virgindade-e-nega-rivalidade-com-ana-castela-e-fake\/\">Melody rebate rumores sobre virgindade e nega rivalidade com Ana Castela: &#8220;\u00c9 fake&#8221;<\/a><\/li>\n<\/ul>\n\n\n<p class=\"wp-block-paragraph\">Nesta semana, ele havia cancelado dois shows que faria nos Estados Unidos, em Orlando (4 de novembro) e Miami (10 de novembro).<\/p>\n\n\n\n<p class=\"wp-block-paragraph\">Erasmo Carlos ficou internado por mais de uma semana em <a href=\"http:\/\/Portalpopmais.com.br\" target=\"_blank\" rel=\"noopener\">2021<\/a>, ap\u00f3s contrair covid-19.  Na \u00e9poca, o cantor tinha tomado a vacina contra a doen\u00e7a, e ficou na unidade hospitalar apenas como medida de precau\u00e7\u00e3o. <\/p>","protected":false},"excerpt":{"rendered":"<p>O cantor Erasmo Carlos foi internado no hospital Barra D&#8217;Or, na Barra da Tijuca, Zona Oeste do Rio de Janeiro com um quadro de infec\u00e7\u00e3o pulmonar. As informa\u00e7\u00f5es s\u00e3o do jornal O Globo. De acordo com a publica\u00e7\u00e3o, o estado de sa\u00fade do artista \u00e9 delicado e preocupa os m\u00e9dicos. Veja tamb\u00e9m Nesta semana, ele [&hellip;]<\/p>\n","protected":false},"author":2,"featured_media":145794,"comment_status":"closed","ping_status":"open","sticky":false,"template":"","format":"standard","meta":{"footnotes":""},"categories":[173],"tags":[6118],"class_list":["post-145792","post","type-post","status-publish","format-standard","has-post-thumbnail","hentry","category-celebridades","tag-erasmo-carlos"],"_links":{"self":[{"href":"https:\/\/portalpopmais.com.br\/en\/wp-json\/wp\/v2\/posts\/145792","targetHints":{"allow":["GET"]}}],"collection":[{"href":"https:\/\/portalpopmais.com.br\/en\/wp-json\/wp\/v2\/posts"}],"about":[{"href":"https:\/\/portalpopmais.com.br\/en\/wp-json\/wp\/v2\/types\/post"}],"author":[{"embeddable":true,"href":"https:\/\/portalpopmais.com.br\/en\/wp-json\/wp\/v2\/users\/2"}],"replies":[{"embeddable":true,"href":"https:\/\/portalpopmais.com.br\/en\/wp-json\/wp\/v2\/comments?post=145792"}],"version-history":[{"count":0,"href":"https:\/\/portalpopmais.com.br\/en\/wp-json\/wp\/v2\/posts\/145792\/revisions"}],"wp:featuredmedia":[{"embeddable":true,"href":"https:\/\/portalpopmais.com.br\/en\/wp-json\/wp\/v2\/media\/145794"}],"wp:attachment":[{"href":"https:\/\/portalpopmais.com.br\/en\/wp-json\/wp\/v2\/media?parent=145792"}],"wp:term":[{"taxonomy":"category","embeddable":true,"href":"https:\/\/portalpopmais.com.br\/en\/wp-json\/wp\/v2\/categories?post=145792"},{"taxonomy":"post_tag","embeddable":true,"href":"https:\/\/portalpopmais.com.br\/en\/wp-json\/wp\/v2\/tags?post=145792"}],"curies":[{"name":"wp","href":"https:\/\/api.w.org\/{rel}","templated":true}]}}